{"id":334066,"date":"2025-08-21T14:22:12","date_gmt":"2025-08-21T14:22:12","guid":{"rendered":"https:\/\/www.europesays.com\/fr\/334066\/"},"modified":"2025-08-21T14:22:12","modified_gmt":"2025-08-21T14:22:12","slug":"guerre-en-ukraine-la-russie-accusee-de-tortures-sexuelles-horribles-sur-des-civils","status":"publish","type":"post","link":"https:\/\/www.europesays.com\/fr\/334066\/","title":{"rendered":"Guerre en Ukraine : la Russie accus\u00e9e de tortures sexuelles \u00ab horribles \u00bb sur des civils"},"content":{"rendered":"<p class=\"paragraph text_align_left lp-f-body-02\">Plusieurs experts de l\u2019ONU ont d\u00e9nonc\u00e9 aupr\u00e8s de Moscou les tortures sexuelles \u00ab horribles \u00bb auxquelles ont \u00e9t\u00e9 soumis des civils ukrainiens dans <a href=\"https:\/\/www.leparisien.fr\/international\/ukraine\/\" target=\"_blank\" rel=\"noreferrer nofollow noopener\">des r\u00e9gions de l\u2019Ukraine occup\u00e9es par la Russie<\/a>, en pleines <a href=\"https:\/\/www.leparisien.fr\/international\/ukraine\/guerre-en-ukraine-zelensky-conditionne-une-rencontre-avec-poutine-a-un-accord-sur-les-garanties-de-securite-21-08-2025-VVUXLGLD6RD4DNQIPRFWE55O3M.php\" target=\"_blank\" rel=\"noreferrer nofollow noopener\">discussions sur un \u00e9ventuel plan de paix<\/a>. Plus g\u00e9n\u00e9ralement, ils accusent la Russie de mener une \u00ab politique d\u00e9lib\u00e9r\u00e9e et syst\u00e9matique de la torture \u00bb en Ukraine.<\/p>\n<p class=\"paragraph text_align_left lp-f-body-02\">La Rapporteure sp\u00e9ciale sur la torture, Alice Jill Edwards, ainsi que plusieurs autres experts, ont envoy\u00e9 un dossier documentant ces cas \u00e0 la F\u00e9d\u00e9ration de Russie. Il s\u2019agit de 10 <a href=\"https:\/\/www.leparisien.fr\/international\/guerre-en-ukraine-plus-de-12-300-civils-ont-ete-tues-depuis-le-debut-du-conflit-selon-lonu-09-01-2025-ACJCAXKHHBDTHBJI475CJZKOTU.php\" target=\"_blank\" rel=\"noreferrer nofollow noopener\">civils ukrainiens<\/a> \u00ab maltrait\u00e9s dans les r\u00e9gions occup\u00e9es de l\u2019Ukraine, notamment Kherson, Kharkiv et Zaporijjia \u00bb.<\/p>\n<p class=\"paragraph text_align_left lp-f-body-02\">\u00ab Ces accusations distinctes, relatant les exp\u00e9riences de quatre femmes et six hommes, sont v\u00e9ritablement horribles \u00bb, a d\u00e9clar\u00e9 Alice Jill Edwards, qui souligne que ce n\u2019est qu\u2019un \u00ab petit \u00e9chantillon \u00bb. Ces victimes ont \u00e9t\u00e9 soumises \u00e0 \u00ab des violences hautement sexualis\u00e9es, incluant des viols, des menaces de viol et d\u2019autres comportements d\u00e9prav\u00e9s \u00bb, a insist\u00e9 l\u2019experte.<\/p>\n<p>\u00ab Ces civils ont \u00e9t\u00e9 battus, frapp\u00e9s \u00bb<\/p>\n<p class=\"paragraph text_align_left lp-f-body-02\">Dans tous les cas document\u00e9s, des chocs \u00e9lectriques r\u00e9p\u00e9t\u00e9s ont \u00e9t\u00e9 administr\u00e9s, notamment sur les organes g\u00e9nitaux. \u00ab Ces civils ont \u00e9t\u00e9 battus, frapp\u00e9s, band\u00e9s les yeux et, dans certains cas, soumis \u00e0 des simulacres de noyade et des ex\u00e9cutions factices, pr\u00e9cise le communiqu\u00e9 des experts. Ces sp\u00e9cialistes de domaines li\u00e9s au respect des droits humains au sens large sont mandat\u00e9s par le Conseil des droits de l\u2019homme, mais ne parlent pas au nom de l\u2019ONU.<\/p>\n<p class=\"paragraph text_align_left lp-f-body-02\">\u00ab Une r\u00e8gle \u00e9l\u00e9mentaire du droit international de la guerre stipule que les civils doivent \u00eatre prot\u00e9g\u00e9s. La Russie semble avoir abandonn\u00e9 totalement les r\u00e8gles internationales. Il est grand temps qu\u2019elle rende des comptes pour ces pratiques ill\u00e9gales et qu\u2019une pression accrue soit exerc\u00e9e par tous les \u00c9tats ayant de l\u2019influence sur elle \u00bb, a insist\u00e9 l\u2019experte australienne.<\/p>\n<p>Des r\u00e9ponses demand\u00e9es \u00e0 la Russie<\/p>\n<p class=\"paragraph text_align_left lp-f-body-02\">Les experts ont demand\u00e9 au gouvernement russe de fournir \u00ab des informations suppl\u00e9mentaires sur les all\u00e9gations sp\u00e9cifiques, ainsi que sur les mesures g\u00e9n\u00e9rales prises pour pr\u00e9venir la torture et les violences sexuelles perp\u00e9tr\u00e9es par le personnel militaire russe et les personnels auxiliaires, ainsi que par les autorit\u00e9s de renseignement et de d\u00e9tention \u00bb.<\/p>\n<p class=\"paragraph text_align_left lp-f-body-02\">L\u2019une des femmes concern\u00e9es reste d\u00e9tenue dans la F\u00e9d\u00e9ration de Russie et un appel pour sa lib\u00e9ration urgente a \u00e9t\u00e9 lanc\u00e9, pr\u00e9cise le communiqu\u00e9.<\/p>\n","protected":false},"excerpt":{"rendered":"Plusieurs experts de l\u2019ONU ont d\u00e9nonc\u00e9 aupr\u00e8s de Moscou les tortures sexuelles \u00ab horribles \u00bb auxquelles ont \u00e9t\u00e9&hellip;\n","protected":false},"author":2,"featured_media":334067,"comment_status":"","ping_status":"","sticky":false,"template":"","format":"standard","meta":{"footnotes":""},"categories":[1591],"tags":[11,1887,14,12,1885,1886,132,220],"class_list":{"0":"post-334066","1":"post","2":"type-post","3":"status-publish","4":"format-standard","5":"has-post-thumbnail","7":"category-russie","8":"tag-actualites","9":"tag-federation-de-russie","10":"tag-international","11":"tag-news","12":"tag-russia","13":"tag-russian-federation","14":"tag-russie","15":"tag-ukraine"},"share_on_mastodon":{"url":"https:\/\/pubeurope.com\/@fr\/115067207270792028","error":""},"_links":{"self":[{"href":"https:\/\/www.europesays.com\/fr\/wp-json\/wp\/v2\/posts\/334066","targetHints":{"allow":["GET"]}}],"collection":[{"href":"https:\/\/www.europesays.com\/fr\/wp-json\/wp\/v2\/posts"}],"about":[{"href":"https:\/\/www.europesays.com\/fr\/wp-json\/wp\/v2\/types\/post"}],"author":[{"embeddable":true,"href":"https:\/\/www.europesays.com\/fr\/wp-json\/wp\/v2\/users\/2"}],"replies":[{"embeddable":true,"href":"https:\/\/www.europesays.com\/fr\/wp-json\/wp\/v2\/comments?post=334066"}],"version-history":[{"count":0,"href":"https:\/\/www.europesays.com\/fr\/wp-json\/wp\/v2\/posts\/334066\/revisions"}],"wp:featuredmedia":[{"embeddable":true,"href":"https:\/\/www.europesays.com\/fr\/wp-json\/wp\/v2\/media\/334067"}],"wp:attachment":[{"href":"https:\/\/www.europesays.com\/fr\/wp-json\/wp\/v2\/media?parent=334066"}],"wp:term":[{"taxonomy":"category","embeddable":true,"href":"https:\/\/www.europesays.com\/fr\/wp-json\/wp\/v2\/categories?post=334066"},{"taxonomy":"post_tag","embeddable":true,"href":"https:\/\/www.europesays.com\/fr\/wp-json\/wp\/v2\/tags?post=334066"}],"curies":[{"name":"wp","href":"https:\/\/api.w.org\/{rel}","templated":true}]}}