{"id":334074,"date":"2025-08-21T14:26:11","date_gmt":"2025-08-21T14:26:11","guid":{"rendered":"https:\/\/www.europesays.com\/fr\/334074\/"},"modified":"2025-08-21T14:26:11","modified_gmt":"2025-08-21T14:26:11","slug":"allemagne-une-francaise-danse-sur-lautoroute-tout-pres-de-la-frontiere-avec-lalsace","status":"publish","type":"post","link":"https:\/\/www.europesays.com\/fr\/334074\/","title":{"rendered":"Allemagne\u00a0: une Fran\u00e7aise danse sur l&rsquo;autoroute tout pr\u00e8s de la fronti\u00e8re avec l&rsquo;Alsace"},"content":{"rendered":"<p>Les policiers allemands sont intervenus mardi 19 et mercredi 20 aout dans le secteur d&rsquo;Offenbourg pour reconduire une Fran\u00e7aise \u00e0 la fronti\u00e8re. Elle g\u00eanait la circulation. Elle a notamment dans\u00e9 sur l&rsquo;autoroute.<\/p>\n<p>L&rsquo;incident pourrait \u00eatre dr\u00f4le s&rsquo;il n&rsquo;avait pas \u00e9t\u00e9 extr\u00eamement dangereux. Mardi 19 aout, <strong>une automobiliste fran\u00e7aise<\/strong> a arr\u00eat\u00e9 sa voiture sur une autoroute allemande, tout pr\u00e8s de la fronti\u00e8re avec l&rsquo;Alsace. Elle <strong>s&rsquo;est gar\u00e9e en pleine circulation sur l&rsquo;A5 entre la voie de gauche et la voie centrale, et a commenc\u00e9 \u00e0 danser.<\/strong><\/p>\n<p>Agac\u00e9e par la circulation<\/p>\n<p>Des automobilistes sont intervenus pour l&rsquo;\u00e9loigner des voies et la mettre en s\u00e9curit\u00e9 avant l&rsquo;arriv\u00e9e de la police. <strong>Elle a expliqu\u00e9 aux fonctionnaires allemands qu&rsquo;elle \u00e9tait sortie de sa voiture pour danser parce que la circulation l&rsquo;avait \u00e9nerv\u00e9e.<\/strong> La visite m\u00e9dicale a montr\u00e9 qu&rsquo;elle n&rsquo;\u00e9tait pas en d\u00e9tresse psychologique. La voiture a \u00e9t\u00e9 confisqu\u00e9e et son permis retir\u00e9. Une proc\u00e9dure judiciaire est ouverte pour entrave dangereuse \u00e0 la circulation.<\/p>\n<p>Les policiers ont \u00e9t\u00e9 confront\u00e9s \u00e0 la m\u00eame femme le lendemain, toujours en Allemagne, cette fois \u00e0 Offenbourg. <strong>Elle a bloqu\u00e9 la circulation \u00e0 une intersection en s&rsquo;y installant les bras crois\u00e9s.<\/strong> Avec son accord, elle a \u00e9t\u00e9 reconduite \u00e0 la fronti\u00e8re avec la France.<\/p>\n<p>\u00c0 \u00e9couter aussi   <img decoding=\"async\" src=\"https:\/\/www.europesays.com\/fr\/wp-content\/uploads\/2025\/08\/1755786371_68_560x315\" alt=\"La file des voitures sur le pont de l'Europe entre Strasbourg et Kehl avant le passage du point de contr\u00f4le.\" style=\"--_image-preview:url('data:image\/jpeg;base64,\/9j\/2wBDACgcHiMeGSgjISMtKygwPGRBPDc3PHtYXUlkkYCZlo+AjIqgtObDoKrarYqMyP\/L2u71\/\/\/\/m8H\/\/\/\/6\/+b9\/\/j\/2wBDASstLTw1PHZBQXb4pYyl+Pj4+Pj4+Pj4+Pj4+Pj4+Pj4+Pj4+Pj4+Pj4+Pj4+Pj4+Pj4+Pj4+Pj4+Pj4+Pj4+Pj\/wAARCAAXACoDASIAAhEBAxEB\/8QAFwABAQEBAAAAAAAAAAAAAAAAAAIBA\/\/EABgQAQEBAQEAAAAAAAAAAAAAAAABAhES\/8QAFQEBAQAAAAAAAAAAAAAAAAAAAAH\/xAAUEQEAAAAAAAAAAAAAAAAAAAAA\/9oADAMBAAIRAxEAPwDv6PTnay6VHS7RdIumdQX0TFAyotBFZ0gAqLAH\/9k=');\" loading=\"lazy\" fetchpriority=\"low\" aria-hidden=\"true\" class=\"svelte-1pnmlwx rounded\" onload=\"this.__e=event\" onerror=\"this.__e=event\"\/><\/p>\n","protected":false},"excerpt":{"rendered":"Les policiers allemands sont intervenus mardi 19 et mercredi 20 aout dans le secteur d&rsquo;Offenbourg pour reconduire une&hellip;\n","protected":false},"author":2,"featured_media":334075,"comment_status":"","ping_status":"","sticky":false,"template":"","format":"standard","meta":{"footnotes":""},"categories":[1587],"tags":[11,672,1804,1805,1803,1777,674,1801,12,1802],"class_list":{"0":"post-334074","1":"post","2":"type-post","3":"status-publish","4":"format-standard","5":"has-post-thumbnail","7":"category-allemagne","8":"tag-actualites","9":"tag-allemagne","10":"tag-bundesrepublik-deutschland","11":"tag-de","12":"tag-deutschland","13":"tag-eu","14":"tag-europe","15":"tag-germany","16":"tag-news","17":"tag-republique-federale-dallemagne"},"share_on_mastodon":{"url":"https:\/\/pubeurope.com\/@fr\/115067223140780410","error":""},"_links":{"self":[{"href":"https:\/\/www.europesays.com\/fr\/wp-json\/wp\/v2\/posts\/334074","targetHints":{"allow":["GET"]}}],"collection":[{"href":"https:\/\/www.europesays.com\/fr\/wp-json\/wp\/v2\/posts"}],"about":[{"href":"https:\/\/www.europesays.com\/fr\/wp-json\/wp\/v2\/types\/post"}],"author":[{"embeddable":true,"href":"https:\/\/www.europesays.com\/fr\/wp-json\/wp\/v2\/users\/2"}],"replies":[{"embeddable":true,"href":"https:\/\/www.europesays.com\/fr\/wp-json\/wp\/v2\/comments?post=334074"}],"version-history":[{"count":0,"href":"https:\/\/www.europesays.com\/fr\/wp-json\/wp\/v2\/posts\/334074\/revisions"}],"wp:featuredmedia":[{"embeddable":true,"href":"https:\/\/www.europesays.com\/fr\/wp-json\/wp\/v2\/media\/334075"}],"wp:attachment":[{"href":"https:\/\/www.europesays.com\/fr\/wp-json\/wp\/v2\/media?parent=334074"}],"wp:term":[{"taxonomy":"category","embeddable":true,"href":"https:\/\/www.europesays.com\/fr\/wp-json\/wp\/v2\/categories?post=334074"},{"taxonomy":"post_tag","embeddable":true,"href":"https:\/\/www.europesays.com\/fr\/wp-json\/wp\/v2\/tags?post=334074"}],"curies":[{"name":"wp","href":"https:\/\/api.w.org\/{rel}","templated":true}]}}