{"id":334087,"date":"2025-08-21T14:34:11","date_gmt":"2025-08-21T14:34:11","guid":{"rendered":"https:\/\/www.europesays.com\/fr\/334087\/"},"modified":"2025-08-21T14:34:11","modified_gmt":"2025-08-21T14:34:11","slug":"top-14-pour-le-stade-francais-et-le-racing-92-deux-visions-differentes-avant-un-derby-amical","status":"publish","type":"post","link":"https:\/\/www.europesays.com\/fr\/334087\/","title":{"rendered":"Top 14 &#8211; Pour le Stade fran\u00e7ais et le Racing 92, deux visions diff\u00e9rentes avant un derby \u00ab\u00a0amical\u00a0\u00bb"},"content":{"rendered":"<p>\n                Le Racing 92 et le Stade fran\u00e7ais ont choisi de s\u2019affronter en match de pr\u00e9paration, samedi soir \u00e0 Ch\u00e2teauroux au c\u0153ur d\u2019un programme d\u2019\u00e9t\u00e9 qui diff\u00e8re, selon que l\u2019on soit d\u2019un c\u00f4t\u00e9 ou de l\u2019autre du p\u00e9riph\u00e9rique.\n            <\/p>\n<p>Quoi de mieux qu\u2019un derby pour lancer une saison ? Les deux meilleurs ennemis de la r\u00e9gion parisienne ont choisi de s\u2019affronter samedi soir \u00e0 Ch\u00e2teauroux pour lancer, ensemble, leur nouveau projet comptant quelques similitudes. D\u2019abord, les deux clubs sortent d\u2019une saison chaotique o\u00f9 ils ont flirt\u00e9, chacun \u00e0 leur \u00e9chelle, avec la zone de rel\u00e9gation. Ensuite, des deux c\u00f4t\u00e9s, un nouveau manager a \u00e9t\u00e9 mis place, Patrice Collazo au Racing 92, Paul Gustard au Stade fran\u00e7ais. Ces deux-l\u00e0 ont jou\u00e9 les pompiers de services en cours d\u2019ann\u00e9e, avant de se voir confier la reconstruction d\u2019une identit\u00e9.<\/p>\n<p>Mais, dans l\u2019\u00e9dification de leur programme, des choix diff\u00e8rent. Un exemple ? Le Stade fran\u00e7ais a effectu\u00e9 son stage d\u2019avant saison \u00e0 la mi-ao\u00fbt et ne jouera qu\u2019un seul match amical quand ce sera d\u00e9j\u00e0 le second pour le Racing 92, qui s\u2019envolera en suivant en direction du Portugal pour son stage, tout juste avant la reprise du Top 14. \u00ab\u00a0La saison est longue avec pas moins de 30 matchs rien qu\u2019en championnat, se justifie Paul Gustard. Nous avons d\u00e9but\u00e9 la pr\u00e9saison avec des blessures de longue dur\u00e9e datant de la saison derni\u00e8re et des joueurs retenus en s\u00e9lection durant l\u2019\u00e9t\u00e9, que ce soit avec les Fidji, les Tonga, les Samoa ou encore la France. Notre effectif est r\u00e9duit, je voulais donc m\u2019assurer de prot\u00e9ger les joueurs. L\u2019entra\u00eenement est intense. Nous avons d\u00e9j\u00e0 fait beaucoup de combat \u00e0 l\u2019entra\u00eenement et avons eu une s\u00e9ance en opposition r\u00e9elle contre Massy. Nous n\u2019avions pas besoin d\u2019en rajouter.\u00a0\u00bb De l\u2019autre c\u00f4t\u00e9 du p\u00e9riph\u00e9rique, Patrice Collazo explique qu\u2019il n\u2019est pas \u00e0 l\u2019origine de ce choix. \u00ab\u00a0Cela avait \u00e9t\u00e9 d\u00e9cid\u00e9 tr\u00e8s t\u00f4t la saison derni\u00e8re, avant m\u00eame que je n\u2019entre en fonction. Nous nous sommes donc adapt\u00e9s.\u00a0\u00bb \u00c0 une d\u00e9cision datant de l\u2019\u00e8re Stuart Lancaster.<\/p>\n<p>\u00c0 chacun son objectif sur cette rencontre<\/p>\n<p>M\u00eame les objectifs \u00e0 atteindre sur cette rencontre amicale ne se rejoignent pas forc\u00e9ment. \u00ab\u00a0Nous voulons confronter nos syst\u00e8mes face \u00e0 une adversit\u00e9 que nous ne connaissons pas, souligne le technicien anglais. Nous souhaitons aussi observer certains de nos jeunes joueurs du centre de formation. Et puis, cette rencontre fait partie int\u00e9grante de notre pr\u00e9paration physique.\u00a0\u00bb De son c\u00f4t\u00e9, Patrice Collazo, plut\u00f4t satisfait de la premi\u00e8re sortie effectu\u00e9e le 15 ao\u00fbt face \u00e0 Brive et ponctu\u00e9e d\u2019un succ\u00e8s (28-7) attend la confirmation d\u2019un \u00e9tat d\u2019esprit plus tourn\u00e9 vers le collectif qu\u2019il tente d\u2019inoculer depuis la reprise de l\u2019entra\u00eenement. \u00ab\u00a0Sur ce premier match, c\u2019est surtout une mentalit\u00e9 collective qu\u2019on voulait voir avec le staff. Que ce soit dans l\u2019engagement ou dans l\u2019investissement. Nous avons encore des choses \u00e0 am\u00e9liorer, mais nous avons su \u00eatre constants sur l\u2019ensemble du match.\u00a0\u00bb Dans les propos de Collazo, la satisfaction fleure bon. Une satisfaction qu\u2019il esp\u00e8re encore \u00eatre au rendez-vous samedi soir, face \u00e0 une adversit\u00e9 plus dense, plus relev\u00e9e.<\/p>\n","protected":false},"excerpt":{"rendered":"Le Racing 92 et le Stade fran\u00e7ais ont choisi de s\u2019affronter en match de pr\u00e9paration, samedi soir \u00e0&hellip;\n","protected":false},"author":2,"featured_media":334088,"comment_status":"","ping_status":"","sticky":false,"template":"","format":"standard","meta":{"footnotes":""},"categories":[1416],"tags":[1011,27,479,1468,60],"class_list":{"0":"post-334087","1":"post","2":"type-post","3":"status-publish","4":"format-standard","5":"has-post-thumbnail","7":"category-rugby","8":"tag-fr","9":"tag-france","10":"tag-rugby","11":"tag-rugby-football","12":"tag-sports"},"share_on_mastodon":{"url":"https:\/\/pubeurope.com\/@fr\/115067254495399985","error":""},"_links":{"self":[{"href":"https:\/\/www.europesays.com\/fr\/wp-json\/wp\/v2\/posts\/334087","targetHints":{"allow":["GET"]}}],"collection":[{"href":"https:\/\/www.europesays.com\/fr\/wp-json\/wp\/v2\/posts"}],"about":[{"href":"https:\/\/www.europesays.com\/fr\/wp-json\/wp\/v2\/types\/post"}],"author":[{"embeddable":true,"href":"https:\/\/www.europesays.com\/fr\/wp-json\/wp\/v2\/users\/2"}],"replies":[{"embeddable":true,"href":"https:\/\/www.europesays.com\/fr\/wp-json\/wp\/v2\/comments?post=334087"}],"version-history":[{"count":0,"href":"https:\/\/www.europesays.com\/fr\/wp-json\/wp\/v2\/posts\/334087\/revisions"}],"wp:featuredmedia":[{"embeddable":true,"href":"https:\/\/www.europesays.com\/fr\/wp-json\/wp\/v2\/media\/334088"}],"wp:attachment":[{"href":"https:\/\/www.europesays.com\/fr\/wp-json\/wp\/v2\/media?parent=334087"}],"wp:term":[{"taxonomy":"category","embeddable":true,"href":"https:\/\/www.europesays.com\/fr\/wp-json\/wp\/v2\/categories?post=334087"},{"taxonomy":"post_tag","embeddable":true,"href":"https:\/\/www.europesays.com\/fr\/wp-json\/wp\/v2\/tags?post=334087"}],"curies":[{"name":"wp","href":"https:\/\/api.w.org\/{rel}","templated":true}]}}