{"id":334105,"date":"2025-08-21T14:44:10","date_gmt":"2025-08-21T14:44:10","guid":{"rendered":"https:\/\/www.europesays.com\/fr\/334105\/"},"modified":"2025-08-21T14:44:10","modified_gmt":"2025-08-21T14:44:10","slug":"arrivee-de-shana-loustau-nouveau-plateau-ce-qui-vous-attend-dans-tout-beau-tout-n9uf-avec-cyril-hanouna","status":"publish","type":"post","link":"https:\/\/www.europesays.com\/fr\/334105\/","title":{"rendered":"Arriv\u00e9e de Shana Loustau, nouveau plateau&#8230; Ce qui vous attend dans \u00abTout beau tout n9uf\u00bb avec Cyril Hanouna"},"content":{"rendered":"<p><strong>INFO LE FIGARO &#8211; <\/strong>Cinq mois apr\u00e8s l\u2019arr\u00eat de \u00abTouche pas \u00e0 mon poste\u00a0!\u00bb sur C8, le nouveau talk-show de H2O Productions ouvre officiellement ses portes le lundi 1er septembre \u00e0 partir de 18h45 sur W9.<\/p>\n<p class=\"fig-paragraph\">Apr\u00e8s des vacances estivales pass\u00e9es entre Los Angeles et Saint-Tropez, <strong>Cyril Hanouna<\/strong> s\u2019appr\u00eate \u00e0 faire son grand retour \u00e0 la t\u00e9l\u00e9vision le 1er septembre sur W9. La belle histoire de\u00a0<a href=\"https:\/\/tvmag.lefigaro.fr\/programme-tv\/actu-tele\/rien-ne-s-arrete-l-etrange-message-de-cyril-hanouna-qui-n-a-pas-cite-m6-lors-de-la-derniere-de-tpmp-20250327?tblci=GiDGCpADP60zMCA5FKyc6RC8hUD9SLup3WJLaF8drJ34ayDwzEYondK95f_PuoQ9\" target=\"_blank\" data-fig-type=\"NewsFlash\" rel=\"noopener nofollow\" data-gtm-custom-categorie=\"navigation\" data-gtm-custom-action=\"crossclick\" data-gtm-custom-label=\"Contextuel\" data-gtm-event=\"customEventSPE\" data-fig-domain=\"TVMAG\">\u00ab Touche pas \u00e0 mon poste!\u00a0\u00bb s\u2019est arr\u00eat\u00e9e le 27 mars dernier<\/a>\u00a0apr\u00e8s quinze ann\u00e9es d\u2019existence, d\u2019abord sur France 4 puis en access prime time sur C8. L\u2019animateur, avec sa soci\u00e9t\u00e9 de production H2O, en entame une nouvelle sous le nom de <strong>\u00ab Tout beau tout n9uf\u00a0\u00bb<\/strong>.<\/p>\n<p class=\"fig-paragraph\">Les principaux ingr\u00e9dients de ce nouveau talk-show sont peu ou prou ceux qui ont fait le succ\u00e8s de \u00ab TPMP\u00a0\u00bb. W9 d\u00e9crit \u00ab TBT9\u00a0\u00bb comme \u00ab un talk-show populaire\u00a0\u00bb tourn\u00e9 en public avec un seul mot d\u2019ordre \u00ab faire rire, r\u00e9agir et rassembler\u00a0\u00bb. \u00ab \u201cTBT9\u201d est un concentr\u00e9 d\u2019\u00e9nergie, de libert\u00e9 et de bonne humeur dans lequel les news, les chroniques et les happenings les plus surprenants se succ\u00e8dent.\u00a0\u00bb<\/p>\n<p>                                    <a class=\"fig-a11y-skip a11y-hidden\" href=\"#fig-a11y-skip-main-inarticle\"><br \/>\n        Passer la publicit\u00e9<br \/>\n    <\/a><\/p>\n<p class=\"fig-paragraph\">\u00ab Tous les jours \u00e0 20h25, il y aura, avant les gros dossiers people et faits divers, le d\u00e9brief de Baba. Le premier d\u00e9brief portera sur la cha\u00eene T18\u00a0\u00bb, a r\u00e9v\u00e9l\u00e9 Cyril Hanouna qui va \u00e9galement reconduire sa rubrique intitul\u00e9e J\u2019ai zapp\u00e9, j\u2019ai mat\u00e9 (avec un premier focus sur\u00a0<a href=\"http:\/\/tvmag.lefigaro.fr\/programme-tv\/actu-tele\/intervilles-le-jeu-repris-par-nagui-reviendra-en-2026-malgre-des-audiences-en-demi-teinte-20250725\" target=\"_blank\" data-fig-type=\"Article\" rel=\"noopener nofollow\" data-gtm-custom-categorie=\"navigation\" data-gtm-custom-action=\"crossclick\" data-gtm-custom-label=\"Contextuel\" data-gtm-event=\"customEventSPE\" data-fig-domain=\"TVMAG\">\u00ab Intervilles\u00a0\u00bb<\/a>).<\/p>\n<p class=\"fig-body-link\">\n            \u00c0 lire aussi<br \/>\n        <a class=\"fig-body-link__link fig-premium-mark\" href=\"http:\/\/tvmag.lefigaro.fr\/programme-tv\/actu-tele\/cyril-hanouna-je-suis-plus-stresse-avant-un-grand-tournoi-de-padel-qu-avant-un-gros-direct-20230615\" target=\"_blank\" data-fig-type=\"Article\" rel=\"noopener nofollow\" data-gtm-custom-categorie=\"navigation\" data-gtm-custom-action=\"crossclick\" data-gtm-custom-label=\"Contextuel\" data-gtm-event=\"customEventSPE\" data-fig-domain=\"TVMAG\">Son r\u00eave inachev\u00e9, sa passion pour le padel, ses objectifs&#8230; Les rares confidences de Cyril Hanouna<br \/>\n    <\/a>\n<\/p>\n<p>Shana Loustau, retour de Polska, Sasha Elbaz producteur&#8230; Les chroniqueurs de \u00ab Tout beau tout n9uf\u00a0\u00bb<\/p>\n<p class=\"fig-paragraph\">Autour de Cyril Hanouna, neuf chroniqueurs seront chaque soir install\u00e9s \u00e0 la table de \u00ab TBT9\u00a0\u00bb, des anciens et des nouveaux. Les rescap\u00e9s de \u00abTPMP\u00a0\u00bb sont l\u2019incontournable\u00a0<a href=\"http:\/\/tvmag.lefigaro.fr\/programme-tv\/actu-tele\/raymond-aabou-elu-chroniqueur-de-l-annee-de-tpmp-c-est-comme-si-j-etais-champion-de-france-de-football-20240606\" target=\"_blank\" data-fig-type=\"Article\" rel=\"noopener nofollow\" data-gtm-custom-categorie=\"navigation\" data-gtm-custom-action=\"crossclick\" data-gtm-custom-label=\"Contextuel\" data-gtm-event=\"customEventSPE\" data-fig-domain=\"TVMAG\"><strong>Raymond Aabou<\/strong><\/a>, \u00e9lu \u00e0 plusieurs reprises chroniqueur pr\u00e9f\u00e9r\u00e9 des lecteurs de TV Magazine et du Figaro, <strong>Gilles Verdez<\/strong>, <strong>G\u00e9raldine Maillet, Isabelle Morini-Bosc, Val\u00e9rie Bena\u00efm<\/strong> et, occasionnellement,<strong>\u00a0<\/strong><a href=\"https:\/\/tvmag.lefigaro.fr\/programme-tv\/actu-tele\/tout-beau-tout-n9uf-danielle-moreau-rejoint-la-bande-des-chroniqueurs-de-cyril-hanouna-sur-w9-20250818?tblci=GiDGCpADP60zMCA5FKyc6RC8hUD9SLup3WJLaF8drJ34ayDwzEYondK95f_PuoQ9\" target=\"_blank\" data-fig-type=\"Article\" rel=\"noopener nofollow\" data-gtm-custom-categorie=\"navigation\" data-gtm-custom-action=\"crossclick\" data-gtm-custom-label=\"Contextuel\" data-gtm-event=\"customEventSPE\" data-fig-domain=\"TVMAG\"><strong>Danielle Moreau<\/strong><\/a> . Autre retour, celui de\u00a0<a href=\"http:\/\/tvmag.lefigaro.fr\/programme-tv\/actu-tele\/polska-revelation-de-la-saison-de-tpmp-j-avais-peur-en-arrivant-je-n-avais-pas-confiance-en-moi-20240609\" target=\"_blank\" data-fig-type=\"Article\" rel=\"noopener nofollow\" data-gtm-custom-categorie=\"navigation\" data-gtm-custom-action=\"crossclick\" data-gtm-custom-label=\"Contextuel\" data-gtm-event=\"customEventSPE\" data-fig-domain=\"TVMAG\"><strong>Polska<\/strong> qui s\u2019\u00e9tait r\u00e9v\u00e9l\u00e9 ces deux derni\u00e8res ann\u00e9es<\/a>.<\/p>\n<p class=\"fig-paragraph\">Pour la partie people, <strong>Fabien Lec\u0153uvre<\/strong> sera \u00e9galement pr\u00e9sent tandis que <strong>Michel Mary<\/strong> continuera de traiter les faits divers. <strong>Jordan de Luxe<\/strong> va \u00e9galement poursuivre. <strong>Sasha Elbaz<\/strong> (qui d\u00e9veloppe sa cha\u00eene YouTube La Baze) ne tiendra plus sa chronique hebdomadaire L\u2019indic de la r\u00e9dac mais sera le producteur de l\u2019\u00e9mission \u00ab Tout beau tout fun\u00a0\u00bb sur Fun Radio. Et <strong>Andr\u00e9a Buche<\/strong> est conserv\u00e9 pour sa chronique humoristique.<\/p>\n<p class=\"fig-paragraph\">Parmi les anciens chroniqueurs r\u00e9guli\u00e8rement sollicit\u00e9s sur C8, <strong>Jean-Michel Maire<\/strong>, parti s\u2019installer en Tha\u00eflande, ne reviendra pas.\u00a0<a href=\"http:\/\/tvmag.lefigaro.fr\/programme-tv\/actu-tele\/la-journaliste-pascale-de-la-tour-du-pin-arrive-sur-rmc-20250812\" target=\"_blank\" data-fig-type=\"Article\" rel=\"noopener nofollow\" data-gtm-custom-categorie=\"navigation\" data-gtm-custom-action=\"crossclick\" data-gtm-custom-label=\"Contextuel\" data-gtm-event=\"customEventSPE\" data-fig-domain=\"TVMAG\"><strong>Pascale de La Tour du Pin<\/strong><\/a> \u00a0a rejoint RMC pour coanimer le \u00ab 5\/7 Morning\u00a0\u00bb aux c\u00f4t\u00e9s de Matthieu Belliard. <strong>Bernard Montiel <\/strong>a \u00e9galement d\u2019autres projets \u00e0 venir en t\u00e9l\u00e9vision, sur le service public. Pour l\u2019heure, les retours de Kelly Vedovelli, Thomas Gu\u00e9nol\u00e9 et Guillaume Genton ne sont pas d\u2019actualit\u00e9.<\/p>\n<p class=\"fig-paragraph\">Chez les nouveaux, Cyril Hanouna accueille\u00a0<a href=\"https:\/\/www.lefigaro.fr\/politique\/le-scan\/citations\/2014\/08\/22\/25002-20140822ARTFIG00204-olivier-dartigolles-pcf-deplore-une-annee-pourrie-pour-le-front-de-gauche.php\" target=\"_blank\" data-fig-type=\"Article\" rel=\"noopener nofollow\" data-gtm-custom-categorie=\"navigation\" data-gtm-custom-action=\"crossclick\" data-gtm-custom-label=\"Contextuel\" data-gtm-event=\"customEventSPE\" data-fig-domain=\"LEFIGARO\"><strong>Olivier Dartigolles<\/strong><\/a> \u00a0avec qui il a collabor\u00e9 sur Europe 1 dans son \u00e9mission \u00ab On marche sur la t\u00eate\u00a0\u00bb. L\u2019animateur de M6 et de W9, <strong>J\u00e9r\u00f4me Anthony<\/strong>, a accept\u00e9 de rejoindre la bande de \u00ab TBT9\u00a0\u00bb et\u00a0<a href=\"http:\/\/tvmag.lefigaro.fr\/programme-tv\/actu-tele\/je-n-ai-pas-la-culture-de-ce-genre-de-plateau-norbert-tarayre-dement-rejoindre-cyril-hanouna-sur-w9-20250725\" target=\"_blank\" data-fig-type=\"Article\" rel=\"noopener nofollow\" data-gtm-custom-categorie=\"navigation\" data-gtm-custom-action=\"crossclick\" data-gtm-custom-label=\"Contextuel\" data-gtm-event=\"customEventSPE\" data-fig-domain=\"TVMAG\"><strong>Norbert Tarayre<\/strong><\/a> \u00a0appara\u00eetra de temps \u00e0 autre. \u00ab\u00a0<a href=\"http:\/\/tvmag.lefigaro.fr\/programme-tv\/actu-tele\/tout-beau-tout-n9uf-cyril-hanouna-annonce-l-arrivee-d-un-chroniqueur-tres-particulier-des-la-rentree-20250813\" target=\"_blank\" data-fig-type=\"Article\" rel=\"noopener nofollow\" data-gtm-custom-categorie=\"navigation\" data-gtm-custom-action=\"crossclick\" data-gtm-custom-label=\"Contextuel\" data-gtm-event=\"customEventSPE\" data-fig-domain=\"TVMAG\">Il y aura un chroniqueur Chat GPT<\/a> \u00a0\u00bb, a par ailleurs annonc\u00e9 Cyril Hanouna en qualifiant son nouveau talk de \u00ab seule \u00e9mission 3.0\u00a0\u00bb.<\/p>\n<p>                                    <a class=\"fig-a11y-skip a11y-hidden\" href=\"#fig-a11y-skip-main-inarticle_mtf\"><br \/>\n        Passer la publicit\u00e9<br \/>\n    <\/a><\/p>\n<p class=\"fig-paragraph\">Enfin, comme l\u2019avait annonc\u00e9 notre confr\u00e8re Cl\u00e9ment Garin et que nous sommes en mesure de confirmer, la journaliste\u00a0<a href=\"http:\/\/tvmag.lefigaro.fr\/programme-tv\/actu-tele\/vous-allez-tous-beaucoup-me-manquer-une-figure-de-la-matinale-de-cnews-fait-ses-adieux-a-la-chaine-20250711\" target=\"_blank\" data-fig-type=\"Article\" rel=\"noopener nofollow\" data-gtm-custom-categorie=\"navigation\" data-gtm-custom-action=\"crossclick\" data-gtm-custom-label=\"Contextuel\" data-gtm-event=\"customEventSPE\" data-fig-domain=\"TVMAG\"><strong>Shana Loustau<\/strong><\/a>, qui a quitt\u00e9 CNews en juillet dernier apr\u00e8s quatre ann\u00e9es \u00e0 la pr\u00e9sentation de la matinale, sera \u00e0 la t\u00eate de sa propre chronique dans \u00ab TBT9\u00a0\u00bb sur les cinq informations \u00e0 ne pas louper de la journ\u00e9e.<\/p>\n<p>Le plateau de \u00ab Tout beau tout n9uf\u00a0\u00bb \u00e0 Saint-Denis<\/p>\n<p class=\"fig-paragraph\">Exit la Canal Factory de Boulogne-Billancourt o\u00f9 les \u00e9quipes de \u00ab Touche pas \u00e0 mon poste!\u00a0\u00bb \u00e9taient install\u00e9es depuis plusieurs ann\u00e9es. Direction la rue Andr\u00e9 Campra \u00e0 Saint-Denis \u00e0 500 m\u00e8tres du Stade de France. Cyril Hanouna animera son \u00e9mission de radio \u00ab Tout beau tout fun\u00a0\u00bb sur Fun Radio de 15 heures \u00e0 18 heures puis \u00ab TBT9\u00a0\u00bb sur W9 de 18h45 \u00e0 21h15 depuis le plateau L3 des <strong>Studios du Lendit<\/strong>.<\/p>\n<p class=\"fig-paragraph\">Dans les immenses b\u00e2timents de cette enceinte compos\u00e9e de cinq plateaux sont tourn\u00e9s la plupart des grands divertissements comme\u00a0<a href=\"http:\/\/tvmag.lefigaro.fr\/programme-tv\/tele-realite\/leurs-debuts-dans-the-voice-leur-relation-leur-succes-les-confidences-de-jeck-et-de-carla-lazzari-20250705\" target=\"_blank\" data-fig-type=\"Article\" rel=\"noopener nofollow\" data-gtm-custom-categorie=\"navigation\" data-gtm-custom-action=\"crossclick\" data-gtm-custom-label=\"Contextuel\" data-gtm-event=\"customEventSPE\" data-fig-domain=\"TVMAG\">\u00ab The Voice\u00a0\u00bb<\/a>, \u00ab Mask Singer\u00a0\u00bb,\u00a0<a href=\"http:\/\/tvmag.lefigaro.fr\/programme-tv\/actu-tele\/qu-est-ce-que-the-floor-a-la-conquete-du-sol-le-nouveau-jeu-de-france-2-avec-cyril-feraud-20231230\" target=\"_blank\" data-fig-type=\"Article\" rel=\"noopener nofollow\" data-gtm-custom-categorie=\"navigation\" data-gtm-custom-action=\"crossclick\" data-gtm-custom-label=\"Contextuel\" data-gtm-event=\"customEventSPE\" data-fig-domain=\"TVMAG\">\u00ab The Floor\u00a0\u00bb<\/a>\u00a0ou encore la finale de \u00ab Koh-Lanta\u00a0\u00bb. Le plateau L3 est un espace de 700 m\u00b2 pouvant accueillir un maximum de 600 spectateurs. Le studio occup\u00e9 par \u00ab TPMP\u00a0\u00bb ces derni\u00e8res ann\u00e9es faisait 275 m\u00b2 de surface. Par le pass\u00e9, le plateau L3 a accueilli les tournages des \u00ab Z\u2019amours\u00a0\u00bb, de \u00ab Joker\u00a0\u00bb, de \u00ab Qui veut gagner des millions\u00a0\u00bb et de \u00ab Vitamine C\u00a0\u00bb.<\/p>\n<p class=\"fig-paragraph\">\u00ab Nous aurons un plateau plus grand que celui de \u201cTPMP\u201d avec un espace happening, a annonc\u00e9 Cyril Hanouna sur ses r\u00e9seaux sociaux. Il y aura plus de monde dans le public et plus d\u2019espace pour les personnes handicap\u00e9es.\u00a0\u00bb D\u00e9but ao\u00fbt, l\u2019animateur a d\u00e9voil\u00e9 des images de l\u2019espace d\u00e9di\u00e9\u00a0<a href=\"http:\/\/tvmag.lefigaro.fr\/programme-tv\/actu-tele\/une-dinguerie-cyril-hanouna-devoile-le-plateau-flambant-neuf-de-tout-beau-tout-fun-20250808\" target=\"_blank\" data-fig-type=\"Article\" rel=\"noopener nofollow\" data-gtm-custom-categorie=\"navigation\" data-gtm-custom-action=\"crossclick\" data-gtm-custom-label=\"Contextuel\" data-gtm-event=\"customEventSPE\" data-fig-domain=\"TVMAG\">au plateau de \u00ab Tout beau tout fun\u00a0\u00bb pour Fun Radio<\/a>\u00a0avec une partie pour accueillir du public. Environ 150 personnes pourront garnir les gradins de \u00ab TBT9\u00a0\u00bb sur W9, contre une centaine pour \u00ab TPMP\u00a0\u00bb autrefois.<\/p>\n<p>Le pilote de \u00ab Tout beau tout n9uf\u00a0\u00bb le 27 ao\u00fbt<\/p>\n<p class=\"fig-paragraph\">Comme il avait coutume de faire\u00a0<a href=\"http:\/\/tvmag.lefigaro.fr\/programme-tv\/actu-tele\/nouveau-plateau-nouvelle-formule-nouveaux-chroniqueurs-dans-les-coulisses-du-pilote-de-touche-pas-a-mon-poste-20230901\" target=\"_blank\" data-fig-type=\"Article\" rel=\"noopener nofollow\" data-gtm-custom-categorie=\"navigation\" data-gtm-custom-action=\"crossclick\" data-gtm-custom-label=\"Contextuel\" data-gtm-event=\"customEventSPE\" data-fig-domain=\"TVMAG\">avant chaque saison de \u00ab Touche pas \u00e0 mon poste!\u00a0\u00bb<\/a>, Cyril Hanouna va tourner un num\u00e9ro z\u00e9ro de \u00ab Tout beau tout n9uf\u00a0\u00bb quelques jours avant le lancement officiel de l\u2019\u00e9mission sur W9. Le pilote sera r\u00e9alis\u00e9 en public le mercredi 27 ao\u00fbt entre 12h30 et 18h30 aux Studios du Lendit. Cette r\u00e9p\u00e9tition grandeur nature permet \u00e0 toutes les \u00e9quipes de production de se retrouver et de s\u2019assurer du bon fonctionnement technique et humain du programme.<\/p>\n<p>                                    <a class=\"fig-a11y-skip a11y-hidden\" href=\"#fig-a11y-skip-main-inarticle_btf\"><br \/>\n        Passer la publicit\u00e9<br \/>\n    <\/a><\/p>\n<p class=\"fig-paragraph\">Pour Cyril Hanouna, le pilote est l\u2019occasion de mettre \u00e0 l\u2019essai de\u00a0<a href=\"https:\/\/tvmag.lefigaro.fr\/programme-tv\/touche-pas-a-mon-poste-nous-avons-assiste-au-pilote-de-la-nouvelle-saison_7ad988f8-0677-11ec-b19c-90995a4b371f\" target=\"_blank\" data-fig-type=\"Article\" rel=\"noopener nofollow\" data-gtm-custom-categorie=\"navigation\" data-gtm-custom-action=\"crossclick\" data-gtm-custom-label=\"Contextuel\" data-gtm-event=\"customEventSPE\" data-fig-domain=\"TVMAG\">potentiels futurs chroniqueurs<\/a>\u00a0en les pla\u00e7ant parmi les habitu\u00e9s. Selon nos informations, plusieurs personnalit\u00e9s des r\u00e9seaux sociaux vont \u00eatre test\u00e9es. L\u2019histoire de \u00ab TPMP\u00a0\u00bb le d\u00e9montre, rare sont ceux qui ont durablement gagn\u00e9 leur place autour de la table en faisant leur premier essai dans le num\u00e9ro z\u00e9ro du talk-show. Le plus souvent,\u00a0<a href=\"http:\/\/tvmag.lefigaro.fr\/programme-tv\/actu-tele\/chroniqueurs-rubriques-nouveautes-les-revelations-du-pilote-de-touche-pas-a-mon-poste-20220826\" target=\"_blank\" data-fig-type=\"Article\" rel=\"noopener nofollow\" data-gtm-custom-categorie=\"navigation\" data-gtm-custom-action=\"crossclick\" data-gtm-custom-label=\"Contextuel\" data-gtm-event=\"customEventSPE\" data-fig-domain=\"TVMAG\">cette exp\u00e9rience est sans lendemain.<\/a><\/p>\n","protected":false},"excerpt":{"rendered":"INFO LE FIGARO &#8211; Cinq mois apr\u00e8s l\u2019arr\u00eat de \u00abTouche pas \u00e0 mon poste\u00a0!\u00bb sur C8, le nouveau&hellip;\n","protected":false},"author":2,"featured_media":334106,"comment_status":"","ping_status":"","sticky":false,"template":"","format":"standard","meta":{"footnotes":""},"categories":[1356],"tags":[1083,58,59,1011,27,252,1364,2395],"class_list":{"0":"post-334105","1":"post","2":"type-post","3":"status-publish","4":"format-standard","5":"has-post-thumbnail","7":"category-television","8":"tag-cyril-hanouna","9":"tag-divertissement","10":"tag-entertainment","11":"tag-fr","12":"tag-france","13":"tag-television","14":"tag-tv","15":"tag-w9"},"share_on_mastodon":{"url":"https:\/\/pubeurope.com\/@fr\/115067293791188347","error":""},"_links":{"self":[{"href":"https:\/\/www.europesays.com\/fr\/wp-json\/wp\/v2\/posts\/334105","targetHints":{"allow":["GET"]}}],"collection":[{"href":"https:\/\/www.europesays.com\/fr\/wp-json\/wp\/v2\/posts"}],"about":[{"href":"https:\/\/www.europesays.com\/fr\/wp-json\/wp\/v2\/types\/post"}],"author":[{"embeddable":true,"href":"https:\/\/www.europesays.com\/fr\/wp-json\/wp\/v2\/users\/2"}],"replies":[{"embeddable":true,"href":"https:\/\/www.europesays.com\/fr\/wp-json\/wp\/v2\/comments?post=334105"}],"version-history":[{"count":0,"href":"https:\/\/www.europesays.com\/fr\/wp-json\/wp\/v2\/posts\/334105\/revisions"}],"wp:featuredmedia":[{"embeddable":true,"href":"https:\/\/www.europesays.com\/fr\/wp-json\/wp\/v2\/media\/334106"}],"wp:attachment":[{"href":"https:\/\/www.europesays.com\/fr\/wp-json\/wp\/v2\/media?parent=334105"}],"wp:term":[{"taxonomy":"category","embeddable":true,"href":"https:\/\/www.europesays.com\/fr\/wp-json\/wp\/v2\/categories?post=334105"},{"taxonomy":"post_tag","embeddable":true,"href":"https:\/\/www.europesays.com\/fr\/wp-json\/wp\/v2\/tags?post=334105"}],"curies":[{"name":"wp","href":"https:\/\/api.w.org\/{rel}","templated":true}]}}