{"id":334109,"date":"2025-08-21T14:46:25","date_gmt":"2025-08-21T14:46:25","guid":{"rendered":"https:\/\/www.europesays.com\/fr\/334109\/"},"modified":"2025-08-21T14:46:25","modified_gmt":"2025-08-21T14:46:25","slug":"the-ritual-lexorcisme-demma-schmidt-cest-quoi-ce-film-dhorreur-rate-avec-al-pacino","status":"publish","type":"post","link":"https:\/\/www.europesays.com\/fr\/334109\/","title":{"rendered":"\u00ab\u00a0The Ritual &#8211; L\u2019exorcisme d\u2019Emma Schmidt\u00a0\u00bb\u00a0: c\u2019est quoi ce film d\u2019horreur rat\u00e9 avec Al Pacino\u00a0?"},"content":{"rendered":"<p class=\"paragraph text_align_left lp-f-body-02\">1928, dans une petite paroisse de l\u2019Iowa, dans le nord des \u00c9tats-Unis. Le pr\u00eatre Joseph Steiger, qui vient tout juste de perdre son fr\u00e8re, se voit oblig\u00e9 d\u2019accueillir dans son \u00e9glise une jeune femme, Emma Schmidt, afin qu\u2019elle y soit exorcis\u00e9e. L\u2019op\u00e9ration sera men\u00e9e par le p\u00e8re Theophilus Riesinger, coutumier des cas de possession d\u00e9moniaque. Mais Steiger se demande si Emma Schmidt ne rel\u00e8ve pas simplement de la m\u00e9decine\u2026<\/p>\n<p class=\"paragraph text_align_left lp-f-body-02\">Le film d\u2019exorcisme a quelque peu ressuscit\u00e9 de ses cendres ces derni\u00e8res ann\u00e9es avec de nombreuses productions racontant les d\u00e9boires de membres du clerg\u00e9 face \u00e0 Lucifer et ses s\u00e9ides, tels <a href=\"https:\/\/www.leparisien.fr\/culture-loisirs\/cinema\/lexorciste-du-vatican-russell-crowe-en-roue-libre-09-05-2023-MZRKY4QQKJCBLCRAJNDEJQTUEE.php\" target=\"_self\" rel=\"nofollow noopener\">\u00ab L\u2019Exorciste du Vatican \u00bb en 2023, avec Russell Crowe<\/a>, ou \u00ab La Proie du Diable \u00bb, l\u2019ann\u00e9e d\u2019avant. Mais rien qui n\u2019arrive \u00e0 la cheville du g\u00e9nial film fondateur de William Friedkin, \u00ab L\u2019Exorciste \u00bb, en 1973. Ni m\u00eame du tr\u00e8s bon \u00ab L\u2019Exorcisme d\u2019Emily Rose \u00bb (2005), qui a durablement marqu\u00e9 les r\u00e9tines gr\u00e2ce \u00e0 la prestation intense de l\u2019actrice Jennifer Carpenter.<\/p>\n","protected":false},"excerpt":{"rendered":"1928, dans une petite paroisse de l\u2019Iowa, dans le nord des \u00c9tats-Unis. Le pr\u00eatre Joseph Steiger, qui vient&hellip;\n","protected":false},"author":2,"featured_media":334110,"comment_status":"","ping_status":"","sticky":false,"template":"","format":"standard","meta":{"footnotes":""},"categories":[1354],"tags":[650,872,58,59,1346,1011,27,1360],"class_list":{"0":"post-334109","1":"post","2":"type-post","3":"status-publish","4":"format-standard","5":"has-post-thumbnail","7":"category-films","8":"tag-cinema","9":"tag-culture-et-loisirs","10":"tag-divertissement","11":"tag-entertainment","12":"tag-films","13":"tag-fr","14":"tag-france","15":"tag-movies"},"share_on_mastodon":{"url":"https:\/\/pubeurope.com\/@fr\/115067301666937724","error":""},"_links":{"self":[{"href":"https:\/\/www.europesays.com\/fr\/wp-json\/wp\/v2\/posts\/334109","targetHints":{"allow":["GET"]}}],"collection":[{"href":"https:\/\/www.europesays.com\/fr\/wp-json\/wp\/v2\/posts"}],"about":[{"href":"https:\/\/www.europesays.com\/fr\/wp-json\/wp\/v2\/types\/post"}],"author":[{"embeddable":true,"href":"https:\/\/www.europesays.com\/fr\/wp-json\/wp\/v2\/users\/2"}],"replies":[{"embeddable":true,"href":"https:\/\/www.europesays.com\/fr\/wp-json\/wp\/v2\/comments?post=334109"}],"version-history":[{"count":0,"href":"https:\/\/www.europesays.com\/fr\/wp-json\/wp\/v2\/posts\/334109\/revisions"}],"wp:featuredmedia":[{"embeddable":true,"href":"https:\/\/www.europesays.com\/fr\/wp-json\/wp\/v2\/media\/334110"}],"wp:attachment":[{"href":"https:\/\/www.europesays.com\/fr\/wp-json\/wp\/v2\/media?parent=334109"}],"wp:term":[{"taxonomy":"category","embeddable":true,"href":"https:\/\/www.europesays.com\/fr\/wp-json\/wp\/v2\/categories?post=334109"},{"taxonomy":"post_tag","embeddable":true,"href":"https:\/\/www.europesays.com\/fr\/wp-json\/wp\/v2\/tags?post=334109"}],"curies":[{"name":"wp","href":"https:\/\/api.w.org\/{rel}","templated":true}]}}