{"id":334111,"date":"2025-08-21T14:47:13","date_gmt":"2025-08-21T14:47:13","guid":{"rendered":"https:\/\/www.europesays.com\/fr\/334111\/"},"modified":"2025-08-21T14:47:13","modified_gmt":"2025-08-21T14:47:13","slug":"manger-plus-de-fruits-et-legumes-pourrait-ameliorer-la-qualite-de-votre-sommeil-selon-les-chercheurs-de-luniversite-de-chicago","status":"publish","type":"post","link":"https:\/\/www.europesays.com\/fr\/334111\/","title":{"rendered":"Manger plus de fruits et l\u00e9gumes pourrait am\u00e9liorer la qualit\u00e9 de votre sommeil, selon les chercheurs de l&rsquo;universit\u00e9 de Chicago"},"content":{"rendered":"<p class=\"rev-margin-0 rev-text-sm-bold\">La r\u00e9daction n&rsquo;a pas particip\u00e9 \u00e0 la r\u00e9alisation de ce contenu<\/p>\n<p>Le rem\u00e8de \u00e0 nos nuits perturb\u00e9es n\u2019est peut-\u00eatre pas high-tech ni cach\u00e9 sous la couette. Des \u00e9quipes de recherche se penchent sur le contenu du repas du soir, avec des r\u00e9sultats qui bousculent nos habitudes. Ajuster le menu pourrait bien transformer la qualit\u00e9 du repos. Une piste inattendue qui change notre mani\u00e8re de d\u00eener.<\/p>\n<p>Une nouvelle voie pour un sommeil de meilleure qualit\u00e9<\/p>\n<p>Les troubles du sommeil touchent une part importante de la population, et leurs effets sur la sant\u00e9 sont bien connus. Une \u00e9tude r\u00e9cente men\u00e9e par le <strong>UChicago Medicine <\/strong>et la <strong>Columbia University<\/strong> met en avant un levier quotidien souvent sous-estim\u00e9 : l\u2019alimentation. La consommation r\u00e9guli\u00e8re de <strong>fruits et l\u00e9gumes<\/strong> semble associ\u00e9e \u00e0 une meilleure <strong>qualit\u00e9 du sommeil<\/strong>, sugg\u00e9rant que nos choix nutritionnels pourraient contribuer \u00e0 des nuits plus r\u00e9paratrices.<\/p>\n<p>Quand les fruits et l\u00e9gumes s\u2019invitent dans votre sommeil<\/p>\n<p>Les chercheurs rapportent une corr\u00e9lation notable entre une alimentation riche en v\u00e9g\u00e9taux et une diminution de la <strong>fragmentation du sommeil<\/strong>. L\u2019\u00e9tude s\u2019est appuy\u00e9e sur un groupe de<strong> jeunes adultes<\/strong> aux profils alimentaires vari\u00e9s afin d\u2019observer l\u2019impact direct sur leurs nuits. Les r\u00e9sultats indiquent une am\u00e9lioration de <strong>16 % <\/strong>de la qualit\u00e9 du sommeil chez ceux atteignant les <strong>5 portions quotidiennes<\/strong> recommand\u00e9es, par rapport aux participants consommant moins de l\u00e9gumes.<\/p>\n<p>Des r\u00e9sultats aux implications prometteuses<\/p>\n<p>Une am\u00e9lioration de <strong>16 %<\/strong> n\u2019a rien de marginal : elle concerne \u00e0 la fois la<strong> dur\u00e9e totale <\/strong>du repos et sa <strong>continuit\u00e9<\/strong>, deux composantes essentielles du sommeil r\u00e9parateur. Les auteurs y voient une piste naturelle et \u00e9conomique pour att\u00e9nuer les sympt\u00f4mes li\u00e9s \u00e0 l\u2019<strong>insomnie<\/strong> et, plus largement, am\u00e9liorer l\u2019hygi\u00e8ne du sommeil. Ces conclusions rejoignent les recommandations nutritionnelles du <strong>CDC<\/strong>, qui encouragent un apport quotidien \u00e9lev\u00e9 en fruits et l\u00e9gumes dans une logique de pr\u00e9vention globale.<\/p>\n<p>Et maintenant ? Des pistes pour l\u2019avenir<\/p>\n<p>Plusieurs questions demeurent : quels m\u00e9canismes biologiques relient pr\u00e9cis\u00e9ment certains nutriments \u00e0 une meilleure architecture du sommeil, et dans quelle mesure ces effets se retrouvent-ils au-del\u00e0 des jeunes adultes ? Les professeurs <strong>Esra Tasali <\/strong>et <strong>Marie-Pierre St-Onge<\/strong>, co-auteurs de l\u2019\u00e9tude, poursuivent leurs travaux afin d\u2019\u00e9tablir une r\u00e9elle <strong>causalit\u00e9<\/strong>, d\u2019explorer le r\u00f4le de facteurs comme la densit\u00e9 en micronutriments ou l\u2019index glyc\u00e9mique, et de tester la reproductibilit\u00e9 des r\u00e9sultats sur des groupes d\u00e9mographiques vari\u00e9s.<\/p>\n<p>Repenser son assiette, une solution simple<\/p>\n<p>Dans un contexte o\u00f9 le stress et les \u00e9crans perturbent les nuits, augmenter la part de fruits et l\u00e9gumes au quotidien constitue une approche accessible, allant de l\u2019ajout syst\u00e9matique d\u2019un l\u00e9gume \u00e0 chaque repas \u00e0 la vari\u00e9t\u00e9 des couleurs dans l\u2019assiette, tout en limitant les produits ultra-transform\u00e9s. Au-del\u00e0 des statistiques, cette recommandation alimentaire s\u2019affirme comme un geste concret pour soutenir un sommeil plus stable, b\u00e9n\u00e9fique \u00e0 la sant\u00e9 globale.<\/p>\n<p>Source: https:\/\/www.uchicagomedicine.org\/forefront\/research-and-discoveries-articles\/eating-fruits-and-veggies-may-improve-sleep<\/p>\n","protected":false},"excerpt":{"rendered":"La r\u00e9daction n&rsquo;a pas particip\u00e9 \u00e0 la r\u00e9alisation de ce contenu Le rem\u00e8de \u00e0 nos nuits perturb\u00e9es n\u2019est&hellip;\n","protected":false},"author":2,"featured_media":334112,"comment_status":"","ping_status":"","sticky":false,"template":"","format":"standard","meta":{"footnotes":""},"categories":[10],"tags":[17,47141,1011,27,18223,72,18222,26653,378,2864,20185,71],"class_list":{"0":"post-334111","1":"post","2":"type-post","3":"status-publish","4":"format-standard","5":"has-post-thumbnail","7":"category-sante","8":"tag-17","9":"tag-ameliorer","10":"tag-fr","11":"tag-france","12":"tag-fruits","13":"tag-health","14":"tag-legumes","15":"tag-manger","16":"tag-plus","17":"tag-pourrait","18":"tag-qualite","19":"tag-sante"},"share_on_mastodon":{"url":"https:\/\/pubeurope.com\/@fr\/115067305545554857","error":""},"_links":{"self":[{"href":"https:\/\/www.europesays.com\/fr\/wp-json\/wp\/v2\/posts\/334111","targetHints":{"allow":["GET"]}}],"collection":[{"href":"https:\/\/www.europesays.com\/fr\/wp-json\/wp\/v2\/posts"}],"about":[{"href":"https:\/\/www.europesays.com\/fr\/wp-json\/wp\/v2\/types\/post"}],"author":[{"embeddable":true,"href":"https:\/\/www.europesays.com\/fr\/wp-json\/wp\/v2\/users\/2"}],"replies":[{"embeddable":true,"href":"https:\/\/www.europesays.com\/fr\/wp-json\/wp\/v2\/comments?post=334111"}],"version-history":[{"count":0,"href":"https:\/\/www.europesays.com\/fr\/wp-json\/wp\/v2\/posts\/334111\/revisions"}],"wp:featuredmedia":[{"embeddable":true,"href":"https:\/\/www.europesays.com\/fr\/wp-json\/wp\/v2\/media\/334112"}],"wp:attachment":[{"href":"https:\/\/www.europesays.com\/fr\/wp-json\/wp\/v2\/media?parent=334111"}],"wp:term":[{"taxonomy":"category","embeddable":true,"href":"https:\/\/www.europesays.com\/fr\/wp-json\/wp\/v2\/categories?post=334111"},{"taxonomy":"post_tag","embeddable":true,"href":"https:\/\/www.europesays.com\/fr\/wp-json\/wp\/v2\/tags?post=334111"}],"curies":[{"name":"wp","href":"https:\/\/api.w.org\/{rel}","templated":true}]}}