{"id":334119,"date":"2025-08-21T14:51:12","date_gmt":"2025-08-21T14:51:12","guid":{"rendered":"https:\/\/www.europesays.com\/fr\/334119\/"},"modified":"2025-08-21T14:51:12","modified_gmt":"2025-08-21T14:51:12","slug":"les-francais-boudent-le-livret-a-depuis-juillet-et-cest-inedit","status":"publish","type":"post","link":"https:\/\/www.europesays.com\/fr\/334119\/","title":{"rendered":"Les Fran\u00e7ais boudent le Livret A depuis juillet, et c\u2019est in\u00e9dit"},"content":{"rendered":"<p>Une \u00ab\u00a0d\u00e9collecte nette\u00a0\u00bb. Selon les chiffres publi\u00e9s jeudi par la Caisse des d\u00e9p\u00f4ts (CDC), les Fran\u00e7ais ont retir\u00e9 70\u00a0millions d\u2019euros de plus qu\u2019ils n\u2019en n\u2019ont d\u00e9pos\u00e9 sur leurs Livrets A en juillet. Une situation in\u00e9dite depuis octobre\u00a02024, voire depuis\u00a02015 pour un mois de juillet.<\/p>\n<p>Cependant, elle n\u2019est pas sans explication puisqu\u2019elle co\u00efncide avec une nouvelle <a href=\"https:\/\/www.20minutes.fr\/economie\/4163893-20250716-epargne-encore-baisse-taux-livret-1er-aout-passera-1-7\" class=\"c-link c-link--is-underlined\" target=\"_blank\" rel=\"noopener\">baisse du taux du Livret A <\/a>cette ann\u00e9e, annonc\u00e9e en juillet et effective depuis le 1er\u00a0ao\u00fbt, de 2,4\u00a0% \u00e0 1,7\u00a0%.<\/p>\n<\/p>\n<p>Le LDDS s\u2019en sort mieux<\/p>\n<p>A contrario, le concurrent historique &#8211; les fonds euros de l\u2019assurance vie &#8211; fait le plein depuis janvier en proposant un taux moyen de 2,6\u00a0%, selon les donn\u00e9es publi\u00e9es par le gendarme de la profession, l\u2019ACPR, adoss\u00e9 \u00e0 la Banque de France. Un taux qui n\u2019est pas net d\u2019imp\u00f4ts, contrairement \u00e0 celui du livret A. Quant au <a href=\"https:\/\/www.20minutes.fr\/economie\/4154148-20250521-livrets-bancaires-specifiques-epargne-plus-solidaire\" class=\"c-link c-link--is-underlined\" target=\"_blank\" rel=\"noopener\">Livret de d\u00e9veloppement durable et solidaire (LDDS)<\/a>, il s\u2019en est mieux sorti\u00a0: les d\u00e9p\u00f4ts ont exc\u00e9d\u00e9 les retraits de 340\u00a0millions d\u2019euros au mois de juillet.<\/p>\n<p>Les Fran\u00e7ais cumulent n\u00e9anmoins un petit pactole sur leurs Livret A et LDDS\u00a0: 609,4\u00a0milliards d\u2019euros fin juillet, selon la Caisse des d\u00e9p\u00f4ts. Un record loin cependant du total des assurances vie, au-del\u00e0 de 2.000\u00a0milliards d\u2019euros.<\/p>\n<p>Le LEP peu propos\u00e9<\/p>\n<p>L\u2019encours des <a href=\"https:\/\/www.20minutes.fr\/economie\/4101098-20240712-epargne-taux-livret-epargne-populaire-lep-abaisse-4\" class=\"c-link c-link--is-underlined\" target=\"_blank\" rel=\"noopener\">Livrets d\u2019\u00e9pargne populaire (LEP)<\/a>, r\u00e9serv\u00e9s aux m\u00e9nages modestes, a de son c\u00f4t\u00e9 gonfl\u00e9 de 450\u00a0millions d\u2019euros, un montant plus vu depuis d\u00e9cembre\u00a02024. Mais le nombre important de fermetures au printemps (pour les d\u00e9tenteurs d\u00e9passant le plafond de ressources) plombe l\u2019ann\u00e9e\u00a02025 du LEP\u00a0: son encours est en baisse de pr\u00e8s de 2\u00a0milliards d\u2019euros depuis le 31\u00a0d\u00e9cembre 2024.<\/p>\n<p>Les \u00e9tablissements bancaires mettent rarement en avant ce produit pourtant tr\u00e8s avantageux pour les \u00e9pargnants. La Banque de France ne vise qu\u2019une hausse minime, inf\u00e9rieure \u00e0 3\u00a0%, des d\u00e9tenteurs cette ann\u00e9e\u00a0: 12,2\u00a0millions \u00e0 la fin\u00a02025, contre 11,9\u00a0millions \u00e0 la fin\u00a02024.<\/p>\n<p><a href=\"https:\/\/www.20minutes.fr\/economie\/epargne\/\" class=\"c-link c-btn c-btn--primary\" target=\"_blank\" rel=\"noopener\">Retrouvez ici tous nos articles sur l&rsquo;\u00e9pargne<\/a><\/p>\n<p>Ce nombre reste loin des plus de 19\u00a0millions de m\u00e9nages identifi\u00e9s comme clients potentiels, en raison notamment de leur capacit\u00e9 d\u2019\u00e9pargne, et encore plus loin des 31\u00a0millions de personnes \u00e9ligibles.<\/p>\n","protected":false},"excerpt":{"rendered":"Une \u00ab\u00a0d\u00e9collecte nette\u00a0\u00bb. Selon les chiffres publi\u00e9s jeudi par la Caisse des d\u00e9p\u00f4ts (CDC), les Fran\u00e7ais ont retir\u00e9&hellip;\n","protected":false},"author":2,"featured_media":334120,"comment_status":"","ping_status":"","sticky":false,"template":"","format":"standard","meta":{"footnotes":""},"categories":[6],"tags":[47,24240,35,33,34,589,1011,27,365],"class_list":{"0":"post-334119","1":"post","2":"type-post","3":"status-publish","4":"format-standard","5":"has-post-thumbnail","7":"category-economie","8":"tag-actualite","9":"tag-banque-de-france","10":"tag-business","11":"tag-economie","12":"tag-economy","13":"tag-epargne","14":"tag-fr","15":"tag-france","16":"tag-livret-a"},"share_on_mastodon":{"url":"https:\/\/pubeurope.com\/@fr\/115067321345327062","error":""},"_links":{"self":[{"href":"https:\/\/www.europesays.com\/fr\/wp-json\/wp\/v2\/posts\/334119","targetHints":{"allow":["GET"]}}],"collection":[{"href":"https:\/\/www.europesays.com\/fr\/wp-json\/wp\/v2\/posts"}],"about":[{"href":"https:\/\/www.europesays.com\/fr\/wp-json\/wp\/v2\/types\/post"}],"author":[{"embeddable":true,"href":"https:\/\/www.europesays.com\/fr\/wp-json\/wp\/v2\/users\/2"}],"replies":[{"embeddable":true,"href":"https:\/\/www.europesays.com\/fr\/wp-json\/wp\/v2\/comments?post=334119"}],"version-history":[{"count":0,"href":"https:\/\/www.europesays.com\/fr\/wp-json\/wp\/v2\/posts\/334119\/revisions"}],"wp:featuredmedia":[{"embeddable":true,"href":"https:\/\/www.europesays.com\/fr\/wp-json\/wp\/v2\/media\/334120"}],"wp:attachment":[{"href":"https:\/\/www.europesays.com\/fr\/wp-json\/wp\/v2\/media?parent=334119"}],"wp:term":[{"taxonomy":"category","embeddable":true,"href":"https:\/\/www.europesays.com\/fr\/wp-json\/wp\/v2\/categories?post=334119"},{"taxonomy":"post_tag","embeddable":true,"href":"https:\/\/www.europesays.com\/fr\/wp-json\/wp\/v2\/tags?post=334119"}],"curies":[{"name":"wp","href":"https:\/\/api.w.org\/{rel}","templated":true}]}}