{"id":334123,"date":"2025-08-21T14:53:11","date_gmt":"2025-08-21T14:53:11","guid":{"rendered":"https:\/\/www.europesays.com\/fr\/334123\/"},"modified":"2025-08-21T14:53:11","modified_gmt":"2025-08-21T14:53:11","slug":"lattaquant-de-lom-pierre-emerick-aubameyang-et-lex-olympien-adil-rami-ont-commente-lultime-direct","status":"publish","type":"post","link":"https:\/\/www.europesays.com\/fr\/334123\/","title":{"rendered":"l&rsquo;attaquant de l&rsquo;OM Pierre-Emerick Aubameyang et l&rsquo;ex-Olympien Adil Rami ont comment\u00e9 l&rsquo;ultime direct"},"content":{"rendered":"<p>Alors que <a href=\"https:\/\/www.laprovence.com\/article\/faits-divers-justice\/85107893649723\/mort-de-jean-pormanove-le-streamer-connu-pour-ses-defis-extremes-est-decede-a-lage-de-46-ans\" target=\"_blank\" rel=\"noopener\">le d\u00e9c\u00e8s tragique de \u00ab\u00a0JP\u00a0\u00bb<\/a> (Jean Pormanove), de son vrai nom Rapha\u00ebl Graven ne cesse de faire parler depuis plus de 48h, les r\u00e9v\u00e9lations s&rsquo;encha\u00eenent concernant les derni\u00e8res minutes qui ont pr\u00e9c\u00e9d\u00e9 la disparition en direct du streamer habitu\u00e9 \u00e0 recevoir des coups et \u00e0 subir des humiliations.<\/p>\n<p>Comme rapport\u00e9 dans <a href=\"https:\/\/www.liberation.fr\/checknews\/barcola-aubameyang-rami-des-footballeurs-accuses-davoir-soutenu-les-streams-violents-du-lokal-ayant-diffuse-la-mort-de-jean-pormanove-20250821_VP4F5ZGK3JFRFAX6ESA7FBNWZ4\/\" target=\"_blank\" rel=\"noopener\">un article de Lib\u00e9ration<\/a>, l&rsquo;attaquant olympien, Pierre-Emerick Aubameyang, est apparu en vid\u00e9o dans le live au terme duquel le malheureux est finalement d\u00e9c\u00e9d\u00e9. \u00ab\u00a0JP et Coudoux, c&rsquo;est Auba, branchez vos cerveaux parce que l\u00e0, il faut finir le jeu\u00a0\u00bb, lance le buteur de l&rsquo;OM, tout fra\u00eechement revenu d&rsquo;Arabie saoudite. Un soutien auquel s&rsquo;\u00e9tait joint \u00e9galement un autre ancien marseillais en la personne d&rsquo;Adil Rami, proche du \u00ab\u00a0Lokal\u00a0\u00bb (le nom du collectif) mais aussi le joueur du PSG Bradley Barcola.\u00a0<\/p>\n<p>Des encouragements qui avaient pour objectif de motiver \u00ab\u00a0JP\u00a0\u00bb et \u00ab\u00a0Coudoux\u00a0\u00bb \u00e0 continuer \u00e0 r\u00e9aliser des d\u00e9fis face cam\u00e9ra au bout de la&#8230; 237e heure de direct, alors que la cagnotte d\u00e9passait d\u00e9j\u00e0 les 30 000\u20ac de dons.<\/p>\n","protected":false},"excerpt":{"rendered":"Alors que le d\u00e9c\u00e8s tragique de \u00ab\u00a0JP\u00a0\u00bb (Jean Pormanove), de son vrai nom Rapha\u00ebl Graven ne cesse de&hellip;\n","protected":false},"author":2,"featured_media":334124,"comment_status":"","ping_status":"","sticky":false,"template":"","format":"standard","meta":{"footnotes":""},"categories":[4],"tags":[17,11,39855,1011,27,13392,47142,4056,18,12,149,42588,46535,25],"class_list":{"0":"post-334123","1":"post","2":"type-post","3":"status-publish","4":"format-standard","5":"has-post-thumbnail","7":"category-france","8":"tag-17","9":"tag-actualites","10":"tag-aubameyang","11":"tag-fr","12":"tag-france","13":"tag-jean","14":"tag-lattaquant","15":"tag-lom","16":"tag-mort","17":"tag-news","18":"tag-om","19":"tag-pierre-emerick","20":"tag-pormanove","21":"tag-republique-francaise"},"share_on_mastodon":{"url":"https:\/\/pubeurope.com\/@fr\/115067329205526048","error":""},"_links":{"self":[{"href":"https:\/\/www.europesays.com\/fr\/wp-json\/wp\/v2\/posts\/334123","targetHints":{"allow":["GET"]}}],"collection":[{"href":"https:\/\/www.europesays.com\/fr\/wp-json\/wp\/v2\/posts"}],"about":[{"href":"https:\/\/www.europesays.com\/fr\/wp-json\/wp\/v2\/types\/post"}],"author":[{"embeddable":true,"href":"https:\/\/www.europesays.com\/fr\/wp-json\/wp\/v2\/users\/2"}],"replies":[{"embeddable":true,"href":"https:\/\/www.europesays.com\/fr\/wp-json\/wp\/v2\/comments?post=334123"}],"version-history":[{"count":0,"href":"https:\/\/www.europesays.com\/fr\/wp-json\/wp\/v2\/posts\/334123\/revisions"}],"wp:featuredmedia":[{"embeddable":true,"href":"https:\/\/www.europesays.com\/fr\/wp-json\/wp\/v2\/media\/334124"}],"wp:attachment":[{"href":"https:\/\/www.europesays.com\/fr\/wp-json\/wp\/v2\/media?parent=334123"}],"wp:term":[{"taxonomy":"category","embeddable":true,"href":"https:\/\/www.europesays.com\/fr\/wp-json\/wp\/v2\/categories?post=334123"},{"taxonomy":"post_tag","embeddable":true,"href":"https:\/\/www.europesays.com\/fr\/wp-json\/wp\/v2\/tags?post=334123"}],"curies":[{"name":"wp","href":"https:\/\/api.w.org\/{rel}","templated":true}]}}