{"id":334125,"date":"2025-08-21T14:54:10","date_gmt":"2025-08-21T14:54:10","guid":{"rendered":"https:\/\/www.europesays.com\/fr\/334125\/"},"modified":"2025-08-21T14:54:10","modified_gmt":"2025-08-21T14:54:10","slug":"document-rtl-la-violence-inouie-jy-crois-pas-la-mere-dadrien-rabiot-repond-au-president-de-lom","status":"publish","type":"post","link":"https:\/\/www.europesays.com\/fr\/334125\/","title":{"rendered":"DOCUMENT RTL &#8211; \u00ab\u00a0La violence inou\u00efe, j&rsquo;y crois pas\u00a0\u00bb : la m\u00e8re d&rsquo;Adrien Rabiot r\u00e9pond au pr\u00e9sident\u00a0de\u00a0l&rsquo;OM"},"content":{"rendered":"<p class=\"article-p mdl\">Quel avenir pour Adrien Rabiot au sein de l&rsquo;Olympique de Marseille ? Dans un entretien exclusif accord\u00e9 \u00e0 RTL, la m\u00e8re et agente du joueur, V\u00e9ronique Rabiot, conteste de possibles \u00ab\u00a0faits d&rsquo;une violence inou\u00efe\u00a0\u00bb, en r\u00e9ponse aux propos du pr\u00e9sident du club Pablo Longoria dans la presse, ce mercredi 20 ao\u00fbt.<\/p>\n<p class=\"article-p mdl\">\u00c0 dix jours de la fin du mercato estival, l&rsquo;Anglais Jonathan Rowe et le footballeur de 30 ans ont \u00e9t\u00e9 plac\u00e9s par l&rsquo;OM sur la liste des transferts par les dirigeants du club phoc\u00e9en. Les deux hommes\u00a0<a class=\"link\" href=\"https:\/\/www.rtl.fr\/sport\/football\/om-adrien-rabiot-et-l-anglais-jonathan-rowe-ecartes-de-l-equipe-premiere-apres-une-vive-altercation-7900531676\" target=\"_blank\" rel=\"noopener\">avaient \u00e9t\u00e9\u00a0\u00e9cart\u00e9s<\/a><a class=\"link\" href=\"https:\/\/www.rtl.fr\/sport\/football\/om-adrien-rabiot-et-l-anglais-jonathan-rowe-ecartes-de-l-equipe-premiere-apres-une-vive-altercation-7900531676\" target=\"_blank\" rel=\"noopener\">\u00a0<\/a>apr\u00e8s <strong>une violente altercation<\/strong> dans les vestiaires \u00e0 la suite de la d\u00e9faite (1-0) sur la pelouse du Stade Rennais, le vendredi 15 ao\u00fbt.<\/p>\n<p class=\"article-p mdl\">\u00ab\u00a0Qu&rsquo;est-ce que \u00e7a veut dire, &lsquo;violence inou\u00efe&rsquo; ? Personne n&rsquo;a \u00e9t\u00e9 bless\u00e9, personne n&rsquo;est all\u00e9 \u00e0 l&rsquo;h\u00f4pital, il n&rsquo;y a pas eu de nez cass\u00e9, pas de l\u00e8vres fendues. Pas de point de suture, pas de jour dit \u00e9t\u00e9, donc je ne comprends pas bien. &lsquo;<strong>Violence inou\u00efe&rsquo;, je n&rsquo;y crois pas\u00a0\u00bb<\/strong>, affirme\u00a0<a class=\"link\" href=\"https:\/\/www.rtl.fr\/sport\/football\/affaire-adrien-rabiot-entre-pablo-longoria-et-le-joueur-la-guerre-est-declaree-7900531924\" target=\"_blank\" rel=\"noopener\">V\u00e9ronique Rabiot<\/a>\u00a0au micro de RTL. La m\u00e8re et agente du joueur ne conteste pas une possible altercation, mais ne comprend pas l&rsquo;ampleur prise par l&rsquo;affaire.<\/p>\n<blockquote class=\"article-quote\">\n<p class=\"article-quote-text icon icon-quote-v2\">Comment on peut imaginer qu&rsquo;il y ait une altercation d&rsquo;une violence inou\u00efe et que personne n&rsquo;intervienne ? Je n&rsquo;y crois pas, et personne n&rsquo;y croit de toute fa\u00e7on.<\/p>\n<p>V\u00e9ronique Rabiot, m\u00e8re et agente d&rsquo;Adrien Rabiot<\/p>\n<\/blockquote>\n<p class=\"article-p mdl\">\u00ab\u00a0L&rsquo;altercation ? Je ne la conteste pas, et Adrien non plus. Je vais lui laisser la possibilit\u00e9 de raconter lui-m\u00eame. Ce qui m&rsquo;\u00e9tonne, c&rsquo;est qu&rsquo;on sait que dans le vestiaire, il y avait le coach et Monsieur Benatia (directeur du football de l&rsquo;OM ndlr). <strong>Comment on peut imaginer qu&rsquo;il y ait une altercation d&rsquo;une violence inou\u00efe et que personne n&rsquo;intervienne ?<\/strong> Je n&rsquo;y crois pas, et personne n&rsquo;y croit de toute fa\u00e7on\u00a0\u00bb, d\u00e9plore V\u00e9ronique Rabiot pour RTL.<\/p>\n<p class=\"article-p mdl\"><strong>Retrouvez l&rsquo;int\u00e9gralit\u00e9 de l&rsquo;interview de V\u00e9ronique Rabiot sur RTL.fr et sur RTL \u00e0 partir de 18h15. La m\u00e8re du joueur de football est l&rsquo;invit\u00e9e exceptionnelle de RTL Soir ce 21 ao\u00fbt 2025.<\/strong><\/p>\n<p>    La r\u00e9daction vous recommande<\/p>\n<p class=\"s-newsletter__title\">\n                L\u2019actualit\u00e9 par la r\u00e9daction de RTL dans votre bo\u00eete mail.\n            <\/p>\n<p class=\"s-newsletter__subtitle\">\n                Gr\u00e2ce \u00e0 votre compte RTL abonnez-vous \u00e0 la newsletter RTL info pour suivre toute l&rsquo;actualit\u00e9 au quotidien\n            <\/p>\n<p>\n                                    Lire la suite\n                                <\/p>\n","protected":false},"excerpt":{"rendered":"Quel avenir pour Adrien Rabiot au sein de l&rsquo;Olympique de Marseille ? Dans un entretien exclusif accord\u00e9 \u00e0&hellip;\n","protected":false},"author":2,"featured_media":334126,"comment_status":"","ping_status":"","sticky":false,"template":"","format":"standard","meta":{"footnotes":""},"categories":[2],"tags":[11,2329,107,2619,63,1011,27,12,1176,362,360],"class_list":{"0":"post-334125","1":"post","2":"type-post","3":"status-publish","4":"format-standard","5":"has-post-thumbnail","7":"category-actualites","8":"tag-actualites","9":"tag-adrien-rabiot","10":"tag-fil-info","11":"tag-fil-sport","12":"tag-football","13":"tag-fr","14":"tag-france","15":"tag-news","16":"tag-olympique-de-marseille","17":"tag-replay","18":"tag-replay-integral"},"share_on_mastodon":{"url":"https:\/\/pubeurope.com\/@fr\/115067333098680499","error":""},"_links":{"self":[{"href":"https:\/\/www.europesays.com\/fr\/wp-json\/wp\/v2\/posts\/334125","targetHints":{"allow":["GET"]}}],"collection":[{"href":"https:\/\/www.europesays.com\/fr\/wp-json\/wp\/v2\/posts"}],"about":[{"href":"https:\/\/www.europesays.com\/fr\/wp-json\/wp\/v2\/types\/post"}],"author":[{"embeddable":true,"href":"https:\/\/www.europesays.com\/fr\/wp-json\/wp\/v2\/users\/2"}],"replies":[{"embeddable":true,"href":"https:\/\/www.europesays.com\/fr\/wp-json\/wp\/v2\/comments?post=334125"}],"version-history":[{"count":0,"href":"https:\/\/www.europesays.com\/fr\/wp-json\/wp\/v2\/posts\/334125\/revisions"}],"wp:featuredmedia":[{"embeddable":true,"href":"https:\/\/www.europesays.com\/fr\/wp-json\/wp\/v2\/media\/334126"}],"wp:attachment":[{"href":"https:\/\/www.europesays.com\/fr\/wp-json\/wp\/v2\/media?parent=334125"}],"wp:term":[{"taxonomy":"category","embeddable":true,"href":"https:\/\/www.europesays.com\/fr\/wp-json\/wp\/v2\/categories?post=334125"},{"taxonomy":"post_tag","embeddable":true,"href":"https:\/\/www.europesays.com\/fr\/wp-json\/wp\/v2\/tags?post=334125"}],"curies":[{"name":"wp","href":"https:\/\/api.w.org\/{rel}","templated":true}]}}