{"id":334127,"date":"2025-08-21T14:55:11","date_gmt":"2025-08-21T14:55:11","guid":{"rendered":"https:\/\/www.europesays.com\/fr\/334127\/"},"modified":"2025-08-21T14:55:11","modified_gmt":"2025-08-21T14:55:11","slug":"saint-jean-bonnefonds-en-etat-divresse-dans-sa-voiturette-il-cause-un-accident","status":"publish","type":"post","link":"https:\/\/www.europesays.com\/fr\/334127\/","title":{"rendered":"Saint-Jean-Bonnefonds. En \u00e9tat d\u2019ivresse dans sa voiturette, il cause un accident"},"content":{"rendered":"<p>Un homme de 28 ans a \u00e9t\u00e9 interpell\u00e9, mercredi 20 ao\u00fbt vers 17\u00a0h\u00a030 \u00e0 Saint-Jean-Bonnefonds, dans le secteur du Fay. Au volant de sa voiture sans permis, il venait d\u2019emboutir un v\u00e9hicule en stationnement.<\/p>\n<p>Interpell\u00e9 en \u00e9tat d\u2019ivresse par les policiers de la brigade motocycliste, il s\u2019est montr\u00e9 incapable de souffler dans l\u2019\u00e9thylom\u00e8tre.<\/p>\n<p>  Permis d\u00e9j\u00e0 annul\u00e9 pour conduite en \u00e9tat d\u2019ivresse<\/p>\n<p>Emmen\u00e9 au commissariat, il lui faudra attendre jusqu\u2019\u00e0 23\u00a0h\u00a045 pour pouvoir s\u2019ex\u00e9cuter. Six heures apr\u00e8s son interpellation, il accusait encore 1,44 gramme d\u2019alcool par litre de sang.<\/p>\n<p>Le pire pour lui, c\u2019est que son permis voiture avait d\u00e9j\u00e0 \u00e9t\u00e9 annul\u00e9 pour conduite en \u00e9tat d\u2019ivresse\u2026 Pour cet \u00e9tat de r\u00e9cidive, il sera convoqu\u00e9 devant le tribunal correctionnel.<\/p>\n","protected":false},"excerpt":{"rendered":"Un homme de 28 ans a \u00e9t\u00e9 interpell\u00e9, mercredi 20 ao\u00fbt vers 17\u00a0h\u00a030 \u00e0 Saint-Jean-Bonnefonds, dans le secteur&hellip;\n","protected":false},"author":2,"featured_media":334128,"comment_status":"","ping_status":"","sticky":false,"template":"","format":"standard","meta":{"footnotes":""},"categories":[9653],"tags":[119,1111,11,2430,7539,1777,674,274,1011,27,3367,12,25,4001,9664,9663],"class_list":{"0":"post-334127","1":"post","2":"type-post","3":"status-publish","4":"format-standard","5":"has-post-thumbnail","7":"category-saint-etienne","8":"tag-accident","9":"tag-actu","10":"tag-actualites","11":"tag-auvergne-rhone-alpes","12":"tag-edition-loire-sud","13":"tag-eu","14":"tag-europe","15":"tag-faits-divers-justice","16":"tag-fr","17":"tag-france","18":"tag-loire","19":"tag-news","20":"tag-republique-francaise","21":"tag-saint-etienne","22":"tag-saint-etienne-bassin","23":"tag-saint-jean-bonnefonds"},"share_on_mastodon":{"url":"https:\/\/pubeurope.com\/@fr\/115067337063933127","error":""},"_links":{"self":[{"href":"https:\/\/www.europesays.com\/fr\/wp-json\/wp\/v2\/posts\/334127","targetHints":{"allow":["GET"]}}],"collection":[{"href":"https:\/\/www.europesays.com\/fr\/wp-json\/wp\/v2\/posts"}],"about":[{"href":"https:\/\/www.europesays.com\/fr\/wp-json\/wp\/v2\/types\/post"}],"author":[{"embeddable":true,"href":"https:\/\/www.europesays.com\/fr\/wp-json\/wp\/v2\/users\/2"}],"replies":[{"embeddable":true,"href":"https:\/\/www.europesays.com\/fr\/wp-json\/wp\/v2\/comments?post=334127"}],"version-history":[{"count":0,"href":"https:\/\/www.europesays.com\/fr\/wp-json\/wp\/v2\/posts\/334127\/revisions"}],"wp:featuredmedia":[{"embeddable":true,"href":"https:\/\/www.europesays.com\/fr\/wp-json\/wp\/v2\/media\/334128"}],"wp:attachment":[{"href":"https:\/\/www.europesays.com\/fr\/wp-json\/wp\/v2\/media?parent=334127"}],"wp:term":[{"taxonomy":"category","embeddable":true,"href":"https:\/\/www.europesays.com\/fr\/wp-json\/wp\/v2\/categories?post=334127"},{"taxonomy":"post_tag","embeddable":true,"href":"https:\/\/www.europesays.com\/fr\/wp-json\/wp\/v2\/tags?post=334127"}],"curies":[{"name":"wp","href":"https:\/\/api.w.org\/{rel}","templated":true}]}}