{"id":334131,"date":"2025-08-21T14:57:18","date_gmt":"2025-08-21T14:57:18","guid":{"rendered":"https:\/\/www.europesays.com\/fr\/334131\/"},"modified":"2025-08-21T14:57:18","modified_gmt":"2025-08-21T14:57:18","slug":"municipales-a-nancy-la-guerre-des-reseaux","status":"publish","type":"post","link":"https:\/\/www.europesays.com\/fr\/334131\/","title":{"rendered":"Municipales \u00e0 Nancy. La guerre des r\u00e9seaux"},"content":{"rendered":"<p>La rentr\u00e9e approche, la campagne des \u00e9lections municipales aussi et \u00e7a se sent. Depuis plusieurs semaines, les politiques multiplient les bilans \u2013 pour la majorit\u00e9 \u2013 et \u00ab\u00a0non bilans\u00a0\u00bb \u2013 pour l\u2019opposition \u2013\u00a0qu\u2019ils affichent fi\u00e8rement sur leurs r\u00e9seaux sociaux. Le groupe Nancy Positive, incarn\u00e9 par <a href=\"https:\/\/www.lasemaine.fr\/politique\/municipales-2026-a-nancy-laurent-henart-se-lance-t-il-dans-la-campagne\/\" data-type=\"post\" data-id=\"394975\" rel=\"nofollow noopener\" target=\"_blank\">l\u2019ancien maire Laurent H\u00e9nart,<\/a> met l\u2019accent sur les grands projets\u00a0\u00ab\u00a0annul\u00e9s ou report\u00e9s aux calendes grecques\u00a0\u00bb, d\u00e9crivant un quotidien qui\u00a0\u00ab\u00a0se d\u00e9grade\u00a0\u00bb\u00a0pour les Nanc\u00e9iens. Pourtant, lorsqu\u2019on regarde du c\u00f4t\u00e9 du groupe de la majorit\u00e9 Nancy en Grand, le tableau semble diff\u00e9rent et les r\u00e9alisations\u2026 nombreuses. <a href=\"https:\/\/www.lasemaine.fr\/politique\/nancy-mathieu-klein-dresse-son-bilan-et-amorce-sa-campagne\/\" data-type=\"post\" data-id=\"396913\" rel=\"nofollow noopener\" target=\"_blank\">Le maire, Mathieu Klein<\/a> affiche lui aussi fi\u00e8rement son bilan en publiant r\u00e9guli\u00e8rement des \u00ab\u00a0avants\/apr\u00e8s\u00a0\u00bb de certains lieux de la ville. Il semblerait que tout d\u00e9pende du point de vue o\u00f9 l\u2019on se place.<\/p>\n","protected":false},"excerpt":{"rendered":"La rentr\u00e9e approche, la campagne des \u00e9lections municipales aussi et \u00e7a se sent. Depuis plusieurs semaines, les politiques&hellip;\n","protected":false},"author":2,"featured_media":334132,"comment_status":"","ping_status":"","sticky":false,"template":"","format":"standard","meta":{"footnotes":""},"categories":[9635],"tags":[1111,11,1777,674,1011,27,775,1702,12,25],"class_list":{"0":"post-334131","1":"post","2":"type-post","3":"status-publish","4":"format-standard","5":"has-post-thumbnail","7":"category-nancy","8":"tag-actu","9":"tag-actualites","10":"tag-eu","11":"tag-europe","12":"tag-fr","13":"tag-france","14":"tag-grand-est","15":"tag-nancy","16":"tag-news","17":"tag-republique-francaise"},"share_on_mastodon":{"url":"https:\/\/pubeurope.com\/@fr\/115067344962400498","error":""},"_links":{"self":[{"href":"https:\/\/www.europesays.com\/fr\/wp-json\/wp\/v2\/posts\/334131","targetHints":{"allow":["GET"]}}],"collection":[{"href":"https:\/\/www.europesays.com\/fr\/wp-json\/wp\/v2\/posts"}],"about":[{"href":"https:\/\/www.europesays.com\/fr\/wp-json\/wp\/v2\/types\/post"}],"author":[{"embeddable":true,"href":"https:\/\/www.europesays.com\/fr\/wp-json\/wp\/v2\/users\/2"}],"replies":[{"embeddable":true,"href":"https:\/\/www.europesays.com\/fr\/wp-json\/wp\/v2\/comments?post=334131"}],"version-history":[{"count":0,"href":"https:\/\/www.europesays.com\/fr\/wp-json\/wp\/v2\/posts\/334131\/revisions"}],"wp:featuredmedia":[{"embeddable":true,"href":"https:\/\/www.europesays.com\/fr\/wp-json\/wp\/v2\/media\/334132"}],"wp:attachment":[{"href":"https:\/\/www.europesays.com\/fr\/wp-json\/wp\/v2\/media?parent=334131"}],"wp:term":[{"taxonomy":"category","embeddable":true,"href":"https:\/\/www.europesays.com\/fr\/wp-json\/wp\/v2\/categories?post=334131"},{"taxonomy":"post_tag","embeddable":true,"href":"https:\/\/www.europesays.com\/fr\/wp-json\/wp\/v2\/tags?post=334131"}],"curies":[{"name":"wp","href":"https:\/\/api.w.org\/{rel}","templated":true}]}}