{"id":334133,"date":"2025-08-21T14:58:12","date_gmt":"2025-08-21T14:58:12","guid":{"rendered":"https:\/\/www.europesays.com\/fr\/334133\/"},"modified":"2025-08-21T14:58:12","modified_gmt":"2025-08-21T14:58:12","slug":"critique-film-jack-et-nancy-les-plus-belles-histoires-de-quentin-blake","status":"publish","type":"post","link":"https:\/\/www.europesays.com\/fr\/334133\/","title":{"rendered":"Critique film &#8211; JACK ET NANCY &#8211; LES PLUS BELLES HISTOIRES DE QUENTIN BLAKE"},"content":{"rendered":"<p>\u00ab\u00a0<b>Les Plus Belles Histoires de Quentin Blake<\/b>\u00a0\u00bb sont en r\u00e9alit\u00e9 un recueil de deux courts m\u00e9trages d\u2019animation, tous deux adapt\u00e9s de BD de Quentin Blake. Connu avant tout pour \u00eatre l\u2019illustrateur des livres de Roald Dahl, l\u2019auteur n\u00e9 en 1932, est aussi \u00e0 l\u2019origine d\u2019une bonne quarantaine d\u2019histoires, dont 6 constituent la saison 1 de ce programme, diffus\u00e9 sur France T\u00e9l\u00e9visions. Dans le m\u00eame style graphique, d\u2019apparence assez simple et au charme fou, rappelant celui d\u2019 \u00ab\u00a0<a href=\"https:\/\/www.abusdecine.com\/critique\/ernest-et-celestine\/\" rel=\"nofollow noopener\" target=\"_blank\"><b>Ernest et C\u00e9lestine<\/b><\/a>\u00a0\u00bb (traits de contours fins, d\u00e9cors et v\u00eatements color\u00e9s \u00e0 l\u2019aquarelle, qui donne avec ses nuances les quelques \u00e9l\u00e9ments de relief), les deux histoires r\u00e9jouissent par leurs touches d\u2019humour l\u00e9g\u00e8rement absurde, au sein de r\u00e9cits bourr\u00e9s de rebondissements.<\/p>\n<p>Le premier \u00e9pisode, \u00ab\u00a0<b>Jack et Nancy<\/b>\u00a0\u00bb (26 mn), adapt\u00e9 d\u2019un roman graphique de 1969, suit un fr\u00e8re et une s\u0153ur, adolescents blonds, dans leurs r\u00eaves d\u2019aventures. Descendant \u00e0 la rencontre de marins revenus de voyage apr\u00e8s avoir vu des paysages incroyables, crois\u00e9s des animaux fascinants, et r\u00e9colt\u00e9s divers fruits, tissus et autres piments exotiques, ils vont eux-m\u00eames partir \u00e0 l&rsquo;aventure. Apr\u00e8s une introduction rapide et humoristique par le p\u00e8re, des bienfaits du parapluie familial, transmis de g\u00e9n\u00e9ration en g\u00e9n\u00e9ration, les voil\u00e0 lanc\u00e9s dans une grande \u00e9pop\u00e9e (imaginaire ou non), le parapluie les faisant d\u00e9coller lors d&rsquo;une temp\u00eate. \u00c9voquant chacun des \u00e9l\u00e9ments de l\u2019histoire des marins, leur p\u00e9riple plaira aux plus petits et amusera les parents, par leur rapport aux singes, les plaisanteries de la narratrice, comme les diff\u00e9rents usages d\u2019un parapluie d\u00e9cid\u00e9ment multifonctions.<\/p>\n<p>Second \u00e9pisode, \u00ab\u00a0<b>Petit Chou<\/b>\u00a0\u00bb (\u00e9galement 26 mn), adapt\u00e9 cette fois d\u2019un roman graphique plus r\u00e9cent (2002), suivra une vieille dame au caract\u00e8re positif, heureuse de chaque nouveau jour, des r\u00e9coltes de son foisonnant jardin, et de sa capacit\u00e9 \u00e0 faire quotidiennement plaisir \u00e0 ses amis crois\u00e9s au parc (une vieille un peu folle qui prom\u00e8ne des poup\u00e9es en les appelant ses enfants, un couple d\u2019hommes dont l\u2019un est en fauteuil roulant\u2026) avant de rendre visite \u00e0 Rita et ses enfants pour le go\u00fbter. De ce portrait fantasque, de cette dame qui suite \u00e0 une temp\u00eate recueille un petit oiseau qu\u2019elle pr\u00e9nomme \u00ab\u00a0mon petit chou\u00a0\u00bb, on retiendra un m\u00e9lange de tendresse et d\u2019humour second degr\u00e9. Entre l\u2019obsession de la femme \u00e0 le nourrir (de diff\u00e9rentes choses en fonction des \u00e9v\u00e9nements) et s\u2019assurer qu\u2019il a chaud (diff\u00e9rentes couches de pulls et couvertures l\u2019emmaillotant jusqu\u2019aux yeux), et les petits personnages secondaires croustillants (les canards r\u00e2leurs du parc\u2026 qu\u2019il est interdit de nourrir), tout le monde passera un bon moment, se demandant comment finira cette dr\u00f4le d\u2019histoire o\u00f9 l\u2019oiseau va peu \u00e0 peu irr\u00e9m\u00e9diablement grossir.<\/p>\n<p>Entre l\u2019utilit\u00e9 de l\u2019oiseau pour faire la vaisselle, son \u00e9trange r\u00e9gime alimentaire impos\u00e9 par cette mamie-g\u00e2teau, et une certaine mani\u00e8re de palier \u00e0 une absence de maternit\u00e9, Quentin Blake, adapt\u00e9 ici au sc\u00e9nario sur les deux films par Mark Evans et Massimo Fenati, \u00e9vite intelligemment la moindre raillerie, rendant son personnage diablement attachant. Alors aucune h\u00e9sitation \u00e0 emmener ses enfants d\u00e9couvrir ces r\u00e9cits p\u00e9tris de curiosit\u00e9 et d\u2019envie de conna\u00eetre le monde et les autres. NI \u00e0 d\u00e9couvrir ensuite la s\u00e9rie anim\u00e9e.<\/p>\n<p><a class=\"critique-author-link\" href=\"https:\/\/www.abusdecine.com\/author\/olivier-bachelard-3\/\" rel=\"nofollow noopener\" target=\"_blank\"><b>Olivier Bachelard<\/b><\/a><a class=\"critique-author-form\" href=\"https:\/\/www.abusdecine.com\/author\/olivier-bachelard-3\/\/?post_concerne=jack-et-nancy-les-plus-belles-histoires-de-quentin-blake#contact\" rel=\"nofollow noopener\" target=\"_blank\">Envoyer un message au r\u00e9dacteur<\/a>\t\t\t<\/p>\n","protected":false},"excerpt":{"rendered":"\u00ab\u00a0Les Plus Belles Histoires de Quentin Blake\u00a0\u00bb sont en r\u00e9alit\u00e9 un recueil de deux courts m\u00e9trages d\u2019animation, tous&hellip;\n","protected":false},"author":2,"featured_media":334134,"comment_status":"","ping_status":"","sticky":false,"template":"","format":"standard","meta":{"footnotes":""},"categories":[9635],"tags":[1111,11,1777,674,1011,27,775,1702,12,25],"class_list":{"0":"post-334133","1":"post","2":"type-post","3":"status-publish","4":"format-standard","5":"has-post-thumbnail","7":"category-nancy","8":"tag-actu","9":"tag-actualites","10":"tag-eu","11":"tag-europe","12":"tag-fr","13":"tag-france","14":"tag-grand-est","15":"tag-nancy","16":"tag-news","17":"tag-republique-francaise"},"share_on_mastodon":{"url":"https:\/\/pubeurope.com\/@fr\/115067348902973395","error":""},"_links":{"self":[{"href":"https:\/\/www.europesays.com\/fr\/wp-json\/wp\/v2\/posts\/334133","targetHints":{"allow":["GET"]}}],"collection":[{"href":"https:\/\/www.europesays.com\/fr\/wp-json\/wp\/v2\/posts"}],"about":[{"href":"https:\/\/www.europesays.com\/fr\/wp-json\/wp\/v2\/types\/post"}],"author":[{"embeddable":true,"href":"https:\/\/www.europesays.com\/fr\/wp-json\/wp\/v2\/users\/2"}],"replies":[{"embeddable":true,"href":"https:\/\/www.europesays.com\/fr\/wp-json\/wp\/v2\/comments?post=334133"}],"version-history":[{"count":0,"href":"https:\/\/www.europesays.com\/fr\/wp-json\/wp\/v2\/posts\/334133\/revisions"}],"wp:featuredmedia":[{"embeddable":true,"href":"https:\/\/www.europesays.com\/fr\/wp-json\/wp\/v2\/media\/334134"}],"wp:attachment":[{"href":"https:\/\/www.europesays.com\/fr\/wp-json\/wp\/v2\/media?parent=334133"}],"wp:term":[{"taxonomy":"category","embeddable":true,"href":"https:\/\/www.europesays.com\/fr\/wp-json\/wp\/v2\/categories?post=334133"},{"taxonomy":"post_tag","embeddable":true,"href":"https:\/\/www.europesays.com\/fr\/wp-json\/wp\/v2\/tags?post=334133"}],"curies":[{"name":"wp","href":"https:\/\/api.w.org\/{rel}","templated":true}]}}