{"id":334135,"date":"2025-08-21T14:59:09","date_gmt":"2025-08-21T14:59:09","guid":{"rendered":"https:\/\/www.europesays.com\/fr\/334135\/"},"modified":"2025-08-21T14:59:09","modified_gmt":"2025-08-21T14:59:09","slug":"deux-policiers-blesses-lors-dune-interpellation-a-six-fours-les-plages","status":"publish","type":"post","link":"https:\/\/www.europesays.com\/fr\/334135\/","title":{"rendered":"deux policiers bless\u00e9s lors d\u2019une interpellation \u00e0 Six-Fours-les-Plages"},"content":{"rendered":"<p>            Par<br \/>\n        <strong><br \/>\n            <a href=\"https:\/\/actu.fr\/auteur\/guillemette-herve\" title=\"Consulter tous les articles de Agence de presse APEI\" rel=\"nofollow noopener\" target=\"_blank\">Agence de presse APEI<\/a><br \/>\n        <\/strong><\/p>\n<p>        Publi\u00e9 le<\/p>\n<p>            21 ao\u00fbt 2025 \u00e0 16h32        <\/p>\n<p>Alors qu\u2019ils patrouillent dans le centre-ville de <a href=\"https:\/\/actu.fr\/provence-alpes-cote-d-azur\/six-fours-les-plages_83129\/var-le-ya-degun-festival-s-installe-a-six-fours-les-plages_63027821.html\" rel=\"nofollow noopener\" target=\"_blank\">Six-Fours-les-Plages<\/a>, vendredi 15 ao\u00fbt 2025,\u00a0les policiers de la Brigade sp\u00e9cialis\u00e9e de terrain de La Seyne-sur-Mer croisent un motard qui fait <strong>une roue arri\u00e8re<\/strong> en voyant arriver leur voiture.<\/p>\n<p class=\" wall-content\">Bien connu des services de police, l\u2019homme de 24 ans est <strong>rapidement identifi\u00e9<\/strong> et la brigade se rend alors \u00e0 son domicile. Sur place, il refuse de sortir de son logement et insulte les forces de l\u2019ordre.<\/p>\n<p>Menaces de mort<\/p>\n<p class=\" wall-content\">L\u2019individu surgit alors et s\u2019en prend violemment aux policiers, essayant \u00e0 plusieurs reprises de s\u2019emparer de l\u2019arme de l\u2019un d\u2019eux. Il est finalement ma\u00eetris\u00e9 malgr\u00e9 <strong>l\u2019intervention de ses parents et de sa s\u0153ur<\/strong> qui tentent de s\u2019opposer \u00e0 l\u2019interpellation, comme l\u2019indique <a href=\"https:\/\/www.francebleu.fr\/infos\/faits-divers-justice\/deux-policiers-blesses-lors-d-une-interpellation-tres-tendue-a-six-fours-7748915\" rel=\"nofollow noopener\" target=\"_blank\">France Bleu<\/a>.<\/p>\n<p class=\" wall-content\">Les deux agents, bless\u00e9s au visage, ont \u00e9t\u00e9 transport\u00e9s \u00e0 l\u2019h\u00f4pital de <a href=\"https:\/\/actu.fr\/provence-alpes-cote-d-azur\/la-seyne-sur-mer_83126\/la-seyne-sur-mer-les-riverains-se-battent-contre-la-toutou-beach-la-mairie-plaide-pour-la-tolerance_62383073.html\" rel=\"nofollow noopener\" target=\"_blank\">La Seyne-sur-Mer<\/a>. La famille a \u00e9t\u00e9 plac\u00e9e en garde \u00e0 vue. Quant au jeune homme, il a \u00e9t\u00e9 condamn\u00e9 \u00e0 <strong>18 mois de prison avec mandat de d\u00e9p\u00f4t<\/strong> pour r\u00e9bellion en r\u00e9cidive, violences sur policiers, outrages et menaces de mort.<\/p>\n<p class=\" wall-content\">Personnalisez votre actualit\u00e9 en ajoutant vos villes et m\u00e9dias en favori avec <a href=\"https:\/\/moncompte.actu.fr\" title=\"D\u00e9couvez Mon Actu\" rel=\"nofollow noopener\" data-trk=\"{&quot;cta&quot;:{&quot;action&quot;:&quot;https:\\\/\\\/moncompte.actu.fr&quot;,&quot;category&quot;:&quot;mon compte&quot;,&quot;from&quot;:&quot;article footer&quot;,&quot;name&quot;:&quot;Mon actu&quot;,&quot;type&quot;:&quot;cta&quot;}}\" target=\"_blank\">Mon Actu<\/a>.<\/p>\n","protected":false},"excerpt":{"rendered":"Par Agence de presse APEI Publi\u00e9 le 21 ao\u00fbt 2025 \u00e0 16h32 Alors qu\u2019ils patrouillent dans le centre-ville&hellip;\n","protected":false},"author":2,"featured_media":334136,"comment_status":"","ping_status":"","sticky":false,"template":"","format":"standard","meta":{"footnotes":""},"categories":[9619],"tags":[1111,11,1777,674,118,1011,27,12,1072,882,25,2310],"class_list":{"0":"post-334135","1":"post","2":"type-post","3":"status-publish","4":"format-standard","5":"has-post-thumbnail","7":"category-toulon","8":"tag-actu","9":"tag-actualites","10":"tag-eu","11":"tag-europe","12":"tag-faits-divers","13":"tag-fr","14":"tag-france","15":"tag-news","16":"tag-police","17":"tag-provence-alpes-cote-dazur","18":"tag-republique-francaise","19":"tag-toulon"},"share_on_mastodon":{"url":"https:\/\/pubeurope.com\/@fr\/115067352788364287","error":""},"_links":{"self":[{"href":"https:\/\/www.europesays.com\/fr\/wp-json\/wp\/v2\/posts\/334135","targetHints":{"allow":["GET"]}}],"collection":[{"href":"https:\/\/www.europesays.com\/fr\/wp-json\/wp\/v2\/posts"}],"about":[{"href":"https:\/\/www.europesays.com\/fr\/wp-json\/wp\/v2\/types\/post"}],"author":[{"embeddable":true,"href":"https:\/\/www.europesays.com\/fr\/wp-json\/wp\/v2\/users\/2"}],"replies":[{"embeddable":true,"href":"https:\/\/www.europesays.com\/fr\/wp-json\/wp\/v2\/comments?post=334135"}],"version-history":[{"count":0,"href":"https:\/\/www.europesays.com\/fr\/wp-json\/wp\/v2\/posts\/334135\/revisions"}],"wp:featuredmedia":[{"embeddable":true,"href":"https:\/\/www.europesays.com\/fr\/wp-json\/wp\/v2\/media\/334136"}],"wp:attachment":[{"href":"https:\/\/www.europesays.com\/fr\/wp-json\/wp\/v2\/media?parent=334135"}],"wp:term":[{"taxonomy":"category","embeddable":true,"href":"https:\/\/www.europesays.com\/fr\/wp-json\/wp\/v2\/categories?post=334135"},{"taxonomy":"post_tag","embeddable":true,"href":"https:\/\/www.europesays.com\/fr\/wp-json\/wp\/v2\/tags?post=334135"}],"curies":[{"name":"wp","href":"https:\/\/api.w.org\/{rel}","templated":true}]}}