{"id":334139,"date":"2025-08-21T15:01:10","date_gmt":"2025-08-21T15:01:10","guid":{"rendered":"https:\/\/www.europesays.com\/fr\/334139\/"},"modified":"2025-08-21T15:01:10","modified_gmt":"2025-08-21T15:01:10","slug":"drame-a-montpellier-la-defaillance-dune-voiture-un-pilier-heurte-et-la-quietude-dun-couple-de-90-et-98-ans-brisee-a-jamais","status":"publish","type":"post","link":"https:\/\/www.europesays.com\/fr\/334139\/","title":{"rendered":"Drame \u00e0 Montpellier\u00a0: la d\u00e9faillance d\u2019une voiture, un pilier heurt\u00e9 et la qui\u00e9tude d\u2019un couple de 90 et 98 ans bris\u00e9e \u00e0 jamais"},"content":{"rendered":"<p>\n                                                                Une matin\u00e9e ordinaire, un simple coup de volant manqu\u00e9 et la disparition d\u2019une \u00e9pouse, terrass\u00e9e par une crise cardiaque foudroyante quelques heures plus tard\u2026 De prime abord b\u00e9nin, un accident de la route s\u2019est termin\u00e9 en drame, ce dimanche 17\u00a0ao\u00fbt \u00e0 Montpellier.\n                            <\/p>\n<p>Ce qui n\u2019aurait d\u00fb\u00a0\u00eatre qu\u2019un banal accident de la circulation s\u2019est malheureusement transform\u00e9 en drame, ce dimanche 17\u00a0ao\u00fbt \u00e0 Montpellier. Une femme de 90 ans est en effet d\u00e9c\u00e9d\u00e9e en fin d\u2019apr\u00e8s-midi d\u2019une crise cardiaque, quelques heures seulement apr\u00e8s avoir \u00e9t\u00e9 conduite au centre hospitalier\u00a0Lapeyronie.<\/p>\n<p>Il \u00e9tait aux alentours de 9\u00a0h\u00a045 ce jour-l\u00e0, lorsque son \u00e9poux, \u00e2g\u00e9 de 98 ans, a perdu le contr\u00f4le de sa voiture en tentant de rentrer dans leur propri\u00e9t\u00e9, implant\u00e9e \u00e0 Aiguelongue. Le v\u00e9hicule a percut\u00e9 de plein fouet le pilier gauche du portail, dans un fracas qui a bris\u00e9 la qui\u00e9tude dominicale du quartier\u00a0o\u00f9 ce couple, \u00e2g\u00e9, partageait encore son quotidien \u00e0 l\u2019automne de la vie.<\/p>\n<p>Bien que les deux airbags se soient d\u00e9clench\u00e9s, le conducteur\u00a0a \u00e9t\u00e9 retrouv\u00e9 les mains en sang, se plaignant de douleurs costales. Sa femme, assise \u00e0 ses c\u00f4t\u00e9s, pr\u00e9sentait une suspicion de fracture de la main gauche et souffrait de plaies au bras et de vives douleurs dorsales et cervicales. Sous le choc, ils ont tous deux \u00e9t\u00e9 pris en charge par les sapeurs-pompiers de l\u2019H\u00e9rault et les urgentistes du Samu 34, avant d\u2019\u00eatre conduits aux urgences du CHU. Les examens n\u2019avaient alors rien r\u00e9v\u00e9l\u00e9 d\u2019inqui\u00e9tant, laissant esp\u00e9rer une issue sans gravit\u00e9.<\/p>\n<p>Aux blessures physiques s\u2019ajoute la perte d\u2019un \u00eatre cher<\/p>\n<p>L\u2019enqu\u00eate, confi\u00e9e \u00e0 la brigade accident du commissariat central, aurait conclu \u00ab\u00a0\u00e0 une d\u00e9faillance de la voiture\u00a0\u00bb, selon le fils des deux victimes. L\u2019histoire aurait pu s\u2019arr\u00eater l\u00e0. Mais l\u2019apr\u00e8s-midi a bascul\u00e9 dans la trag\u00e9die.<\/p>\n<p>Vers 16\u00a0heures en effet, l\u2019\u00e9tat de sant\u00e9 de la nonag\u00e9naire s\u2019est brutalement d\u00e9grad\u00e9. Et malgr\u00e9 les efforts du corps m\u00e9dical, elle n\u2019a pu \u00eatre ranim\u00e9e, terrass\u00e9e par une crise cardiaque foudroyante. \u00c0 la douleur des blessures s\u2019ajoute d\u00e9sormais celle de la perte d\u2019un \u00eatre cher pour le nonag\u00e9naire, toujours hospitalis\u00e9.<\/p>\n","protected":false},"excerpt":{"rendered":"Une matin\u00e9e ordinaire, un simple coup de volant manqu\u00e9 et la disparition d\u2019une \u00e9pouse, terrass\u00e9e par une crise&hellip;\n","protected":false},"author":2,"featured_media":334140,"comment_status":"","ping_status":"","sticky":false,"template":"","format":"standard","meta":{"footnotes":""},"categories":[9599],"tags":[1111,11,1777,674,1011,27,2208,12,2680,25],"class_list":{"0":"post-334139","1":"post","2":"type-post","3":"status-publish","4":"format-standard","5":"has-post-thumbnail","7":"category-montpellier","8":"tag-actu","9":"tag-actualites","10":"tag-eu","11":"tag-europe","12":"tag-fr","13":"tag-france","14":"tag-montpellier","15":"tag-news","16":"tag-occitanie","17":"tag-republique-francaise"},"share_on_mastodon":{"url":"https:\/\/pubeurope.com\/@fr\/115067360680913961","error":""},"_links":{"self":[{"href":"https:\/\/www.europesays.com\/fr\/wp-json\/wp\/v2\/posts\/334139","targetHints":{"allow":["GET"]}}],"collection":[{"href":"https:\/\/www.europesays.com\/fr\/wp-json\/wp\/v2\/posts"}],"about":[{"href":"https:\/\/www.europesays.com\/fr\/wp-json\/wp\/v2\/types\/post"}],"author":[{"embeddable":true,"href":"https:\/\/www.europesays.com\/fr\/wp-json\/wp\/v2\/users\/2"}],"replies":[{"embeddable":true,"href":"https:\/\/www.europesays.com\/fr\/wp-json\/wp\/v2\/comments?post=334139"}],"version-history":[{"count":0,"href":"https:\/\/www.europesays.com\/fr\/wp-json\/wp\/v2\/posts\/334139\/revisions"}],"wp:featuredmedia":[{"embeddable":true,"href":"https:\/\/www.europesays.com\/fr\/wp-json\/wp\/v2\/media\/334140"}],"wp:attachment":[{"href":"https:\/\/www.europesays.com\/fr\/wp-json\/wp\/v2\/media?parent=334139"}],"wp:term":[{"taxonomy":"category","embeddable":true,"href":"https:\/\/www.europesays.com\/fr\/wp-json\/wp\/v2\/categories?post=334139"},{"taxonomy":"post_tag","embeddable":true,"href":"https:\/\/www.europesays.com\/fr\/wp-json\/wp\/v2\/tags?post=334139"}],"curies":[{"name":"wp","href":"https:\/\/api.w.org\/{rel}","templated":true}]}}