{"id":334143,"date":"2025-08-21T15:06:11","date_gmt":"2025-08-21T15:06:11","guid":{"rendered":"https:\/\/www.europesays.com\/fr\/334143\/"},"modified":"2025-08-21T15:06:11","modified_gmt":"2025-08-21T15:06:11","slug":"sarcenas-une-soiree-musicale-retro-folk-ce-vendredi-22-aout","status":"publish","type":"post","link":"https:\/\/www.europesays.com\/fr\/334143\/","title":{"rendered":"Sarcenas. Une soir\u00e9e musicale r\u00e9tro folk ce vendredi 22\u00a0ao\u00fbt"},"content":{"rendered":"<p>Lula Maeve (Maeva Parriaux) \u00e0 la guitare et Feel Fox (Philippe Rennard) au banjo animeront une soir\u00e9e r\u00e9tro folk au domaine de Rozan \u00e0 Sarcenas ce vendredi 22\u00a0ao\u00fbt. Avec humour, ils feront revivre les tubes du pass\u00e9, de Dolly Parton \u00e0 Bob Dylan, des Beatles \u00e0 David Bowie, en passant par Georges Brassens, Fran\u00e7oise Hardy, Serge Gainsbourg et Dalida. Le duo jouera \u00e9galement ses compositions.<\/p>\n<p class=\"note\">Vendredi 22\u00a0ao\u00fbt \u00e0 20\u00a0h, au domaine de Rozan. Participation au chapeau.<\/p>\n","protected":false},"excerpt":{"rendered":"Lula Maeve (Maeva Parriaux) \u00e0 la guitare et Feel Fox (Philippe Rennard) au banjo animeront une soir\u00e9e r\u00e9tro&hellip;\n","protected":false},"author":2,"featured_media":334144,"comment_status":"","ping_status":"","sticky":false,"template":"","format":"standard","meta":{"footnotes":""},"categories":[9566],"tags":[1111,11,2430,1687,112,1777,674,1011,27,2731,9598,873,12,25,25353],"class_list":{"0":"post-334143","1":"post","2":"type-post","3":"status-publish","4":"format-standard","5":"has-post-thumbnail","7":"category-grenoble","8":"tag-actu","9":"tag-actualites","10":"tag-auvergne-rhone-alpes","11":"tag-culture-loisirs","12":"tag-edition-grenoble-agglomeration","13":"tag-eu","14":"tag-europe","15":"tag-fr","16":"tag-france","17":"tag-grenoble","18":"tag-meylan-et-autour","19":"tag-musique","20":"tag-news","21":"tag-republique-francaise","22":"tag-sarcenas"},"share_on_mastodon":{"url":"https:\/\/pubeurope.com\/@fr\/115067380250354323","error":""},"_links":{"self":[{"href":"https:\/\/www.europesays.com\/fr\/wp-json\/wp\/v2\/posts\/334143","targetHints":{"allow":["GET"]}}],"collection":[{"href":"https:\/\/www.europesays.com\/fr\/wp-json\/wp\/v2\/posts"}],"about":[{"href":"https:\/\/www.europesays.com\/fr\/wp-json\/wp\/v2\/types\/post"}],"author":[{"embeddable":true,"href":"https:\/\/www.europesays.com\/fr\/wp-json\/wp\/v2\/users\/2"}],"replies":[{"embeddable":true,"href":"https:\/\/www.europesays.com\/fr\/wp-json\/wp\/v2\/comments?post=334143"}],"version-history":[{"count":0,"href":"https:\/\/www.europesays.com\/fr\/wp-json\/wp\/v2\/posts\/334143\/revisions"}],"wp:featuredmedia":[{"embeddable":true,"href":"https:\/\/www.europesays.com\/fr\/wp-json\/wp\/v2\/media\/334144"}],"wp:attachment":[{"href":"https:\/\/www.europesays.com\/fr\/wp-json\/wp\/v2\/media?parent=334143"}],"wp:term":[{"taxonomy":"category","embeddable":true,"href":"https:\/\/www.europesays.com\/fr\/wp-json\/wp\/v2\/categories?post=334143"},{"taxonomy":"post_tag","embeddable":true,"href":"https:\/\/www.europesays.com\/fr\/wp-json\/wp\/v2\/tags?post=334143"}],"curies":[{"name":"wp","href":"https:\/\/api.w.org\/{rel}","templated":true}]}}