{"id":334145,"date":"2025-08-21T15:07:11","date_gmt":"2025-08-21T15:07:11","guid":{"rendered":"https:\/\/www.europesays.com\/fr\/334145\/"},"modified":"2025-08-21T15:07:11","modified_gmt":"2025-08-21T15:07:11","slug":"grenoble-elhee-repense-la-puericulture-avec-une-approche-exigeante-et-innovante","status":"publish","type":"post","link":"https:\/\/www.europesays.com\/fr\/334145\/","title":{"rendered":"GRENOBLE : \u00c9lh\u00e9e\u00a0repense la pu\u00e9riculture avec une approche exigeante et innovante"},"content":{"rendered":"<p><strong>Depuis 2019,\u00a0\u00c9lh\u00e9e\u00a0repense la pu\u00e9riculture avec une approche exigeante et innovante, soutenue par un\u00a0savoir-faire industriel unique en France.<\/strong><\/p>\n<p>\u00c0 l\u2019origine de cette aventure : un partenariat \u00e9troit avec notre fabricant historique, d\u00e9tenteur de l\u2019usine o\u00f9 chaque produit \u00c9lh\u00e9e prend vie\u00a0<strong>entre Grenoble et Saint-Marcellin (Is\u00e8re).<\/strong><\/p>\n<p>Ce partenariat est bien plus qu\u2019une simple collaboration :\u00a0<strong>c\u2019est une co-cr\u00e9ation<\/strong>. Ensemble, ils ont d\u00e9velopp\u00e9\u00a0<strong>des technologies de fabrication in\u00e9dites<\/strong>, prot\u00e9g\u00e9es par plusieurs\u00a0<strong>brevets fran\u00e7ais, europ\u00e9ens et am\u00e9ricains<\/strong>. De la conception \u00e0 la logistique, ils ont fait le choix d\u2019une <strong>production fran\u00e7aise<\/strong>\u00a0pour garantir\u00a0<strong>qualit\u00e9, tra\u00e7abilit\u00e9 et respect de l\u2019environnement<\/strong>.<\/p>\n<p><strong>Ainsi, les coulisses de cette expertise industrielle et les diff\u00e9rentes \u00e9tapes qui donnent naissance aux produits \u00c9lh\u00e9e<\/strong> :<\/p>\n<p>\u2013\u00a0<strong>L\u2019atelier d\u2019injection silicone<\/strong>, o\u00f9 la mati\u00e8re prend forme avec pr\u00e9cision et exigence.<\/p>\n<p>\u2013\u00a0<strong>La cellule de sublimation<\/strong>, qui applique des d\u00e9cors innovants sur nos biberons.<\/p>\n<p>\u2013\u00a0<strong>Le bureau d\u2019\u00e9tudes et de design produit<\/strong>, o\u00f9 chaque d\u00e9tail est pens\u00e9 pour allier esth\u00e9tique et fonctionnalit\u00e9.<\/p>\n<p>\u2013\u00a0<strong>L\u2019atelier qualit\u00e9<\/strong>, garant de la s\u00e9curit\u00e9 et de la fiabilit\u00e9 de chaque produit.<\/p>\n<p>\u2013\u00a0<strong>Le centre logistique<\/strong>, c\u0153ur de notre engagement pour une distribution fluide et optimis\u00e9.<\/p>\n","protected":false},"excerpt":{"rendered":"Depuis 2019,\u00a0\u00c9lh\u00e9e\u00a0repense la pu\u00e9riculture avec une approche exigeante et innovante, soutenue par un\u00a0savoir-faire industriel unique en France. \u00c0&hellip;\n","protected":false},"author":2,"featured_media":334146,"comment_status":"","ping_status":"","sticky":false,"template":"","format":"standard","meta":{"footnotes":""},"categories":[9566],"tags":[1111,11,2430,1777,674,1011,27,2731,12,25],"class_list":{"0":"post-334145","1":"post","2":"type-post","3":"status-publish","4":"format-standard","5":"has-post-thumbnail","7":"category-grenoble","8":"tag-actu","9":"tag-actualites","10":"tag-auvergne-rhone-alpes","11":"tag-eu","12":"tag-europe","13":"tag-fr","14":"tag-france","15":"tag-grenoble","16":"tag-news","17":"tag-republique-francaise"},"share_on_mastodon":{"url":"https:\/\/pubeurope.com\/@fr\/115067384169317965","error":""},"_links":{"self":[{"href":"https:\/\/www.europesays.com\/fr\/wp-json\/wp\/v2\/posts\/334145","targetHints":{"allow":["GET"]}}],"collection":[{"href":"https:\/\/www.europesays.com\/fr\/wp-json\/wp\/v2\/posts"}],"about":[{"href":"https:\/\/www.europesays.com\/fr\/wp-json\/wp\/v2\/types\/post"}],"author":[{"embeddable":true,"href":"https:\/\/www.europesays.com\/fr\/wp-json\/wp\/v2\/users\/2"}],"replies":[{"embeddable":true,"href":"https:\/\/www.europesays.com\/fr\/wp-json\/wp\/v2\/comments?post=334145"}],"version-history":[{"count":0,"href":"https:\/\/www.europesays.com\/fr\/wp-json\/wp\/v2\/posts\/334145\/revisions"}],"wp:featuredmedia":[{"embeddable":true,"href":"https:\/\/www.europesays.com\/fr\/wp-json\/wp\/v2\/media\/334146"}],"wp:attachment":[{"href":"https:\/\/www.europesays.com\/fr\/wp-json\/wp\/v2\/media?parent=334145"}],"wp:term":[{"taxonomy":"category","embeddable":true,"href":"https:\/\/www.europesays.com\/fr\/wp-json\/wp\/v2\/categories?post=334145"},{"taxonomy":"post_tag","embeddable":true,"href":"https:\/\/www.europesays.com\/fr\/wp-json\/wp\/v2\/tags?post=334145"}],"curies":[{"name":"wp","href":"https:\/\/api.w.org\/{rel}","templated":true}]}}