{"id":334149,"date":"2025-08-21T15:10:13","date_gmt":"2025-08-21T15:10:13","guid":{"rendered":"https:\/\/www.europesays.com\/fr\/334149\/"},"modified":"2025-08-21T15:10:13","modified_gmt":"2025-08-21T15:10:13","slug":"strasbourg-250-jeunes-bas-rhinois-a-paris-pour-une-journee-de-vacances-de-ouf","status":"publish","type":"post","link":"https:\/\/www.europesays.com\/fr\/334149\/","title":{"rendered":"Strasbourg. 250 jeunes Bas-Rhinois \u00e0 Paris pour une journ\u00e9e de vacances \u00ab\u00a0de ouf !\u00a0\u00bb"},"content":{"rendered":"<p>\u00ab\u00a0Nous voulons que chaque enfant ait quelque chose \u00e0 raconter \u00e0 la rentr\u00e9e pour \u00e9viter toute stigmatisation\u00a0\u00bb, raconte Camille Vega, directeur g\u00e9n\u00e9ral du <a href=\"https:\/\/www.dna.fr\/education\/2025\/08\/08\/le-secours-populaire-et-caritas-aident-les-familles-precaires-pour-les-fournitures-scolaires\" target=\"_blank\" rel=\"nofollow noopener\">Secours populaire du Bas-Rhin<\/a>. La Journ\u00e9e \u00ab\u00a0de ouf\u00a0!\u00a0\u00bb de ce mercredi 20\u00a0ao\u00fbt a permis \u00e0 250 enfants de Strasbourg et alentours de d\u00e9couvrir Paris et de revenir avec des \u00e9toiles dans les yeux. Au programme, mus\u00e9e Gr\u00e9vin, concerts et autres surprises.<\/p>\n<p>  Des souvenirs plein la t\u00eate<\/p>\n<p>\u00ab\u00a0C\u2019est sportif mais c\u2019est tr\u00e8s cool.\u00a0\u00bb Voil\u00e0 comment Fran\u00e7oise, l\u2019une des 50 accompagnatrices du Secours populaire, r\u00e9sume sa journ\u00e9e. Constat partag\u00e9 par Razan, 12 ans\u00a0: \u00ab\u00a0J\u2019ai trop aim\u00e9 mais je commence \u00e0 \u00eatre fatigu\u00e9e\u00a0\u00bb.<\/p>\n<p>Ce contenu est bloqu\u00e9 car vous n&rsquo;avez pas accept\u00e9 les cookies et autres traceurs.<\/p>\n<p>En cliquant sur \u00ab J\u2019accepte \u00bb, les cookies et autres traceurs seront d\u00e9pos\u00e9s et vous pourrez visualiser les contenus  (<a href=\"\" class=\"consentModule_policy\" target=\"_blank\" title=\"Consulter la politique de protection des donn\u00e9es du fournisseur\">plus d&rsquo;informations<\/a>).<\/p>\n<p>En cliquant sur \u00ab J\u2019accepte tous les cookies \u00bb, vous autorisez des d\u00e9p\u00f4ts de cookies et autres traceurs pour le stockage de vos donn\u00e9es sur nos sites et applications \u00e0 des fins de personnalisation et de ciblage publicitaire.<\/p>\n<p class=\"consentModule_secondaryText\">Vous gardez la possibilit\u00e9 de retirer votre consentement \u00e0 tout moment en consultant notre <a href=\"https:\/\/www.dna.fr\/protection-des-donnees\" target=\"_blank\" title=\"Consulter notre politique de protection des donn\u00e9es\" rel=\"nofollow noopener\">politique de protection des donn\u00e9es<\/a>. <br \/>&#13;<br \/>\n            <a href=\"https:\/\/www.dna.fr\/social\/2025\/08\/21\/javascript:Didomi.notice.show()\" class=\"consentModule_cmp\" rel=\"nofollow noopener\" target=\"_blank\">G\u00e9rer mes choix<\/a>&#13;\n        <\/p>\n<p>&#13;<br \/>\n                        J&rsquo;accepte&#13;<br \/>\n            J&rsquo;accepte tous les cookies&#13;\n        <\/p>\n<p>Avec un d\u00e9part \u00e0 6\u00a0h\u00a030 et un retour \u00e0 Strasbourg apr\u00e8s 19\u00a0h, les enfants ont eu le temps de d\u00e9couvrir Paris, \u00e0 commencer par le m\u00e9tro qui en a intrigu\u00e9 certains. La visite du mus\u00e9e Gr\u00e9vin le matin a beaucoup plu et les photos avec les statues de cire ont fleuri avant le grand pique-nique au pied de la tour Eiffel.<\/p>\n<p>Mohanad, 8 ans, casquette du Secours populaire viss\u00e9e sur la t\u00eate, raconte\u00a0: \u00ab\u00a0Il y avait plein de monde, j\u2019ai pu me faire des copains et on a chant\u00e9 et dans\u00e9 pendant les concerts\u00a0\u00bb. Il a jou\u00e9 tout l\u2019apr\u00e8s-midi au rythme de <a href=\"https:\/\/www.dna.fr\/p\/vitaa\" target=\"_blank\" rel=\"nofollow noopener\">Vitaa<\/a> et Bigflo et Oli. Le jeune Strasbourgeois a surtout \u00e9t\u00e9 \u00e9merveill\u00e9 par le survol du Champ de Mars par la Patrouille de France. \u00ab\u00a0C\u2019\u00e9tait une grande surprise qui a beaucoup impressionn\u00e9\u00a0\u00bb, selon Camille Vega.<\/p>\n<p>Au retour dans la gare de Strasbourg, chacun s\u2019est rem\u00e9mor\u00e9 <a href=\"https:\/\/www.dna.fr\/societe\/2025\/08\/20\/c-est-une-injustice-les-enfants-de-familles-precaires-les-grands-oublies-des-vacances\" target=\"_blank\" rel=\"nofollow noopener\">cette journ\u00e9e. Voil\u00e0 des souvenirs grav\u00e9s pour toujours<\/a> dans les m\u00e9moires.<\/p>\n<p>  Sensibiliser \u00e0 la citoyennet\u00e9<\/p>\n<p>La journ\u00e9e a aussi \u00e9t\u00e9 marqu\u00e9e par la solidarit\u00e9. \u00ab\u00a0Nous avons sensibilis\u00e9 les enfants au b\u00e9n\u00e9volat et \u00e0 la citoyennet\u00e9, certains veulent d\u00e9j\u00e0 s\u2019engager\u00a0\u00bb, d\u00e9taille Camille Vega. Les jeunes se sont notamment empar\u00e9s du th\u00e8me de l\u2019acc\u00e8s \u00e0 l\u2019eau pendant les animations sur le Champ de Mars. L\u2019association a aussi emmen\u00e9 cinq jeunes Serbes d\u2019une d\u00e9l\u00e9gation arriv\u00e9e \u00e0 Strasbourg le 15\u00a0ao\u00fbt. \u00ab\u00a0La fatigue et le stress importent peu apr\u00e8s une journ\u00e9e inoubliable pour ces enfants de tous horizons\u00a0\u00bb, conclut Camille Vega.<\/p>\n","protected":false},"excerpt":{"rendered":"\u00ab\u00a0Nous voulons que chaque enfant ait quelque chose \u00e0 raconter \u00e0 la rentr\u00e9e pour \u00e9viter toute stigmatisation\u00a0\u00bb, raconte&hellip;\n","protected":false},"author":2,"featured_media":334150,"comment_status":"","ping_status":"","sticky":false,"template":"","format":"standard","meta":{"footnotes":""},"categories":[2820],"tags":[1111,11,2880,1777,674,107,1011,27,775,12,25,801,104,640,2879,1631],"class_list":{"0":"post-334149","1":"post","2":"type-post","3":"status-publish","4":"format-standard","5":"has-post-thumbnail","7":"category-strasbourg","8":"tag-actu","9":"tag-actualites","10":"tag-edition-strasbourg","11":"tag-eu","12":"tag-europe","13":"tag-fil-info","14":"tag-fr","15":"tag-france","16":"tag-grand-est","17":"tag-news","18":"tag-republique-francaise","19":"tag-social","20":"tag-societe","21":"tag-strasbourg","22":"tag-strasbourg-ville","23":"tag-vie-associative"},"share_on_mastodon":{"url":"https:\/\/pubeurope.com\/@fr\/115067396147997498","error":""},"_links":{"self":[{"href":"https:\/\/www.europesays.com\/fr\/wp-json\/wp\/v2\/posts\/334149","targetHints":{"allow":["GET"]}}],"collection":[{"href":"https:\/\/www.europesays.com\/fr\/wp-json\/wp\/v2\/posts"}],"about":[{"href":"https:\/\/www.europesays.com\/fr\/wp-json\/wp\/v2\/types\/post"}],"author":[{"embeddable":true,"href":"https:\/\/www.europesays.com\/fr\/wp-json\/wp\/v2\/users\/2"}],"replies":[{"embeddable":true,"href":"https:\/\/www.europesays.com\/fr\/wp-json\/wp\/v2\/comments?post=334149"}],"version-history":[{"count":0,"href":"https:\/\/www.europesays.com\/fr\/wp-json\/wp\/v2\/posts\/334149\/revisions"}],"wp:featuredmedia":[{"embeddable":true,"href":"https:\/\/www.europesays.com\/fr\/wp-json\/wp\/v2\/media\/334150"}],"wp:attachment":[{"href":"https:\/\/www.europesays.com\/fr\/wp-json\/wp\/v2\/media?parent=334149"}],"wp:term":[{"taxonomy":"category","embeddable":true,"href":"https:\/\/www.europesays.com\/fr\/wp-json\/wp\/v2\/categories?post=334149"},{"taxonomy":"post_tag","embeddable":true,"href":"https:\/\/www.europesays.com\/fr\/wp-json\/wp\/v2\/tags?post=334149"}],"curies":[{"name":"wp","href":"https:\/\/api.w.org\/{rel}","templated":true}]}}