{"id":334153,"date":"2025-08-21T15:12:12","date_gmt":"2025-08-21T15:12:12","guid":{"rendered":"https:\/\/www.europesays.com\/fr\/334153\/"},"modified":"2025-08-21T15:12:12","modified_gmt":"2025-08-21T15:12:12","slug":"un-incendie-sans-gravite-sur-la-202-provoque-un-important-embouteillage-a-nice-ouest","status":"publish","type":"post","link":"https:\/\/www.europesays.com\/fr\/334153\/","title":{"rendered":"Un incendie sans gravit\u00e9 sur la 202 provoque un important embouteillage \u00e0 Nice Ouest"},"content":{"rendered":"<p>Ce jeudi 21 ao\u00fbt, vers 16 heures, un incendie s\u2019est d\u00e9clar\u00e9 sur le terre-plein central de la route de Grenoble, au niveau du centre commercial Lingosti\u00e8re \u00e0 Nice.<\/p>\n<p><strong>D&rsquo;importants embouteillages sur le secteur<\/strong><\/p>\n<p>Les sapeurs-pompiers sont imm\u00e9diatement intervenus pour ma\u00eetriser les flammes, qui ont parcouru environ 30m\u00b2.<\/p>\n<p>L\u2019intervention des secours a toutefois provoqu\u00e9 d\u2019importants embouteillages dans ce secteur tr\u00e8s fr\u00e9quent\u00e9.\u00a0<\/p>\n","protected":false},"excerpt":{"rendered":"Ce jeudi 21 ao\u00fbt, vers 16 heures, un incendie s\u2019est d\u00e9clar\u00e9 sur le terre-plein central de la route&hellip;\n","protected":false},"author":2,"featured_media":334154,"comment_status":"","ping_status":"","sticky":false,"template":"","format":"standard","meta":{"footnotes":""},"categories":[2819],"tags":[1111,11,1777,674,118,1011,27,12,2401,882,25],"class_list":{"0":"post-334153","1":"post","2":"type-post","3":"status-publish","4":"format-standard","5":"has-post-thumbnail","7":"category-nice","8":"tag-actu","9":"tag-actualites","10":"tag-eu","11":"tag-europe","12":"tag-faits-divers","13":"tag-fr","14":"tag-france","15":"tag-news","16":"tag-nice","17":"tag-provence-alpes-cote-dazur","18":"tag-republique-francaise"},"share_on_mastodon":{"url":"https:\/\/pubeurope.com\/@fr\/115067403841154893","error":""},"_links":{"self":[{"href":"https:\/\/www.europesays.com\/fr\/wp-json\/wp\/v2\/posts\/334153","targetHints":{"allow":["GET"]}}],"collection":[{"href":"https:\/\/www.europesays.com\/fr\/wp-json\/wp\/v2\/posts"}],"about":[{"href":"https:\/\/www.europesays.com\/fr\/wp-json\/wp\/v2\/types\/post"}],"author":[{"embeddable":true,"href":"https:\/\/www.europesays.com\/fr\/wp-json\/wp\/v2\/users\/2"}],"replies":[{"embeddable":true,"href":"https:\/\/www.europesays.com\/fr\/wp-json\/wp\/v2\/comments?post=334153"}],"version-history":[{"count":0,"href":"https:\/\/www.europesays.com\/fr\/wp-json\/wp\/v2\/posts\/334153\/revisions"}],"wp:featuredmedia":[{"embeddable":true,"href":"https:\/\/www.europesays.com\/fr\/wp-json\/wp\/v2\/media\/334154"}],"wp:attachment":[{"href":"https:\/\/www.europesays.com\/fr\/wp-json\/wp\/v2\/media?parent=334153"}],"wp:term":[{"taxonomy":"category","embeddable":true,"href":"https:\/\/www.europesays.com\/fr\/wp-json\/wp\/v2\/categories?post=334153"},{"taxonomy":"post_tag","embeddable":true,"href":"https:\/\/www.europesays.com\/fr\/wp-json\/wp\/v2\/tags?post=334153"}],"curies":[{"name":"wp","href":"https:\/\/api.w.org\/{rel}","templated":true}]}}