{"id":334156,"date":"2025-08-21T15:14:16","date_gmt":"2025-08-21T15:14:16","guid":{"rendered":"https:\/\/www.europesays.com\/fr\/334156\/"},"modified":"2025-08-21T15:14:16","modified_gmt":"2025-08-21T15:14:16","slug":"les-bacs-de-la-loire-changent-dhoraires","status":"publish","type":"post","link":"https:\/\/www.europesays.com\/fr\/334156\/","title":{"rendered":"Les bacs de la Loire changent d&rsquo;horaires"},"content":{"rendered":"<p>                            <strong>Le D\u00e9partement de la Loire-Atlantique annonce que les horaires vont \u00eatre modifi\u00e9s pour les liaisons Cou\u00ebron-Le Pellerin et Basse Indre-Indret \u00e0 partir du 1er septembre 2025.<\/strong><\/p>\n<p>Afin de \u00ab\u00a0mieux r\u00e9pondre aux besoins des usagers\u00a0\u00bb, les horaires des bacs de la Loire vont changer d\u00e8s le 1er septembre comme l\u2019explique le <strong><a href=\"https:\/\/hellogazettenantes.fr\/loire-atlantique-16-projets-de-collectivites-soutenus-par-le-departement\/\" rel=\"nofollow noopener\" target=\"_blank\">D\u00e9partement de la Loire-Atlantique<\/a><\/strong> dans un communiqu\u00e9. Cette modification concernera les liaisons Cou\u00ebron-Le Pellerin et Basse-Indre- Indret.\u00a0<\/p>\n<p>Les deux liaisons auront ainsi la m\u00eame amplitude horaire entre 6h et 21h30. \u00ab Les rotations resteront toutes les 20 minutes, avec un service acc\u00e9l\u00e9r\u00e9 aux heures de pointe (7h-9h et 17h-19h) \u00bb est-il pr\u00e9cis\u00e9. Une d\u00e9cision prise suite \u00e0 l\u2019analyse des usagers et les retours des utilisateurs montrant notamment une faible fr\u00e9quentation sur les premi\u00e8res et derni\u00e8res travers\u00e9es de la liaison Basse-Indre- Indret.<\/p>\n<p>Il s\u2019agit de \u00ab\u00a0proposer un service public de qualit\u00e9, adapt\u00e9 aux usages r\u00e9els, respectueux de l\u2019environnement et en phase avec les attentes des habitants. Cette \u00e9volution s\u2019inscrit pleinement dans les objectifs de transition \u00e9cologique et de d\u00e9veloppement des mobilit\u00e9s durables port\u00e9s par la collectivit\u00e9\u00a0\u00bb souligne Freddy Hervochon, Vice-Pr\u00e9sident du D\u00e9partement aux mobilit\u00e9s.<\/p>\n<p>Ce service gratuit du D\u00e9partement transporte environ 2,3 millions de passagers chaque ann\u00e9e.            <\/p>\n<p><img decoding=\"async\" alt=\"Advertisement\" src=\"data:image\/svg+xml,%3Csvg%20xmlns=\" http:=\"\" data-lazy-src=\"https:\/\/www.europesays.com\/fr\/wp-content\/uploads\/2025\/04\/Application-mobile-hello-gazette-nantes.gif\"\/><\/p>\n","protected":false},"excerpt":{"rendered":"Le D\u00e9partement de la Loire-Atlantique annonce que les horaires vont \u00eatre modifi\u00e9s pour les liaisons Cou\u00ebron-Le Pellerin et&hellip;\n","protected":false},"author":2,"featured_media":334157,"comment_status":"","ping_status":"","sticky":false,"template":"","format":"standard","meta":{"footnotes":""},"categories":[2818],"tags":[1111,11,1777,674,1011,27,766,12,2636,25],"class_list":{"0":"post-334156","1":"post","2":"type-post","3":"status-publish","4":"format-standard","5":"has-post-thumbnail","7":"category-nantes","8":"tag-actu","9":"tag-actualites","10":"tag-eu","11":"tag-europe","12":"tag-fr","13":"tag-france","14":"tag-nantes","15":"tag-news","16":"tag-pays-de-la-loire","17":"tag-republique-francaise"},"share_on_mastodon":{"url":"https:\/\/pubeurope.com\/@fr\/115067411875664633","error":""},"_links":{"self":[{"href":"https:\/\/www.europesays.com\/fr\/wp-json\/wp\/v2\/posts\/334156","targetHints":{"allow":["GET"]}}],"collection":[{"href":"https:\/\/www.europesays.com\/fr\/wp-json\/wp\/v2\/posts"}],"about":[{"href":"https:\/\/www.europesays.com\/fr\/wp-json\/wp\/v2\/types\/post"}],"author":[{"embeddable":true,"href":"https:\/\/www.europesays.com\/fr\/wp-json\/wp\/v2\/users\/2"}],"replies":[{"embeddable":true,"href":"https:\/\/www.europesays.com\/fr\/wp-json\/wp\/v2\/comments?post=334156"}],"version-history":[{"count":0,"href":"https:\/\/www.europesays.com\/fr\/wp-json\/wp\/v2\/posts\/334156\/revisions"}],"wp:featuredmedia":[{"embeddable":true,"href":"https:\/\/www.europesays.com\/fr\/wp-json\/wp\/v2\/media\/334157"}],"wp:attachment":[{"href":"https:\/\/www.europesays.com\/fr\/wp-json\/wp\/v2\/media?parent=334156"}],"wp:term":[{"taxonomy":"category","embeddable":true,"href":"https:\/\/www.europesays.com\/fr\/wp-json\/wp\/v2\/categories?post=334156"},{"taxonomy":"post_tag","embeddable":true,"href":"https:\/\/www.europesays.com\/fr\/wp-json\/wp\/v2\/tags?post=334156"}],"curies":[{"name":"wp","href":"https:\/\/api.w.org\/{rel}","templated":true}]}}