{"id":334158,"date":"2025-08-21T15:15:34","date_gmt":"2025-08-21T15:15:34","guid":{"rendered":"https:\/\/www.europesays.com\/fr\/334158\/"},"modified":"2025-08-21T15:15:34","modified_gmt":"2025-08-21T15:15:34","slug":"un-eleve-dune-grande-ecole-vire-pour-avoir-filme-des-etudiantes-a-leur-insu","status":"publish","type":"post","link":"https:\/\/www.europesays.com\/fr\/334158\/","title":{"rendered":"Un \u00e9l\u00e8ve d\u2019une grande \u00e9cole vir\u00e9 pour avoir film\u00e9 des \u00e9tudiantes \u00e0 leur insu"},"content":{"rendered":"<p>L\u2019information \u00e9tait jusqu\u2019\u00e0 pr\u00e9sent rest\u00e9e confidentielle. Fin avril, un scandale a \u00e9clat\u00e9 au sein de l\u2019Institut des arts et m\u00e9tiers <a href=\"https:\/\/www.20minutes.fr\/faits_divers\/faits-divers-nantes\/\" class=\"c-link c-link--is-underlined\" target=\"_blank\" rel=\"noopener\">de Nantes<\/a> avec l\u2019exclusion d\u2019un \u00e9tudiant pour voyeurisme, <a href=\"https:\/\/www.ouest-france.fr\/societe\/faits-divers\/des-etudiantes-filmees-a-leur-insu-dans-linternat-dune-ecole-de-nantes-3cd44f4c-7dac-11f0-a01f-a0b34f4aa520\" rel=\"nofollow noopener\" target=\"_blank\" class=\"c-link c-link--is-underlined\">comme le rapporte Presse-Oc\u00e9an<\/a>. \u00c9l\u00e8ve en seconde ann\u00e9e, ce dernier avait \u00e9labor\u00e9 un dispositif assez particulier pour filmer des \u00e9tudiantes \u00e0 leur insu \u00e0 l\u2019internat. Ayant le double des cl\u00e9s, l\u2019\u00e9tudiant, qui effectuait des petites t\u00e2ches du quotidien et du gardiennage au sein de l\u2019internat, en avait profit\u00e9 pour installer <a href=\"https:\/\/www.20minutes.fr\/dossier\/camera\" class=\"c-link c-link--is-underlined\" target=\"_blank\" rel=\"noopener\">une cam\u00e9ra<\/a> dans les prises \u00e9lectriques de certaines chambres.<\/p>\n<p>Sa combine avait \u00e9t\u00e9 d\u00e9masqu\u00e9e par une \u00e9tudiante qui, s\u2019\u00e9tonnant que sa prise ne marchait pas, avait d\u00e9mont\u00e9 le cache et d\u00e9couvert la cam\u00e9ra. Selon le quotidien, dix jeunes femmes ont \u00e9t\u00e9 victimes de l\u2019\u00e9tudiant qui a \u00e9t\u00e9 exclu d\u00e9finitivement de toutes les \u00e9coles Icam de France. Un signalement a \u00e9galement \u00e9t\u00e9 effectu\u00e9 au parquet de Nantes qui d\u00e9cidera des suites judiciaires \u00e0 donner ou non \u00e0 cette affaire.<\/p>\n","protected":false},"excerpt":{"rendered":"L\u2019information \u00e9tait jusqu\u2019\u00e0 pr\u00e9sent rest\u00e9e confidentielle. Fin avril, un scandale a \u00e9clat\u00e9 au sein de l\u2019Institut des arts&hellip;\n","protected":false},"author":2,"featured_media":334159,"comment_status":"","ping_status":"","sticky":false,"template":"","format":"standard","meta":{"footnotes":""},"categories":[2818],"tags":[1111,47,11,39826,13701,1122,4081,1777,674,118,6944,1011,27,3047,766,12,2636,25,7435],"class_list":{"0":"post-334158","1":"post","2":"type-post","3":"status-publish","4":"format-standard","5":"has-post-thumbnail","7":"category-nantes","8":"tag-actu","9":"tag-actualite","10":"tag-actualites","11":"tag-camera","12":"tag-campus","13":"tag-ecole","14":"tag-etudiant","15":"tag-eu","16":"tag-europe","17":"tag-faits-divers","18":"tag-faits-divers-nantes","19":"tag-fr","20":"tag-france","21":"tag-loire-atlantique","22":"tag-nantes","23":"tag-news","24":"tag-pays-de-la-loire","25":"tag-republique-francaise","26":"tag-voyeurisme"},"share_on_mastodon":{"url":"https:\/\/pubeurope.com\/@fr\/115067415645438375","error":""},"_links":{"self":[{"href":"https:\/\/www.europesays.com\/fr\/wp-json\/wp\/v2\/posts\/334158","targetHints":{"allow":["GET"]}}],"collection":[{"href":"https:\/\/www.europesays.com\/fr\/wp-json\/wp\/v2\/posts"}],"about":[{"href":"https:\/\/www.europesays.com\/fr\/wp-json\/wp\/v2\/types\/post"}],"author":[{"embeddable":true,"href":"https:\/\/www.europesays.com\/fr\/wp-json\/wp\/v2\/users\/2"}],"replies":[{"embeddable":true,"href":"https:\/\/www.europesays.com\/fr\/wp-json\/wp\/v2\/comments?post=334158"}],"version-history":[{"count":0,"href":"https:\/\/www.europesays.com\/fr\/wp-json\/wp\/v2\/posts\/334158\/revisions"}],"wp:featuredmedia":[{"embeddable":true,"href":"https:\/\/www.europesays.com\/fr\/wp-json\/wp\/v2\/media\/334159"}],"wp:attachment":[{"href":"https:\/\/www.europesays.com\/fr\/wp-json\/wp\/v2\/media?parent=334158"}],"wp:term":[{"taxonomy":"category","embeddable":true,"href":"https:\/\/www.europesays.com\/fr\/wp-json\/wp\/v2\/categories?post=334158"},{"taxonomy":"post_tag","embeddable":true,"href":"https:\/\/www.europesays.com\/fr\/wp-json\/wp\/v2\/tags?post=334158"}],"curies":[{"name":"wp","href":"https:\/\/api.w.org\/{rel}","templated":true}]}}