{"id":334160,"date":"2025-08-21T15:16:13","date_gmt":"2025-08-21T15:16:13","guid":{"rendered":"https:\/\/www.europesays.com\/fr\/334160\/"},"modified":"2025-08-21T15:16:13","modified_gmt":"2025-08-21T15:16:13","slug":"on-a-vu-hello-beautiful-stranger-a-cenon","status":"publish","type":"post","link":"https:\/\/www.europesays.com\/fr\/334160\/","title":{"rendered":"on a vu \u00ab\u00a0Hello beautiful stranger\u00a0\u00bb \u00e0 Cenon"},"content":{"rendered":"<p>Les silhouettes descendent l\u2019escalier, rampantes, h\u00e9sitantes, inqui\u00e8tes. Invisibles sous les monceaux de v\u00eatements et tissus de toutes sortes. La ludo-m\u00e9diath\u00e8que de Cenon est emplie d\u2019une soixantaine de personnes, venues pour le duo ou pour emprunter un livre et qui d\u00e9couvrent les deux jeunes femmes, au visage bient\u00f4t apparent. L\u2019une semble mener la danse, l\u2019autre \u00eatre aux aguets, cherchant les codes d\u2019ici. Des chuchotements, des \u00e9bauches de rapprochement, des d\u00e9fis, de la bienveillance aussi\u00a0: au milieu des livres et des jeux, l\u2019accueil de l\u2019autre se joue.<\/p>\n<p>        <img decoding=\"async\" id=\"25619047\" src=\"https:\/\/www.europesays.com\/fr\/wp-content\/uploads\/2025\/08\/cenon-20-aout-2025-ludo-mediatheque-jessica-yactine-et-kristen-rulifson-dans-hello-beautiful-strange.jpeg\" alt=\"Des inconnues vont se d\u00e9couvrir.\" itemprop=\"contentURL\"\/><\/p>\n<p>    Des inconnues vont se d\u00e9couvrir.<\/p>\n<p>Y. D. <\/p>\n<p>\u00ab\u00a0Bonjour belle \u00e9trang\u00e8re\u00a0\u00bb\u00a0: en fran\u00e7ais ou en anglais, le spectacle de la compagnie girondine Lalla d\u00e9route \u00e0 dessein, interroge le rapport de chacun \u00e0 celui ou celle qui arrive, caboss\u00e9 ou pas d\u2019ailleurs. Jessica Yactine emm\u00e8ne une spectatrice dans un pas de deux. Kristen Rulifson explore les lieux, les yeux. La premi\u00e8re a dans\u00e9 ici pour Auguste Bienvenue, a mont\u00e9 sa structure. La seconde alterne entre la Californie et Berlin, ville o\u00f9 elles se sont rencontr\u00e9es.<\/p>\n<p>Improvisation<\/p>\n<p>Pareilles et diff\u00e9rentes, comme les personnages de ce duo d\u2019une petite heure, qui vite fascine par force et d\u00e9licatesse m\u00eal\u00e9es. Corps \u00e0 corps de chahut, danse de couple classique\u00a0: les deux artistes dessinent ce qui peut se jouer quand on rencontre l\u2019inconnu(e). Dans ces locaux \u00e0 la marge de man\u0153uvre r\u00e9duite o\u00f9 la repr\u00e9sentation s\u2019est r\u00e9fugi\u00e9e en ce jour d\u2019orage, elles improvisent autant qu\u2019elles d\u00e9clinent leur trame fragile.<\/p>\n<p>Les nuages sont aussi bienveillants. Yactine et Rulifson emm\u00e8nent le public dehors pour une synergie trouv\u00e9e. Puis celle d\u2019ici et celle d\u2019ailleurs devenue d\u2019ici remontent l\u2019escalier. Un drapeau palestinien sur la rambarde, seule pesanteur formelle dans ce spectacle, tout en suggestions mais \u00e9vidente solidarit\u00e9. Et symbole de ce fil t\u00e9nu de la confiance en l\u2019autre et du droit de chacun \u00e0 vivre d\u00e9cemment, qui tient ce spectacle en bel \u00e9quilibre. Les applaudissements durent, longtemps, saluant la prouesse de l\u2019improvisation g\u00e9ographique, la force du propos.<\/p>\n<p>        <img decoding=\"async\" id=\"25619085\" src=\"https:\/\/www.europesays.com\/fr\/wp-content\/uploads\/2025\/08\/1755789373_938_cenon-20-aout-2025-ludo-mediatheque-jessica-yactine-et-kristen-rulifson-dans-hello-beautiful-strange.jpeg\" alt=\"Un spectacle improvis\u00e9 en fonction du lieu, ici en int\u00e9rieur et ext\u00e9rieur.\" itemprop=\"contentURL\"\/><\/p>\n<p>    Un spectacle improvis\u00e9 en fonction du lieu, ici en int\u00e9rieur et ext\u00e9rieur.<\/p>\n<p>Y. D.<\/p>\n<p>    Encore une semaine d\u2019\u00c9t\u00e9 sur la rive droite<br \/>\nDe la trentaine de repr\u00e9sentations gratuites propos\u00e9es depuis mi-juillet sur les 10\u00a0villes de la M\u00e9tropole sur la rive droite de la Garonne, il en reste huit \u00e0 l\u2019agenda\u00a0:<br \/>\n&#8211; Vendredi 22\u00a0ao\u00fbt (19\u00a0heures) \u00e0 Saint-Louis-de Montferrand, espace des Parenth\u00e8ses\u00a0: \u00ab\u00a0Cruda\u00a0\u00bb (cirque) du Collectif \u00e0 sens unique.<br \/>\n&#8211; Vendredi 22\u00a0ao\u00fbt (10\u00a0h\u00a030) \u00e0 Carbon-Blanc, p\u00f4le culturel Favols et samedi 23\u00a0ao\u00fbt (10\u00a0h\u00a030) \u00e0 Bassens, m\u00e9diath\u00e8que\u00a0: \u00ab\u00a0Kou Kou\u00a0!\u00a0\u00bb (th\u00e9\u00e2tre) de la compagnie Emilbus.<br \/>\n&#8211; Lundi 25\u00a0ao\u00fbt (19\u00a0heures) \u00e0 Lormont, parvis Saint-Esprit\u00a0: \u00ab\u00a0Chantier interdit au public\u00a0\u00bb (th\u00e9\u00e2tre de rue) de la Hop hop compagnie.<br \/>\n&#8211; Lundi 25\u00a0ao\u00fbt (20\u00a0heures) \u00e0 Artigues, parc du ch\u00e2teau B\u00e9tailhe\u00a0: Walid Ben Selim duo (harpe et chant).<br \/>\n&#8211; Mercredi 27\u00a0ao\u00fbt (19\u00a0heures) \u00e0 Bassens, terrasses du Bousquet\u00a0: \u00ab\u00a0Shopping cart\u00a0\u00bb (arts de la rue) du cirque Lambda.<br \/>\n&#8211; Mercredi 27\u00a0ao\u00fbt (18\u00a0h\u00a030) \u00e0 Artigues, parc du ch\u00e2teau Feydeau\u00a0: \u00ab\u00a0\u00c9loge du d\u00e9m\u00e9nagement\u00a0\u00bb (danse et arts de la rue) de l\u2019Adequate compagnie<br \/>\n&#8211; Jeudi 28\u00a0ao\u00fbt (20\u00a0h\u00a030) \u00e0 Ambar\u00e8s, cour de l\u2019\u00e9cole Rosa-Bonheur\u00a0: \u00ab\u00a0So slow\u00a0\u00bb (danse participative, r\u00e9servation obligatoire sur etemetropolitain.bordeaux-metropole.fr)<\/p>\n","protected":false},"excerpt":{"rendered":"Les silhouettes descendent l\u2019escalier, rampantes, h\u00e9sitantes, inqui\u00e8tes. Invisibles sous les monceaux de v\u00eatements et tissus de toutes sortes.&hellip;\n","protected":false},"author":2,"featured_media":334161,"comment_status":"","ping_status":"","sticky":false,"template":"","format":"standard","meta":{"footnotes":""},"categories":[2817],"tags":[1111,11,1997,1777,674,1011,27,12,2219,25],"class_list":{"0":"post-334160","1":"post","2":"type-post","3":"status-publish","4":"format-standard","5":"has-post-thumbnail","7":"category-bordeaux","8":"tag-actu","9":"tag-actualites","10":"tag-bordeaux","11":"tag-eu","12":"tag-europe","13":"tag-fr","14":"tag-france","15":"tag-news","16":"tag-nouvelle-aquitaine","17":"tag-republique-francaise"},"share_on_mastodon":{"url":"https:\/\/pubeurope.com\/@fr\/115067419964729223","error":""},"_links":{"self":[{"href":"https:\/\/www.europesays.com\/fr\/wp-json\/wp\/v2\/posts\/334160","targetHints":{"allow":["GET"]}}],"collection":[{"href":"https:\/\/www.europesays.com\/fr\/wp-json\/wp\/v2\/posts"}],"about":[{"href":"https:\/\/www.europesays.com\/fr\/wp-json\/wp\/v2\/types\/post"}],"author":[{"embeddable":true,"href":"https:\/\/www.europesays.com\/fr\/wp-json\/wp\/v2\/users\/2"}],"replies":[{"embeddable":true,"href":"https:\/\/www.europesays.com\/fr\/wp-json\/wp\/v2\/comments?post=334160"}],"version-history":[{"count":0,"href":"https:\/\/www.europesays.com\/fr\/wp-json\/wp\/v2\/posts\/334160\/revisions"}],"wp:featuredmedia":[{"embeddable":true,"href":"https:\/\/www.europesays.com\/fr\/wp-json\/wp\/v2\/media\/334161"}],"wp:attachment":[{"href":"https:\/\/www.europesays.com\/fr\/wp-json\/wp\/v2\/media?parent=334160"}],"wp:term":[{"taxonomy":"category","embeddable":true,"href":"https:\/\/www.europesays.com\/fr\/wp-json\/wp\/v2\/categories?post=334160"},{"taxonomy":"post_tag","embeddable":true,"href":"https:\/\/www.europesays.com\/fr\/wp-json\/wp\/v2\/tags?post=334160"}],"curies":[{"name":"wp","href":"https:\/\/api.w.org\/{rel}","templated":true}]}}