{"id":334164,"date":"2025-08-21T15:18:12","date_gmt":"2025-08-21T15:18:12","guid":{"rendered":"https:\/\/www.europesays.com\/fr\/334164\/"},"modified":"2025-08-21T15:18:12","modified_gmt":"2025-08-21T15:18:12","slug":"a-toulouse-ces-sublimes-serres-abritent-plus-de-330-000-plantes-des-glycines-centenaires-et-un-monument-historique","status":"publish","type":"post","link":"https:\/\/www.europesays.com\/fr\/334164\/","title":{"rendered":"\u00c0 Toulouse, ces sublimes serres abritent plus de 330 000 plantes, des glycines centenaires et un monument historique"},"content":{"rendered":"<p>\t\t\t\t\t\t\t\t\t\t\t\t\t\t\t\t\t\t\t\t\t\t<img loading=\"lazy\" decoding=\"async\" src=\"data:image\/svg+xml,%3Csvg%20xmlns=\" http:=\"\" class=\"img-fluid\" alt=\"serres municipales de Toulouse\" width=\"1024\" height=\"683\" data-lazy-src=\"https:\/\/www.europesays.com\/fr\/wp-content\/uploads\/2025\/08\/serres-municipales-de-Toulouse-1024x683.jpg\"\/><br \/>\n\t\t\t\t\t\t\t\t\t\t\t\t\t\t\t\t\t\t\t\t\t\tLes serres municipales de Toulouse | \u00a9 pascalG31 &#8211; Flickr<\/p>\n<p>C\u2019est LE bon plan de la rentr\u00e9e ! <strong>Les 20 et 21 septembre 2025, les serres municipales de Toulouse seront exceptionnellement ouvertes au public \u00e0 l\u2019occasion des Journ\u00e9es Europ\u00e9ennes du Patrimoine<\/strong>. Cette visite vous permettra de d\u00e9couvrir plus de 330 000 plantes annuelles, bisannuelles, vivaces, arbres fruitiers et arbustes qui fleurissent la ville. L\u2019occasion \u00e9galement de s\u2019\u00e9merveiller devant l\u2019architecture m\u00e9tallique class\u00e9e <strong>Monument Historique<\/strong>. Vous pourrez aussi admirer les <strong>glycines centenaires<\/strong> labellis\u00e9es \u00ab Arbres Remarquables \u00bb et participer \u00e0 des<strong> animations gratuites<\/strong> autour du jardinage. Une v\u00e9ritable bouff\u00e9e d\u2019air frais au c\u0153ur de la ville rose, pour un week-end seulement.<\/p>\n<p> Un patrimoine architectural rare \u00e0 (re)d\u00e9couvrir <\/p>\n<p>Les <strong>serres municipales de Toulouse<\/strong> sont un chef-d\u2019\u0153uvre de la fin du XIXe si\u00e8cle \u00e9difi\u00e9es en 1877 et 1893. D\u00e9but XXe si\u00e8cle, elle furent d\u00e9plac\u00e9es boulevard de la Marne \u2013 leur adresse actuelle. Leur structure m\u00eale fer et verre, offrant un cadre lumineux aux plantes. Inscrites aux <strong>Monuments Historiques<\/strong>, les serres incarnent un pass\u00e9 industriel et botanique qu\u2019on explore aujourd\u2019hui \u00e0 travers la rotonde, les ailes et h\u00e9micycles de la serre.<\/p>\n<p>Pour les visiteurs, on peut aussi apprendre les secrets des jardiniers qui veillent sur ce patrimoine vivant. Les <strong>glycines plus que centenaires<\/strong>, \u00e9tendues sur une tonnelle de plus de 30 m\u00e8tres, sont un spectacle \u00e0 elles seules, promettant une ambiance paisible et ombrag\u00e9e. La visite est rythm\u00e9e par des <strong>conseils, d\u00e9monstrations et activit\u00e9s vari\u00e9es<\/strong>, accessibles aux petits comme aux grands. Ceci gr\u00e2ce aux Journ\u00e9es du Patrimoine qui auront lieu les 20 et 21 septembre prochains !<\/p>\n<p> Les serres municipales de Toulouse, une production horticole au service de la ville <\/p>\n<p>Chaque ann\u00e9e, les serres produisent environ <strong>330 000 plantes qui servent \u00e0 embellir Toulouse<\/strong> toute l\u2019ann\u00e9e. Fleurs, l\u00e9gumes, arbres fruitiers et m\u00eame la c\u00e9l\u00e8bre violette de Toulouse\u2026 <a href=\"https:\/\/toulousesecret.com\/histoire-amour-violette-toulouse\/\" rel=\"noopener noreferrer nofollow\" target=\"_self\" class=\"shortcode-outbound-link\" data-has-ga=\"true\" data-ga-type=\"click\" data-label=\"https:\/\/toulousesecret.com\/histoire-amour-violette-toulouse\/\" data-action=\"text_cta_0\" data-category=\"click_internal\">2 000 pots de violettes de Toulouse<\/a> y sont aussi cultiv\u00e9s annuellement. Pendant les journ\u00e9es du patrimoine, vous pouvez rencontrer les agents municipaux passionn\u00e9s qui partagent leur savoir-faire et proposent des ateliers pratiques, dont la plantation de graines de glycine. C\u2019est aussi l\u2019occasion de repartir avec des <strong>boutures gratuites<\/strong> pour prolonger l\u2019exp\u00e9rience botanique chez vous.<\/p>\n<p> <img fetchpriority=\"high\" decoding=\"async\" class=\"size-full wp-image-13510\" src=\"data:image\/svg+xml,%3Csvg%20xmlns=\" http:=\"\" alt=\"serres municipales de Toulouse\" width=\"1200\" height=\"800\" data-lazy- data-lazy- data-lazy-src=\"https:\/\/www.europesays.com\/fr\/wp-content\/uploads\/2025\/08\/serres-municipales-de-Toulouse-1.jpg\"\/>\u00a9 Les serres municipales de Toulouse | pascalG31 \u2013 Flickr <\/p>\n<p>Ne manquez pas cet \u00e9v\u00e9nement exceptionnel \u00e0 Toulouse. Laissez-vous surprendre par la magie des serres municipales de Toulouse, un \u00e9crin vert et historique au c\u0153ur de la ville rose. <strong>Toutes les animations sont gratuites et ouvertes \u00e0 tous<\/strong>, une invitation parfaite pour une sortie en famille ou entre amis, alliant culture, nature et plaisir simple.<\/p>\n<p>Vivez Toulouse autrement, entre patrimoine et nature, lors des <a href=\"https:\/\/www.toulouse-tourisme.com\/agenda\/journees-du-patrimoine-aux-serres-municipales\/\" rel=\"nofollow noopener noreferrer\" target=\"_blank\" class=\"shortcode-outbound-link\" data-has-ga=\"true\" data-ga-type=\"click\" data-label=\"https:\/\/www.toulouse-tourisme.com\/agenda\/journees-du-patrimoine-aux-serres-municipales\/\" data-action=\"text_cta_1\" data-category=\"click_non_sales\"><strong>Journ\u00e9es du Patrimoine<\/strong> aux serres municipales<\/a>. Ne laissez pas passer cette rare occasion de vous \u00e9vader en plein centre-ville tout en d\u00e9couvrant un tr\u00e9sor cach\u00e9.<\/p>\n<p>\ud83d\udccdAdresse : 19 boulevard de la Marne, Toulouse<br \/>\u23f0Horaires : 10h \u2013 18h les 20 et 21 septembre 2025<\/p>\n","protected":false},"excerpt":{"rendered":"Les serres municipales de Toulouse | \u00a9 pascalG31 &#8211; Flickr C\u2019est LE bon plan de la rentr\u00e9e !&hellip;\n","protected":false},"author":2,"featured_media":334165,"comment_status":"","ping_status":"","sticky":false,"template":"","format":"standard","meta":{"footnotes":""},"categories":[2816],"tags":[1111,11,1777,674,1011,27,12,2680,25,2312],"class_list":{"0":"post-334164","1":"post","2":"type-post","3":"status-publish","4":"format-standard","5":"has-post-thumbnail","7":"category-toulouse","8":"tag-actu","9":"tag-actualites","10":"tag-eu","11":"tag-europe","12":"tag-fr","13":"tag-france","14":"tag-news","15":"tag-occitanie","16":"tag-republique-francaise","17":"tag-toulouse"},"share_on_mastodon":{"url":"https:\/\/pubeurope.com\/@fr\/115067427504306652","error":""},"_links":{"self":[{"href":"https:\/\/www.europesays.com\/fr\/wp-json\/wp\/v2\/posts\/334164","targetHints":{"allow":["GET"]}}],"collection":[{"href":"https:\/\/www.europesays.com\/fr\/wp-json\/wp\/v2\/posts"}],"about":[{"href":"https:\/\/www.europesays.com\/fr\/wp-json\/wp\/v2\/types\/post"}],"author":[{"embeddable":true,"href":"https:\/\/www.europesays.com\/fr\/wp-json\/wp\/v2\/users\/2"}],"replies":[{"embeddable":true,"href":"https:\/\/www.europesays.com\/fr\/wp-json\/wp\/v2\/comments?post=334164"}],"version-history":[{"count":0,"href":"https:\/\/www.europesays.com\/fr\/wp-json\/wp\/v2\/posts\/334164\/revisions"}],"wp:featuredmedia":[{"embeddable":true,"href":"https:\/\/www.europesays.com\/fr\/wp-json\/wp\/v2\/media\/334165"}],"wp:attachment":[{"href":"https:\/\/www.europesays.com\/fr\/wp-json\/wp\/v2\/media?parent=334164"}],"wp:term":[{"taxonomy":"category","embeddable":true,"href":"https:\/\/www.europesays.com\/fr\/wp-json\/wp\/v2\/categories?post=334164"},{"taxonomy":"post_tag","embeddable":true,"href":"https:\/\/www.europesays.com\/fr\/wp-json\/wp\/v2\/tags?post=334164"}],"curies":[{"name":"wp","href":"https:\/\/api.w.org\/{rel}","templated":true}]}}