{"id":334168,"date":"2025-08-21T15:20:17","date_gmt":"2025-08-21T15:20:17","guid":{"rendered":"https:\/\/www.europesays.com\/fr\/334168\/"},"modified":"2025-08-21T15:20:17","modified_gmt":"2025-08-21T15:20:17","slug":"expos-festival-brocantes-que-faire-a-lille-et-dans-ses-alentours-ce-week-end-des-23-et-24-aout","status":"publish","type":"post","link":"https:\/\/www.europesays.com\/fr\/334168\/","title":{"rendered":"Expos, festival, brocantes&#8230; Que faire \u00e0 Lille et dans ses alentours ce week-end des 23 et 24 ao\u00fbt\u00a0?"},"content":{"rendered":"<p>            Par<br \/>\n        <strong><br \/>\n            <a href=\"https:\/\/actu.fr\/auteur\/bastien-grossin\" title=\"Consulter tous les articles de Bastien Grossin\" target=\"_blank\" rel=\"noopener\">Bastien Grossin<\/a><br \/>\n        <\/strong><\/p>\n<p>        Publi\u00e9 le<\/p>\n<p>            21 ao\u00fbt 2025 \u00e0 16h40        <\/p>\n<p>En manque d\u2019inspiration pour occuper votre <b>week-end des samedi 23 et dimanche 24 ao\u00fbt 2025<\/b>\u2009? Pas d\u2019inqui\u00e9tude, comme chaque semaine on vous a concoct\u00e9 une <b>s\u00e9lection de sorties<\/b> \u00e0 faire autour de <a href=\"https:\/\/actu.fr\/tag\/lille\" target=\"_blank\" rel=\"noopener\">Lille<\/a> (Nord).<\/p>\n<p>10 id\u00e9es de sorties \u00e0 Lille et ses alentours ce week-end<\/p>\n<ul class=\" wall-content\">\n<li><a href=\"https:\/\/actu.fr\/loisirs-culture\/belgique-un-enorme-festival-de-food-trucks-sinstalle-durant-trois-jours-a-la-frontiere-avec-le-nord_63050440.html\" target=\"_blank\" rel=\"noopener\">Belgique. Un \u00e9norme festival de food-trucks s\u2019installe durant trois jours \u00e0 la fronti\u00e8re avec le Nord<\/a><\/li>\n<\/ul>\n<p class=\" wall-content\">Avis aux gourmands\u2009! Du vendredi\u00a022 au dimanche 24\u00a0ao\u00fbt 2025, un grand festival de food-trucks s\u2019installe \u00e0 Mouscron (Belgique), tout pr\u00e8s de la fronti\u00e8re avec le Nord.<\/p>\n<ul class=\" wall-content\">\n<li><a href=\"https:\/\/actu.fr\/loisirs-culture\/voici-les-brocantes-et-vide-greniers-organises-ce-week-end-dans-le-nord-et-le-pas-de-calais_63054629.html\" target=\"_blank\" rel=\"noopener\">Voici les brocantes et vide-greniers organis\u00e9s ce week-end dans le Nord et le Pas-de-Calais<\/a><\/li>\n<\/ul>\n<p class=\" wall-content\">Avis aux chineurs\u2009! Ces samedi\u00a023 et dimanche 24\u00a0ao\u00fbt 2025, plusieurs brocantes et vide-greniers sont organis\u00e9s dans le Nord comme dans le Pas-de-Calais. D\u00e9tails.<\/p>\n<ul class=\" wall-content\">\n<li><a href=\"https:\/\/actu.fr\/hauts-de-france\/tourcoing_59599\/tourcoing-un-grand-marche-de-createurs-sur-le-quai-de-bordeaux-organise-ce-dimanche_63046866.html\" target=\"_blank\" rel=\"noopener\">Tourcoing. Un grand march\u00e9 de cr\u00e9ateurs sur le Quai de Bordeaux organis\u00e9 ce dimanche<\/a><\/li>\n<\/ul>\n<p class=\" wall-content\">Voil\u00e0 un rendez-vous qui s\u2019annonce riche en d\u00e9couvertes\u2009! Ce dimanche 24\u00a0ao\u00fbt 2025, un grand march\u00e9 de cr\u00e9ateurs locaux est organis\u00e9 sur le Quai de Bordeaux \u00e0 Tourcoing (Nord).<\/p>\n<ul class=\" wall-content\">\n<li><a href=\"https:\/\/actu.fr\/hauts-de-france\/trelon_59601\/dans-lavesnois-a-trelon-venez-decouvrir-le-couvent-des-carmes_63044208.html\" target=\"_blank\" rel=\"noopener\">Dans l\u2019Avesnois, \u00e0 Tr\u00e9lon, venez d\u00e9couvrir le Couvent des Carmes<\/a><\/li>\n<\/ul>\n<p>Votre r\u00e9gion, votre actu !<\/p>\n<p>Recevez chaque jour les infos qui comptent pour vous.<\/p>\n<p>\t<a href=\"https:\/\/actu.fr\/newsletter\" class=\"ac-btn ac-btn--corner ac-btn--medium ac-btn--blue800\" target=\"_blank\" rel=\"noopener\">S&rsquo;incrire<\/a><\/p>\n<p class=\" wall-content\">Allier patrimoine, solidarit\u00e9 et art, voil\u00e0 la proposition d\u2019une belle visite guid\u00e9e du 22 au 24\u00a0ao\u00fbt au Couvent des Carmes de Tr\u00e9lon (Nord), au profit de l\u2019APF.<\/p>\n<ul class=\" wall-content\">\n<li><a href=\"https:\/\/actu.fr\/hauts-de-france\/marcq-en-baroeul_59378\/a-marcq-en-baroeul-le-pont-des-arts-rouvre-apres-travaux_63043851.html\" target=\"_blank\" rel=\"noopener\">\u00c0 Marcq-en-Bar\u0153ul, le Pont des Arts rouvre apr\u00e8s travaux<\/a><\/li>\n<\/ul>\n<p class=\" wall-content\">Ferm\u00e9 pendant un mois, le cin\u00e9ma de Marcq-en-Bar\u0153ul (Nord) rouvre mercredi 20\u00a0ao\u00fbt 2025 avec un programme sp\u00e9cial famille d\u2019un c\u00f4t\u00e9, et les 50\u00a0ans d\u2019un film culte de l\u2019autre\u2009!<\/p>\n<ul class=\" wall-content\">\n<li><a href=\"https:\/\/actu.fr\/hauts-de-france\/lille_59350\/lomme-inspire-de-poudlard-un-resto-bar-a-jeux-sest-installe-dans-une-ancienne-chapelle_63024985.html\" target=\"_blank\" rel=\"noopener\">Lomme. Inspir\u00e9 de Poudlard, un resto-bar \u00e0 jeux s\u2019est install\u00e9 dans une ancienne chapelle<\/a><\/li>\n<\/ul>\n<p class=\" wall-content\">Le bar-restaurant Arcania \u00e0 Lomme, pr\u00e8s de Lille (Nord), a ouvert en mai\u00a02025 dans une ancienne chapelle. D\u00e9couvrez son ambiance magique version Poudlard, o\u00f9 le jeu est roi.<\/p>\n<ul class=\" wall-content\">\n<li><a href=\"https:\/\/actu.fr\/hauts-de-france\/lille_59350\/geants-banquets-embarquez-dans-lambiance-des-fetes-flamandes-dans-cette-expo-remarquable-a-lille_63011093.html\" target=\"_blank\" rel=\"noopener\">G\u00e9ants, banquets\u2026 Embarquez dans l\u2019ambiance des f\u00eates flamandes, dans cette expo remarquable \u00e0 Lille<\/a><\/li>\n<\/ul>\n<p class=\" wall-content\">Vous avez encore quelques jours pour d\u00e9couvrir l\u2019exposition-\u00e9v\u00e9nement sur les f\u00eates et c\u00e9l\u00e9brations flamandes, au Palais des Beaux-arts de Lille (Nord). Et elle vaut le d\u00e9tour\u2009!<\/p>\n<ul class=\" wall-content\">\n<li><a href=\"https:\/\/actu.fr\/hauts-de-france\/lille_59350\/stands-pedagogiques-nourrissages-commentes-des-animations-quotidiennes-au-zoo-de-lille-pendant-lete_63005131.html\" target=\"_blank\" rel=\"noopener\">Stands p\u00e9dagogiques, nourrissages comment\u00e9s\u2026 Des animations quotidiennes au zoo de Lille pendant l\u2019\u00e9t\u00e9<\/a><\/li>\n<\/ul>\n<p class=\" wall-content\">Et si vous profitiez de l\u2019\u00e9t\u00e9 pour aller au zoo, \u00e0 Lille (Nord)\u2009? Des animations s\u2019y tiennent tous les jours d\u2019ouverture. De quoi profiter des animaux tout en apprenant des choses.<\/p>\n<ul class=\" wall-content\">\n<li><a href=\"https:\/\/actu.fr\/hauts-de-france\/wasquehal_59646\/wasquehal-apres-deux-mois-et-demi-de-travaux-la-patinoire-rouvre-le-15-aout_63018297.html\" target=\"_blank\" rel=\"noopener\">Wasquehal\u2009: apr\u00e8s deux mois et demi de travaux, la patinoire rouvre le 15\u00a0ao\u00fbt<\/a><\/li>\n<\/ul>\n<p class=\" wall-content\">La patinoire Serge Charles \u00e0 Wasquehal (Nord) rouvre le 15\u00a0ao\u00fbt apr\u00e8s travaux, avant une grande f\u00eate pour ses 30\u00a0ans pr\u00e9vue le 6\u00a0septembre 2025.<\/p>\n<ul class=\" wall-content\">\n<li><a href=\"https:\/\/actu.fr\/hauts-de-france\/le-cateau-cambresis_59136\/cateau-cambresis-lhistoire-meconnue-de-marguerite-la-fille-et-muse-de-matisse_63042924.html\" target=\"_blank\" rel=\"noopener\">Cateau-Cambr\u00e9sis\u2009: l\u2019histoire m\u00e9connue de Marguerite, la fille et muse de Matisse<\/a><\/li>\n<\/ul>\n<p class=\" wall-content\">Que sait-on de Marguerite Matisse quand on la voit accroch\u00e9e sur les murs du mus\u00e9e du Cateau ou sur les cimaises de tous les grands mus\u00e9es du monde\u2009? Un livre nous la pr\u00e9sente.<\/p>\n<p class=\" wall-content\">Personnalisez votre actualit\u00e9 en ajoutant vos villes et m\u00e9dias en favori avec <a href=\"https:\/\/moncompte.actu.fr\" title=\"D\u00e9couvez Mon Actu\" rel=\"nofollow noopener\" data-trk=\"{&quot;cta&quot;:{&quot;action&quot;:&quot;https:\\\/\\\/moncompte.actu.fr&quot;,&quot;category&quot;:&quot;mon compte&quot;,&quot;from&quot;:&quot;article footer&quot;,&quot;name&quot;:&quot;Mon actu&quot;,&quot;type&quot;:&quot;cta&quot;}}\" target=\"_blank\">Mon Actu<\/a>.<\/p>\n","protected":false},"excerpt":{"rendered":"Par Bastien Grossin Publi\u00e9 le 21 ao\u00fbt 2025 \u00e0 16h40 En manque d\u2019inspiration pour occuper votre week-end des&hellip;\n","protected":false},"author":2,"featured_media":334169,"comment_status":"","ping_status":"","sticky":false,"template":"","format":"standard","meta":{"footnotes":""},"categories":[2815],"tags":[1111,11,6557,1777,674,1011,27,811,1307,1652,12,25],"class_list":{"0":"post-334168","1":"post","2":"type-post","3":"status-publish","4":"format-standard","5":"has-post-thumbnail","7":"category-lille","8":"tag-actu","9":"tag-actualites","10":"tag-bon-plan-a-lille","11":"tag-eu","12":"tag-europe","13":"tag-fr","14":"tag-france","15":"tag-hauts-de-france","16":"tag-lille","17":"tag-loisirs-culture","18":"tag-news","19":"tag-republique-francaise"},"share_on_mastodon":{"url":"https:\/\/pubeurope.com\/@fr\/115067435356391101","error":""},"_links":{"self":[{"href":"https:\/\/www.europesays.com\/fr\/wp-json\/wp\/v2\/posts\/334168","targetHints":{"allow":["GET"]}}],"collection":[{"href":"https:\/\/www.europesays.com\/fr\/wp-json\/wp\/v2\/posts"}],"about":[{"href":"https:\/\/www.europesays.com\/fr\/wp-json\/wp\/v2\/types\/post"}],"author":[{"embeddable":true,"href":"https:\/\/www.europesays.com\/fr\/wp-json\/wp\/v2\/users\/2"}],"replies":[{"embeddable":true,"href":"https:\/\/www.europesays.com\/fr\/wp-json\/wp\/v2\/comments?post=334168"}],"version-history":[{"count":0,"href":"https:\/\/www.europesays.com\/fr\/wp-json\/wp\/v2\/posts\/334168\/revisions"}],"wp:featuredmedia":[{"embeddable":true,"href":"https:\/\/www.europesays.com\/fr\/wp-json\/wp\/v2\/media\/334169"}],"wp:attachment":[{"href":"https:\/\/www.europesays.com\/fr\/wp-json\/wp\/v2\/media?parent=334168"}],"wp:term":[{"taxonomy":"category","embeddable":true,"href":"https:\/\/www.europesays.com\/fr\/wp-json\/wp\/v2\/categories?post=334168"},{"taxonomy":"post_tag","embeddable":true,"href":"https:\/\/www.europesays.com\/fr\/wp-json\/wp\/v2\/tags?post=334168"}],"curies":[{"name":"wp","href":"https:\/\/api.w.org\/{rel}","templated":true}]}}