{"id":33417,"date":"2025-04-18T06:38:11","date_gmt":"2025-04-18T06:38:11","guid":{"rendered":"https:\/\/www.europesays.com\/fr\/33417\/"},"modified":"2025-04-18T06:38:11","modified_gmt":"2025-04-18T06:38:11","slug":"cet-artiste-de-toulouse-fait-le-buzz-sur-les-reseaux-sociaux-avec-son-concept-de-street-art","status":"publish","type":"post","link":"https:\/\/www.europesays.com\/fr\/33417\/","title":{"rendered":"Cet artiste de Toulouse fait le buzz sur les r\u00e9seaux sociaux avec son concept de street art"},"content":{"rendered":"<p>            Par<br \/>\n        <strong><br \/>\n            <a href=\"https:\/\/actu.fr\/auteur\/constance-viot\" title=\"Consulter tous les articles de Constance Viot\" target=\"_blank\" rel=\"noopener\">Constance Viot<\/a><br \/>\n        <\/strong><\/p>\n<p>        Publi\u00e9 le<\/p>\n<p>            17 avr. 2025 \u00e0 17h04        <\/p>\n<p>Son nom commence \u00e0 circuler dans les rues de <a href=\"https:\/\/actu.fr\/toulouse\/\" target=\"_blank\" rel=\"noopener\"><strong>Toulouse<\/strong><\/a>\u2026 et sur les r\u00e9seaux sociaux. <strong>Saci <\/strong>est un <strong>street artiste local<\/strong> qui bouscule les codes de <strong>l\u2019art urbain<\/strong>. Sa derni\u00e8re vid\u00e9o, o\u00f9 on le voit coller une de ses \u0153uvres en pleine nuit, <strong>a d\u00e9pass\u00e9 les 80\u2009000 vues<\/strong> sur Tiktok, attirant l\u2019attention d\u2019un public toujours plus large.<\/p>\n<p>Quand la rue devient un terrain de jeu<\/p>\n<p class=\" wall-content\">Son concept est simple, mais efficace\u2009: il cr\u00e9e ses dessins en amont, <strong>puis sort \u00e0 la tomb\u00e9e de la nuit<\/strong> avec son acolyte Caract\u00e8re Sp\u00e9cial, pour les coller dans les rues de la Ville rose. Il d\u00e9voile l\u2019emplacement du collage en vid\u00e9o et laisse ensuite ses abonn\u00e9s partir \u00e0 sa recherche. Ce jeu de piste artistique <strong>s\u00e9duit de plus en plus les internautes.<\/strong><\/p>\n<p class=\" wall-content\">Pour le processus, Saci travaille sur des rouleaux de papier kraft, commence par un croquis au crayon qu\u2019il finalise au Posca, avant de d\u00e9couper chaque pi\u00e8ce au cutter. Il utilise ensuite <strong>un m\u00e9lange de colle \u00e0 papier peint et d\u2019eau<\/strong> qu\u2019il applique avec un sceau et un rouleau. Une m\u00e9thode artisanale, rapide et discr\u00e8te.<\/p>\n<p>Une trace sans impact<\/p>\n<p class=\" wall-content\">Le collage est pour Saci bien plus qu\u2019une technique\u2009: c\u2019est <strong>un v\u00e9ritable moyen d\u2019expression personnelle.<\/strong> \u00c0 travers ses \u0153uvres, il cherche \u00e0 affirmer son style et \u00e0 transmettre une part de lui-m\u00eame. Install\u00e9 dans un centre-ville dense, il profite de la proximit\u00e9 des lieux pour rapidement se faire une place dans l\u2019espace urbain. Pour lui, le collage est aussi <strong>une forme de communication accessible et visible.<\/strong> Ce qui distingue cette pratique, selon l\u2019artiste, c\u2019est son aspect \u00e9ph\u00e9m\u00e8re. Facilement retirable, le collage n\u2019endommage pas l\u2019espace public et respecte ainsi l\u2019environnement. Un choix artistique r\u00e9fl\u00e9chi, \u00e0 la fois engag\u00e9 et respectueux.<\/p>\n<p>      <img   decoding=\"async\" loading=\"lazy\" src=\"https:\/\/www.europesays.com\/fr\/wp-content\/uploads\/2025\/04\/photo-staci-1-960x640.jpg\" alt=\"Oeuvre de Staci avec de la couleur dans une rue de Toulouse\" width=\"960\" height=\"640\"\/><br \/>\n    Une \u0153uvre de Saci avec de la couleur dans une rue de Toulouse (\u00a9Saci)Vid\u00e9os : en ce moment sur ActuDes collages \u00e0 taille humaine<\/p>\n<p class=\" wall-content\">Avec <strong>leur style simple, mais percutant, <\/strong>les \u0153uvres de Saci sont un vrai coup de ma\u00eetre. En noir et blanc, parfois rehauss\u00e9es d\u2019une touche de couleur, elles mettent en sc\u00e8ne <strong>des personnages et des animaux au design minimaliste, <\/strong>mais\u00a0d\u2019une grande expressivit\u00e9.<\/p>\n<p class=\" wall-content\">Coll\u00e9es \u00e0 hauteur d\u2019homme, ses \u0153uvres prennent d\u2019assaut les rues de la Ville rose, cr\u00e9ant une connexion imm\u00e9diate avec les passants. Avec un jeu subtil de contraste, <strong>Saci parvient \u00e0 captiver le regard<\/strong>. Un art urbain qui ne passe pas inaper\u00e7u et invite \u00e0 la r\u00e9flexion.<\/p>\n<p>      <img   decoding=\"async\" loading=\"lazy\" src=\"https:\/\/www.europesays.com\/fr\/wp-content\/uploads\/2025\/04\/photo-staci-3-960x640.jpg\" alt=\"Oeuvre de Staci coll\u00e9e dans la rue des Couteliers \u00e0 Toulouse\" width=\"960\" height=\"640\"\/><br \/>\n    \u0152uvre de Saci coll\u00e9e dans la rue des Couteliers \u00e0 Toulouse (\u00a9Saci)Un street art qui divise<\/p>\n<p class=\" wall-content\">M\u00eame si le buzz est au rendez-vous, les r\u00e9actions, elles, sont partag\u00e9es. Dans les commentaires, <strong>les avis divergent<\/strong>\u2009: certains internautes d\u00e9noncent une forme de d\u00e9gradation de l\u2019espace public, assimilant ces collages \u00e0 <strong>des actes de vandalisme<\/strong>. D\u2019autres, au contraire, <strong>saluent la d\u00e9marche artistique<\/strong> de Saci, estimant qu\u2019il participe \u00e0 embellir la ville et \u00e0 \u00e9veiller la curiosit\u00e9 des passants\u2026<\/p>\n<p class=\" wall-content\">Face aux critiques, l\u2019artiste ne se d\u00e9monte pas\u2009: <strong>\u00ab\u2009Si \u00e7a ne vous pla\u00eet pas, alors ne regardez pas\u2009\u00bb,<\/strong> r\u00e9pond-il. Pour Saci, l\u2019art urbain n\u2019a pas vocation \u00e0 plaire \u00e0 tout le monde, mais \u00e0 provoquer une r\u00e9action, et sur ce point, le pari est r\u00e9ussi.<\/p>\n<p><strong>Infos pratiques\u2009:<\/strong><br \/>\nRetrouvez l\u2019artiste\u2009sur <a href=\"https:\/\/www.instagram.com\/s4ci___\/\" target=\"_blank\" rel=\"noopener\">son compte Instagram<\/a>\u2009et sur <a href=\"https:\/\/www.tiktok.com\/@s4ci__?lang=fr-fr\" target=\"_blank\" rel=\"noopener\">son compte Tiktok.<\/a><\/p>\n<p class=\" wall-content\">Suivez toute l\u2019actualit\u00e9 de vos villes et m\u00e9dias favoris en vous inscrivant \u00e0 <a href=\"https:\/\/moncompte.actu.fr\" title=\"D\u00e9couvez Mon Actu\" rel=\"nofollow noopener\" data-trk=\"{&quot;cta&quot;:{&quot;action&quot;:&quot;https:\\\/\\\/moncompte.actu.fr&quot;,&quot;category&quot;:&quot;mon compte&quot;,&quot;from&quot;:&quot;article footer&quot;,&quot;name&quot;:&quot;Mon actu&quot;,&quot;type&quot;:&quot;cta&quot;}}\" target=\"_blank\">Mon Actu<\/a>.<\/p>\n<p>                    <script async src=\"\/\/www.instagram.com\/embed.js\"><\/script><script async src=\"\/\/www.tiktok.com\/embed.js\"><\/script><\/p>\n","protected":false},"excerpt":{"rendered":"Par Constance Viot Publi\u00e9 le 17 avr. 2025 \u00e0 17h04 Son nom commence \u00e0 circuler dans les rues&hellip;\n","protected":false},"author":2,"featured_media":33418,"comment_status":"","ping_status":"","sticky":false,"template":"","format":"standard","meta":{"footnotes":""},"categories":[1358],"tags":[1348,1384,1385,1386,58,59,1011,27,1652,7189,2439],"class_list":{"0":"post-33417","1":"post","2":"type-post","3":"status-publish","4":"format-standard","5":"has-post-thumbnail","7":"category-arts-et-design","8":"tag-arts","9":"tag-arts-and-design","10":"tag-arts-et-design","11":"tag-design","12":"tag-divertissement","13":"tag-entertainment","14":"tag-fr","15":"tag-france","16":"tag-loisirs-culture","17":"tag-street-art","18":"tag-tiktok"},"share_on_mastodon":{"url":"https:\/\/pubeurope.com\/@fr\/114357594026724497","error":""},"_links":{"self":[{"href":"https:\/\/www.europesays.com\/fr\/wp-json\/wp\/v2\/posts\/33417","targetHints":{"allow":["GET"]}}],"collection":[{"href":"https:\/\/www.europesays.com\/fr\/wp-json\/wp\/v2\/posts"}],"about":[{"href":"https:\/\/www.europesays.com\/fr\/wp-json\/wp\/v2\/types\/post"}],"author":[{"embeddable":true,"href":"https:\/\/www.europesays.com\/fr\/wp-json\/wp\/v2\/users\/2"}],"replies":[{"embeddable":true,"href":"https:\/\/www.europesays.com\/fr\/wp-json\/wp\/v2\/comments?post=33417"}],"version-history":[{"count":0,"href":"https:\/\/www.europesays.com\/fr\/wp-json\/wp\/v2\/posts\/33417\/revisions"}],"wp:featuredmedia":[{"embeddable":true,"href":"https:\/\/www.europesays.com\/fr\/wp-json\/wp\/v2\/media\/33418"}],"wp:attachment":[{"href":"https:\/\/www.europesays.com\/fr\/wp-json\/wp\/v2\/media?parent=33417"}],"wp:term":[{"taxonomy":"category","embeddable":true,"href":"https:\/\/www.europesays.com\/fr\/wp-json\/wp\/v2\/categories?post=33417"},{"taxonomy":"post_tag","embeddable":true,"href":"https:\/\/www.europesays.com\/fr\/wp-json\/wp\/v2\/tags?post=33417"}],"curies":[{"name":"wp","href":"https:\/\/api.w.org\/{rel}","templated":true}]}}