{"id":334170,"date":"2025-08-21T15:21:12","date_gmt":"2025-08-21T15:21:12","guid":{"rendered":"https:\/\/www.europesays.com\/fr\/334170\/"},"modified":"2025-08-21T15:21:12","modified_gmt":"2025-08-21T15:21:12","slug":"immobilier-a-lille-les-petites-surfaces-sarrachent-avant-la-rentree","status":"publish","type":"post","link":"https:\/\/www.europesays.com\/fr\/334170\/","title":{"rendered":"Immobilier : \u00e0 Lille, les petites surfaces s&rsquo;arrachent avant la rentr\u00e9e"},"content":{"rendered":"<ul class=\"jsx-862013697 ArticleChapo__List\">\n<li class=\"jsx-862013697 ArticleChapo__List_Item flex\">\u00c0 quelques semaines de la rentr\u00e9e universitaire, la chasse aux logements est lanc\u00e9e.<\/li>\n<li class=\"jsx-862013697 ArticleChapo__List_Item flex\">Les futurs \u00e9tudiants cherchent la perle rare.<\/li>\n<li class=\"jsx-862013697 ArticleChapo__List_Item flex\">Mais l&rsquo;offre est inf\u00e9rieure \u00e0 la demande.<\/li>\n<\/ul>\n<p><a href=\"https:\/\/www.tf1info.fr\/emissions\/tf1\/bonjour-la-matinale-tf1-13516\/\" rel=\"noopener\" class=\"jsx-484472199 Link jsx-1428418400 jsx-640816507\" target=\"_blank\"><\/p>\n<p style=\"font-weight:400\" class=\"jsx-1837267516\">Suivez la couverture compl\u00e8te<\/p>\n<p style=\"font-weight:800\" class=\"jsx-1837267516\">Bonjour ! La Matinale TF1<\/p>\n<p><\/a><\/p>\n<p data-module=\"article-paragraph\" class=\"jsx-3046738180 Paragraph\">Avec la rentr\u00e9e vient l&rsquo;heure de trouver un nouveau logement pour les \u00e9tudiants. Un casse-t\u00eate pour de nombreux parents, car dans certaines villes, il n&rsquo;y a plus d&rsquo;offres pour des <a href=\"https:\/\/www.tf1info.fr\/conso\/video-appartements-cabanes-et-maisons-flottantes-le-boom-des-hebergements-sur-l-eau-2382505.html\" target=\"_blank\" rel=\"noopener\">appartements<\/a> de petites surfaces.\u00a0<\/p>\n<p data-module=\"article-paragraph\" class=\"jsx-3046738180 Paragraph\">C&rsquo;est notamment le cas \u00e0 <a href=\"https:\/\/www.tf1info.fr\/justice-faits-divers\/lille-un-nourrisson-decede-a-la-maternite-sa-famille-denonce-le-comportement-d-un-enfant-visiteur-2383275.html\" target=\"_blank\" rel=\"noopener\">Lille<\/a> (Nord). Micka\u00ebl et Nathalie, deux parents inquiets, doivent trouver \u00e0 tout prix un logement pour leur fille qui vient d&rsquo;obtenir sa place dans une grande \u00e9cole lilloise. \u00ab\u00a0C&rsquo;est vrai qu&rsquo;on est pr\u00e9occup\u00e9s. Je pense qu&rsquo;une fois trouv\u00e9, \u00e7a ira beaucoup mieux\u00a0\u00bb, confie le p\u00e8re de famille dans la vid\u00e9o en t\u00eate de cet article.\u00a0<\/p>\n<p data-module=\"article-paragraph\" class=\"jsx-3046738180 Paragraph Paragraph__End\">Mais la mission est loin d&rsquo;\u00eatre simple, les demandes de ce type se multipliant. Cons\u00e9quence : les parents sont oblig\u00e9s de revoir leurs pr\u00e9tentions \u00e0 la baisse. \u00ab\u00a0Les gens se rabattent en effet sur des quartiers plus interm\u00e9diaires. S&rsquo;ils veulent vraiment avoir du premier choix, il faut venir au mois de juin, d\u00e9but juin\u00a0\u00bb, assure Fran\u00e7ois Robb\u00e9, g\u00e9rant de l&rsquo;agence Expert Immo Lille.\u00a0<\/p>\n<p><a href=\"https:\/\/www.tf1info.fr\/immobilier\/video-taux-en-baisse-est-ce-le-moment-d-investir-dans-l-immobilier-2387918.html\" rel=\"noopener\" class=\"jsx-3308031228 Link flex\" target=\"_blank\"><img decoding=\"async\" src=\"https:\/\/www.europesays.com\/fr\/wp-content\/uploads\/2025\/08\/est-ce-le-moment-d-investir-dans-l-immobilier-308873-0@1x.jpeg\" alt=\"Capture vid\u00e9o LCI\" loading=\"lazy\" importance=\"low\" fetchpriority=\"low\" class=\"\" aria-hidden=\"true\"\/><\/p>\n<p class=\"jsx-3657663356 ReadMoreArticle__Title\">Lire aussi<\/p>\n<p class=\"jsx-3657663356\">Taux en baisse : est-ce le moment d&rsquo;investir dans l&rsquo;immobilier ?<\/p>\n<p><\/a><\/p>\n<p data-module=\"article-paragraph\" class=\"jsx-3046738180 Paragraph\">Reste une autre solution : acheter un appartement. \u00c0 Lille, il faut compter 140.000 euros pour 26m\u00b2, un prix jug\u00e9 raisonnable. Ainsi, une famille est tent\u00e9e par une acquisition tant le march\u00e9 de la location est satur\u00e9.\u00a0\u00ab\u00a0Ici, on a une ville de 230.000 habitants avec 65.000 \u00e9tudiants qui veulent habiter \u00e0 l&rsquo;int\u00e9rieur de la ville. Donc \u00e7a ne passe pas\u00a0\u00bb, affirme Fran\u00e7ois Robb\u00e9.\u00a0<\/p>\n<p data-module=\"article-paragraph\" class=\"jsx-3046738180 Paragraph Paragraph__End\">\u00a0On estime qu&rsquo;il manque entre 10.000 \u00e0 20.000 logements destin\u00e9s aux jeunes dans l&rsquo;ensemble de la m\u00e9tropole lilloise.<\/p>\n<p>Thibault JEANNIN<\/p>\n","protected":false},"excerpt":{"rendered":"\u00c0 quelques semaines de la rentr\u00e9e universitaire, la chasse aux logements est lanc\u00e9e. Les futurs \u00e9tudiants cherchent la&hellip;\n","protected":false},"author":2,"featured_media":334171,"comment_status":"","ping_status":"","sticky":false,"template":"","format":"standard","meta":{"footnotes":""},"categories":[2815],"tags":[26986,1111,11,1921,6778,1777,674,1011,27,811,1922,36428,1307,12,25,133,26987],"class_list":{"0":"post-334170","1":"post","2":"type-post","3":"status-publish","4":"format-standard","5":"has-post-thumbnail","7":"category-lille","8":"tag-achat-et-location-marche-immobilier","9":"tag-actu","10":"tag-actualites","11":"tag-article-video","12":"tag-bonjour-la-matinale-tf1","13":"tag-eu","14":"tag-europe","15":"tag-fr","16":"tag-france","17":"tag-hauts-de-france","18":"tag-info","19":"tag-investissement-immobilier","20":"tag-lille","21":"tag-news","22":"tag-republique-francaise","23":"tag-video","24":"tag-video-logement-et-immobilier"},"share_on_mastodon":{"url":"https:\/\/pubeurope.com\/@fr\/115067439695099778","error":""},"_links":{"self":[{"href":"https:\/\/www.europesays.com\/fr\/wp-json\/wp\/v2\/posts\/334170","targetHints":{"allow":["GET"]}}],"collection":[{"href":"https:\/\/www.europesays.com\/fr\/wp-json\/wp\/v2\/posts"}],"about":[{"href":"https:\/\/www.europesays.com\/fr\/wp-json\/wp\/v2\/types\/post"}],"author":[{"embeddable":true,"href":"https:\/\/www.europesays.com\/fr\/wp-json\/wp\/v2\/users\/2"}],"replies":[{"embeddable":true,"href":"https:\/\/www.europesays.com\/fr\/wp-json\/wp\/v2\/comments?post=334170"}],"version-history":[{"count":0,"href":"https:\/\/www.europesays.com\/fr\/wp-json\/wp\/v2\/posts\/334170\/revisions"}],"wp:featuredmedia":[{"embeddable":true,"href":"https:\/\/www.europesays.com\/fr\/wp-json\/wp\/v2\/media\/334171"}],"wp:attachment":[{"href":"https:\/\/www.europesays.com\/fr\/wp-json\/wp\/v2\/media?parent=334170"}],"wp:term":[{"taxonomy":"category","embeddable":true,"href":"https:\/\/www.europesays.com\/fr\/wp-json\/wp\/v2\/categories?post=334170"},{"taxonomy":"post_tag","embeddable":true,"href":"https:\/\/www.europesays.com\/fr\/wp-json\/wp\/v2\/tags?post=334170"}],"curies":[{"name":"wp","href":"https:\/\/api.w.org\/{rel}","templated":true}]}}