{"id":334180,"date":"2025-08-21T15:27:09","date_gmt":"2025-08-21T15:27:09","guid":{"rendered":"https:\/\/www.europesays.com\/fr\/334180\/"},"modified":"2025-08-21T15:27:09","modified_gmt":"2025-08-21T15:27:09","slug":"psg-y-a-t-il-un-probleme-avec-la-pelouse-du-parc-des-princes-en-ce-debut-de-saison","status":"publish","type":"post","link":"https:\/\/www.europesays.com\/fr\/334180\/","title":{"rendered":"PSG\u00a0: y-a-t-il un probl\u00e8me avec la pelouse du Parc des Princes en ce d\u00e9but de saison\u00a0?"},"content":{"rendered":"<p>Vendredi \u00e0 20h45, le PSG retrouve son stade f\u00e9tiche pour son premier match de la saison \u00e0 domicile face \u00e0 Angers. \u00c0 36 heures du coup d&rsquo;envoi, les fans du PSG se font du soucis pour la pelouse du Parc des Princes. Des photos circulent la montrant ab\u00eem\u00e9e. Quel est le probl\u00e8me\u00a0? On vous explique. <\/p>\n<p><strong>Mais que se passe-t-il avec la pelouse du Parc des Princes\u00a0?<\/strong>\u00a0Un conseil, cette question n&rsquo;allez pas la poser \u00e0 Jonathan Calderwood, le responsable en chef des terrains au PSG. Depuis quelques jours, trois photos circulent sur les r\u00e9seaux sociaux montrant une pelouse pel\u00e9e, qui semble mal en point. Et cette fois,\u00a0<a class=\"IciLink ici-link IciArticleLink g-ici-body-regular-1 underline brand svelte-lu7k6w\" href=\"https:\/\/www.francebleu.fr\/sports\/football\/psg-dans-quel-etat-sera-le-pelouse-du-parc-des-princes-pour-le-match-psg-montpellier-3786616\" rel=\"nofollow noopener\" target=\"_blank\">impossible d&rsquo;accuser les Jeux olympiques 2024,<\/a>\u00a0lesquels avaient laiss\u00e9 un gazon fatigu\u00e9 apr\u00e8s le tournoi de foot.<\/p>\n<p>Certains avancent des th\u00e9ories fumeuses pour expliquer pourquoi la pelouse du stade parisien, habituellement l&rsquo;une des meilleures d&rsquo;Europe, pr\u00e9sente un tel visage. ICI Paris \u00cele-de-France vous apporte la r\u00e9ponse et balaye surtout une fausse information.<\/p>\n<p> Une pelouse qui ne supporte pas les fortes chaleurs<\/p>\n<p>Comme tous les ans, les \u00e9quipes de Jonathan Calderwood refont la pelouse. L&rsquo;une des \u00e9tapes importantes est de semer des graines pour faire pousser le divin gazon. Graines choisis minutieusement par le jardinier qui pr\u00e9f\u00e8re des semences moins r\u00e9sistantes \u00e0 la chaleur mais qui tiennent beaucoup mieux le froid.<\/p>\n<p><strong>Probl\u00e8me\u00a0: cet \u00e9t\u00e9 il a fait jusqu&rsquo;\u00e0 44\u00b0C dans le Parc des Princes.<\/strong> La pelouse a donc pris chaud mais d\u00e8s que les temp\u00e9ratures vont baisser, l&rsquo;herbe va <strong>retrouver de la vigueur.<\/strong>\u00a0Dans les semaine \u00e0 venir, tout va donc revenir \u00e0 la normale au Parc des Princes mais aussi au Campus du PSG qui a vu certains terrains touch\u00e9s aussi par la chaleur.<\/p>\n<p>Dans les infos qui ont circul\u00e9 sur le pourquoi de l&rsquo;\u00e9tat de la pelouse, un festival a \u00e9t\u00e9 point\u00e9e du doigt. Le 6 et 7 septembre prochain a lieu au Parc des Princes\u00a0<a target=\"_blank\" rel=\"nofollow noopener noreferrer\" class=\"IciLink ici-link IciArticleLink g-ici-body-regular-1 underline brand svelte-lu7k6w\" href=\"https:\/\/lafriquefestival.com\/\">\u00ab\u00a0L&rsquo;Afrique Festival\u00a0\u00bb<\/a>. Certains ont avanc\u00e9 que les concerts allaient se d\u00e9rouler sur la pelouse. Faux, <strong>la sc\u00e8ne sera install\u00e9e au pied de tribune Boulogne<\/strong> et les spectateurs seront install\u00e9s dans la tribune Boulogne. \u00c0 aucun moment il ne sera possible de marcher sur la pelouse.<\/p>\n<p>Pour rappel, depuis plusieurs ann\u00e9es, le PSG remporte le titre de meilleur pelouse de Ligue 1 et nombreux sont les adversaires fran\u00e7ais et europ\u00e9ens qui louent les qualit\u00e9s d&rsquo;une pelouse que d\u00e9sormais tout le monde observe \u00e0 la loupe.<\/p>\n","protected":false},"excerpt":{"rendered":"Vendredi \u00e0 20h45, le PSG retrouve son stade f\u00e9tiche pour son premier match de la saison \u00e0 domicile&hellip;\n","protected":false},"author":2,"featured_media":334181,"comment_status":"","ping_status":"","sticky":false,"template":"","format":"standard","meta":{"footnotes":""},"categories":[1592],"tags":[1111,11,1777,674,1011,27,662,12,626,25],"class_list":{"0":"post-334180","1":"post","2":"type-post","3":"status-publish","4":"format-standard","5":"has-post-thumbnail","7":"category-ile-de-france","8":"tag-actu","9":"tag-actualites","10":"tag-eu","11":"tag-europe","12":"tag-fr","13":"tag-france","14":"tag-ile-de-france","15":"tag-news","16":"tag-paris","17":"tag-republique-francaise"},"share_on_mastodon":{"url":"https:\/\/pubeurope.com\/@fr\/115067462876648491","error":""},"_links":{"self":[{"href":"https:\/\/www.europesays.com\/fr\/wp-json\/wp\/v2\/posts\/334180","targetHints":{"allow":["GET"]}}],"collection":[{"href":"https:\/\/www.europesays.com\/fr\/wp-json\/wp\/v2\/posts"}],"about":[{"href":"https:\/\/www.europesays.com\/fr\/wp-json\/wp\/v2\/types\/post"}],"author":[{"embeddable":true,"href":"https:\/\/www.europesays.com\/fr\/wp-json\/wp\/v2\/users\/2"}],"replies":[{"embeddable":true,"href":"https:\/\/www.europesays.com\/fr\/wp-json\/wp\/v2\/comments?post=334180"}],"version-history":[{"count":0,"href":"https:\/\/www.europesays.com\/fr\/wp-json\/wp\/v2\/posts\/334180\/revisions"}],"wp:featuredmedia":[{"embeddable":true,"href":"https:\/\/www.europesays.com\/fr\/wp-json\/wp\/v2\/media\/334181"}],"wp:attachment":[{"href":"https:\/\/www.europesays.com\/fr\/wp-json\/wp\/v2\/media?parent=334180"}],"wp:term":[{"taxonomy":"category","embeddable":true,"href":"https:\/\/www.europesays.com\/fr\/wp-json\/wp\/v2\/categories?post=334180"},{"taxonomy":"post_tag","embeddable":true,"href":"https:\/\/www.europesays.com\/fr\/wp-json\/wp\/v2\/tags?post=334180"}],"curies":[{"name":"wp","href":"https:\/\/api.w.org\/{rel}","templated":true}]}}