{"id":334184,"date":"2025-08-21T15:29:14","date_gmt":"2025-08-21T15:29:14","guid":{"rendered":"https:\/\/www.europesays.com\/fr\/334184\/"},"modified":"2025-08-21T15:29:14","modified_gmt":"2025-08-21T15:29:14","slug":"une-pelouse-sous-haute-surveillance-a-jean-bouin","status":"publish","type":"post","link":"https:\/\/www.europesays.com\/fr\/334184\/","title":{"rendered":"Une pelouse sous haute surveillance \u00e0 Jean-Bouin"},"content":{"rendered":"<p class=\"date\">\n                                                            Juba Touabi, Media365, publi\u00e9 le jeudi 21 ao\u00fbt 2025 \u00e0 10h45\n                                                    <\/p>\n<p>Apr\u00e8s 18 ans pass\u00e9s au stade Charl\u00e9ty, le Paris FC tourne une page de son histoire.<\/p>\n<p>Cette saison, le club parisien \u00e9voluera au stade Jean-Bouin, dans le 16e arrondissement. Un changement majeur qui s&rsquo;accompagne de nombreuses pr\u00e9cautions, notamment concernant l&rsquo;\u00e9tat de la pelouse. L&rsquo;arriv\u00e9e du Paris FC \u00e0 Jean-Bouin n&rsquo;est pas sans interrogations. L&rsquo;un des sujets les plus sensibles concerne la pelouse. Pour r\u00e9pondre aux exigences du football de haut niveau et \u00e9viter les m\u00e9saventures v\u00e9cues au Parc des Princes avec la prolif\u00e9ration de champignons, une pelouse hybride de derni\u00e8re g\u00e9n\u00e9ration a \u00e9t\u00e9 pos\u00e9e avec un soin tout particulier selon les informations de RMC Sport. Malgr\u00e9 cela, des craintes subsistent quant \u00e0 sa tenue sur la dur\u00e9e.<\/p>\n<p>Une transition symbolique apr\u00e8s 18 ans \u00e0 Charl\u00e9ty<\/p>\n<p>Le club francilien va cohabiter avec le Stade Fran\u00e7ais Paris, le club de rugby, cette saison. Cet \u00e9l\u00e9ment important suppose une gestion m\u00e9ticuleuse du calendrier et de l&rsquo;entretien du terrain. Si les deux clubs affichent un esprit de collaboration, le d\u00e9fi logistique et technique reste r\u00e9el. Au-del\u00e0 de la pelouse, d&rsquo;importants travaux ont \u00e9t\u00e9 r\u00e9alis\u00e9s pour adapter Jean-Bouin aux standards de la Ligue 1. Plusieurs millions d&rsquo;euros ont \u00e9t\u00e9 investis en grande partie par le Paris FC, avec une participation du Stade Fran\u00e7ais et un soutien financier de la mairie de Paris selon Foot Mercato.<\/p>\n<p>La modernisation a concern\u00e9 le PC s\u00e9curit\u00e9, la vid\u00e9osurveillance, ainsi que le parcage visiteurs, d\u00e9sormais conforme aux exigences de la LFP. Autre transformation notable : les loges VIP ont \u00e9t\u00e9 repens\u00e9es pour un usage mixte. C\u00f4t\u00e9 image, le stade s&rsquo;est mis aux couleurs du Paris FC. Un habillage bleu a \u00e9t\u00e9 install\u00e9, renfor\u00e7ant l&rsquo;ancrage visuel du club dans sa nouvelle enceinte. Tout est en place pour le grand saut. Le Paris FC disputera son premier match \u00e0 domicile \u00e0 Jean-Bouin le 31 ao\u00fbt, face au FC Metz, lors de la 3e journ\u00e9e de Ligue 1.<\/p>\n","protected":false},"excerpt":{"rendered":"Juba Touabi, Media365, publi\u00e9 le jeudi 21 ao\u00fbt 2025 \u00e0 10h45 Apr\u00e8s 18 ans pass\u00e9s au stade Charl\u00e9ty,&hellip;\n","protected":false},"author":2,"featured_media":334185,"comment_status":"","ping_status":"","sticky":false,"template":"","format":"standard","meta":{"footnotes":""},"categories":[1888],"tags":[1111,1928,11,1927,1777,674,1011,27,12,1926,626,1925,25],"class_list":{"0":"post-334184","1":"post","2":"type-post","3":"status-publish","4":"format-standard","5":"has-post-thumbnail","7":"category-paris","8":"tag-actu","9":"tag-actu-paris","10":"tag-actualites","11":"tag-actualites-paris","12":"tag-eu","13":"tag-europe","14":"tag-fr","15":"tag-france","16":"tag-news","17":"tag-news-paris","18":"tag-paris","19":"tag-paris-news","20":"tag-republique-francaise"},"share_on_mastodon":{"url":"https:\/\/pubeurope.com\/@fr\/115067470665900129","error":""},"_links":{"self":[{"href":"https:\/\/www.europesays.com\/fr\/wp-json\/wp\/v2\/posts\/334184","targetHints":{"allow":["GET"]}}],"collection":[{"href":"https:\/\/www.europesays.com\/fr\/wp-json\/wp\/v2\/posts"}],"about":[{"href":"https:\/\/www.europesays.com\/fr\/wp-json\/wp\/v2\/types\/post"}],"author":[{"embeddable":true,"href":"https:\/\/www.europesays.com\/fr\/wp-json\/wp\/v2\/users\/2"}],"replies":[{"embeddable":true,"href":"https:\/\/www.europesays.com\/fr\/wp-json\/wp\/v2\/comments?post=334184"}],"version-history":[{"count":0,"href":"https:\/\/www.europesays.com\/fr\/wp-json\/wp\/v2\/posts\/334184\/revisions"}],"wp:featuredmedia":[{"embeddable":true,"href":"https:\/\/www.europesays.com\/fr\/wp-json\/wp\/v2\/media\/334185"}],"wp:attachment":[{"href":"https:\/\/www.europesays.com\/fr\/wp-json\/wp\/v2\/media?parent=334184"}],"wp:term":[{"taxonomy":"category","embeddable":true,"href":"https:\/\/www.europesays.com\/fr\/wp-json\/wp\/v2\/categories?post=334184"},{"taxonomy":"post_tag","embeddable":true,"href":"https:\/\/www.europesays.com\/fr\/wp-json\/wp\/v2\/tags?post=334184"}],"curies":[{"name":"wp","href":"https:\/\/api.w.org\/{rel}","templated":true}]}}