{"id":334188,"date":"2025-08-21T15:31:15","date_gmt":"2025-08-21T15:31:15","guid":{"rendered":"https:\/\/www.europesays.com\/fr\/334188\/"},"modified":"2025-08-21T15:31:15","modified_gmt":"2025-08-21T15:31:15","slug":"kevin-trapp-tombe-deja-de-tres-haut","status":"publish","type":"post","link":"https:\/\/www.europesays.com\/fr\/334188\/","title":{"rendered":"Kevin Trapp tombe d\u00e9j\u00e0 de tr\u00e8s haut"},"content":{"rendered":"<p>7 ans apr\u00e8s son dernier match en France, 6 ans apr\u00e8s son d\u00e9part d\u00e9finitif du PSG (il avait \u00e9t\u00e9 pr\u00eat\u00e9 dans un premier temps \u00e0 l\u2019Eintracht Francfort avant de s\u2019engager d\u00e9finitivement), un visage bien connu de notre <a href=\"https:\/\/www.footmercato.net\/france\/ligue-1\/\" rel=\"nofollow noopener\" target=\"_blank\">Ligue 1<\/a> a effectu\u00e9 son grand retour. <a href=\"https:\/\/www.footmercato.net\/joueur\/kevin-trapp-1\/\" rel=\"nofollow noopener\" target=\"_blank\">Kevin Trapp<\/a> est de retour dans l\u2019Hexagone. Mieux encore, le gardien allemand revient \u00e0 Paris, non pas au PSG mais bien au PFC o\u00f9 il signe jusqu\u2019en 2028 avec un salaire similaire \u00e0 celui touch\u00e9 \u00e0 l\u2019Eintracht. <a href=\"https:\/\/www.footmercato.net\/a5237498524805996318-le-paris-fc-soffre-kevin-trapp\" rel=\"nofollow noopener\" target=\"_blank\">L\u2019annonce a \u00e9t\u00e9 officialis\u00e9e il y a deux jours<\/a> et c\u2019est tr\u00e8s gros coup sportif et m\u00e9diatique r\u00e9alis\u00e9 par l\u2019\u00e9curie d\u00e9sormais sous pavillon de la famille Arnault.<\/p>\n<p>            La suite apr\u00e8s cette publicit\u00e9<\/p>\n<p>Apr\u00e8s la d\u00e9faite inaugurale le week-end dernier \u00e0 Angers (1-0), <a href=\"https:\/\/www.footmercato.net\/a7462559587280446656-la-sortie-mediatique-fracassante-de-maxime-lopez-apres-la-premiere-decevante-du-paris-fc\" rel=\"nofollow noopener\" target=\"_blank\">Maxime Lopez avait parl\u00e9 d\u2019un manque d\u2019exp\u00e9rience<\/a>. Trapp, 35 ans, international (9 s\u00e9lections), fait partie des solutions pour rem\u00e9dier \u00e0 cela. \u00abIl est apte, il \u00e9tait \u00e0 l\u2019entra\u00eenement. Il a l\u2019avantage de parler 6 langues dont tr\u00e8s bien le fran\u00e7ais donc \u00e7a aide beaucoup pour l\u2019adaptation (dans le vestiaire). On est tr\u00e8s contents de l\u2019avoir\u00bb, raconte St\u00e9phane Gili en conf\u00e9rence de presse, \u00e0 deux jours d\u2019un d\u00e9placement qui promet d\u2019\u00eatre explosif <a href=\"https:\/\/www.footmercato.net\/live\/6844065733563197715-marseille-vs-paris-fc#tabLive\" rel=\"nofollow noopener\" target=\"_blank\">au V\u00e9lodrome pour affronter l\u2019OM<\/a>. \u00abC\u2019\u00e9tait un choix sportif. C\u2019\u00e9tait quelqu\u2019un qu\u2019on voulait, avec de l\u2019exp\u00e9rience\u2026 On ne va pas parler de sa carri\u00e8re.\u00bb<\/p>\n<p>            La suite apr\u00e8s cette publicit\u00e9<\/p>\n<p>        Trapp sera la doublure de Nkambadio<\/p>\n<p>Pourtant, d\u2019apr\u00e8s l\u2019entra\u00eeneur parisien, l\u2019ancien du PSG ne part pas, a priori, comme titulaire cette saison. Il sera la doublure du prometteur <a href=\"https:\/\/www.footmercato.net\/joueur\/obed-nkambadio\/\" rel=\"nofollow noopener\" target=\"_blank\">Obed Nkambadio<\/a> (22 ans), form\u00e9 au PFC, et num\u00e9ro un dans la cage depuis deux saisons. \u00abLes choses sont claires, j\u2019ai \u00e9t\u00e9 tr\u00e8s clair avec lui. Aujourd\u2019hui, on a un jeune gardien, Obed Nkambadio, qui est prometteur. L\u2019objectif, c\u2019est qu\u2019Obed soit performant et d\u2019avoir un gardien, que ce soit lui (Trapp) ou R\u00e9my (Riou) pour l\u2019accompagner\u00bb, pr\u00e9cise Gili, qui aura donc deux portiers d\u2019un niveau similaire \u00e0 disposition. \u00abEn cas de p\u00e9pin ou de m\u00e9forme, d\u2019avoir quelqu\u2019un qui pourra nous amener son exp\u00e9rience.\u00bb<\/p>\n<p>Ca a le m\u00e9rite d\u2019\u00eatre clair et d\u2019\u00e9viter certains probl\u00e8mes dans le vestiaire. Il n\u2019en reste pas moins que ce choix peut sembler surprenant. Depuis les premi\u00e8res rumeurs d\u2019un transfert au PFC, Kevin Trapp est per\u00e7u comme un num\u00e9ro un bis. Il est d\u00e9j\u00e0 tout en haut de la grille salariale et poss\u00e8de un v\u00e9cu qui parle pour lui. Tous ces \u00e9l\u00e9ments sont en sa faveur face au gardien de l\u2019\u00e9quipe de France Espoirs, p\u00e9tri de talent certes, et issu du cru, mais encore tendre \u00e0 certains moments. C\u2019est tout \u00e0 l\u2019honneur du club de vouloir mettre en avant son jeune portier, et \u00e0 travers lui son centre de formation, mais on se doute que Trapp n\u2019est pas seulement l\u00e0 pour go\u00fbter au banc de touche, <a href=\"https:\/\/www.footmercato.net\/a567963263279002137-paris-fc-lincroyable-raison-du-deal-kevin-trapp\" rel=\"nofollow noopener\" target=\"_blank\">et d\u00e9filer sur les podiums de Louis Vuitton\u2026<\/a><\/p>\n<p>\n    Pub. le 21\/08\/2025 17:01<br \/>\n            &#8211; MAJ le 21\/08\/2025 17:18\n    <\/p>\n","protected":false},"excerpt":{"rendered":"7 ans apr\u00e8s son dernier match en France, 6 ans apr\u00e8s son d\u00e9part d\u00e9finitif du PSG (il avait&hellip;\n","protected":false},"author":2,"featured_media":334189,"comment_status":"","ping_status":"","sticky":false,"template":"","format":"standard","meta":{"footnotes":""},"categories":[1888],"tags":[11,1777,674,1011,27,12,626,25],"class_list":{"0":"post-334188","1":"post","2":"type-post","3":"status-publish","4":"format-standard","5":"has-post-thumbnail","7":"category-paris","8":"tag-actualites","9":"tag-eu","10":"tag-europe","11":"tag-fr","12":"tag-france","13":"tag-news","14":"tag-paris","15":"tag-republique-francaise"},"share_on_mastodon":{"url":"https:\/\/pubeurope.com\/@fr\/115067478598967464","error":""},"_links":{"self":[{"href":"https:\/\/www.europesays.com\/fr\/wp-json\/wp\/v2\/posts\/334188","targetHints":{"allow":["GET"]}}],"collection":[{"href":"https:\/\/www.europesays.com\/fr\/wp-json\/wp\/v2\/posts"}],"about":[{"href":"https:\/\/www.europesays.com\/fr\/wp-json\/wp\/v2\/types\/post"}],"author":[{"embeddable":true,"href":"https:\/\/www.europesays.com\/fr\/wp-json\/wp\/v2\/users\/2"}],"replies":[{"embeddable":true,"href":"https:\/\/www.europesays.com\/fr\/wp-json\/wp\/v2\/comments?post=334188"}],"version-history":[{"count":0,"href":"https:\/\/www.europesays.com\/fr\/wp-json\/wp\/v2\/posts\/334188\/revisions"}],"wp:featuredmedia":[{"embeddable":true,"href":"https:\/\/www.europesays.com\/fr\/wp-json\/wp\/v2\/media\/334189"}],"wp:attachment":[{"href":"https:\/\/www.europesays.com\/fr\/wp-json\/wp\/v2\/media?parent=334188"}],"wp:term":[{"taxonomy":"category","embeddable":true,"href":"https:\/\/www.europesays.com\/fr\/wp-json\/wp\/v2\/categories?post=334188"},{"taxonomy":"post_tag","embeddable":true,"href":"https:\/\/www.europesays.com\/fr\/wp-json\/wp\/v2\/tags?post=334188"}],"curies":[{"name":"wp","href":"https:\/\/api.w.org\/{rel}","templated":true}]}}