{"id":334190,"date":"2025-08-21T15:32:12","date_gmt":"2025-08-21T15:32:12","guid":{"rendered":"https:\/\/www.europesays.com\/fr\/334190\/"},"modified":"2025-08-21T15:32:12","modified_gmt":"2025-08-21T15:32:12","slug":"un-ukrainien-arre%cc%82te-en-italie-pour-le-sabotage-du-gazoduc-russe-nord-stream","status":"publish","type":"post","link":"https:\/\/www.europesays.com\/fr\/334190\/","title":{"rendered":"Un Ukrainien arre\u0302te\u0301 en Italie pour le sabotage du gazoduc russe Nord Stream"},"content":{"rendered":"<p>Berlin (AFP) &#8211; Pr\u00e8s de trois ans apr\u00e8s le sabotage du gazoduc russe Nord Stream dans la mer Baltique, un Ukrainien suspect\u00e9 d&rsquo;\u00eatre l&rsquo;un des coordinateurs du commando a \u00e9t\u00e9 arr\u00eat\u00e9 jeudi en Italie.<\/p>\n<p>Il s&rsquo;agit de la premi\u00e8re arrestation dans cette myst\u00e9rieuse affaire, particuli\u00e8rement sensible en raison de la guerre en Ukraine, attaqu\u00e9e\u00a0depuis f\u00e9vrier 2022 par la Russie.<\/p>\n<p>Dans un communiqu\u00e9 diffus\u00e9 jeudi, le parquet f\u00e9d\u00e9ral allemand, sp\u00e9cialis\u00e9 dans les affaires de terrorisme, a annonc\u00e9 avoir \u00ab\u00a0fait proc\u00e9der \u00e0 l&rsquo;arrestation sur la base d&rsquo;un mandat d&rsquo;arr\u00eat europ\u00e9en du citoyen ukrainien Serhii K., par la police italienne, dans la province de Rimini (Italie)\u00a0\u00bb.<\/p>\n<p>\u00ab\u00a0Serhii K. faisait partie d&rsquo;un groupe de personnes qui, en septembre 2022, ont plac\u00e9 des explosifs sur les gazoduc &lsquo;Nord Stream 1&rsquo; et &lsquo;Nord Stream 2&rsquo; pr\u00e8s de l&rsquo;\u00eele (danoise, ndlr) de Bornholm\u00a0\u00bb, a-t-il ajout\u00e9.<\/p>\n<p>Il s&rsquo;agit \u00ab\u00a0vraisemblablement d&rsquo;un des coordinateurs de l&rsquo;op\u00e9ration\u00a0\u00bb de sabotage, a-t-il soulign\u00e9.\u00a0<\/p>\n<p>Le suspect \u00e2g\u00e9 de 49 ans s\u00e9journait depuis quelques jours avec sa famille \u00e0 San Clemente, village proche de Rimini, grande station baln\u00e9aire de la mer Adriatique, ont indiqu\u00e9 les autorit\u00e9s italiennes.<\/p>\n<p>\u00ab\u00a0Les gendarmes ont lanc\u00e9 un raid sur le bungalow o\u00f9 il se trouvait et il a \u00e9t\u00e9 arr\u00eat\u00e9 sans opposer de r\u00e9sistance\u00a0\u00bb, ont-elles pr\u00e9cis\u00e9.<\/p>\n<p>&#8211; Plusieurs Etats soup\u00e7onn\u00e9s &#8211;<\/p>\n<p>Lors d&rsquo;un bref point presse \u00e0 Berlin, la ministre allemande de la Justice, Stefanie Hubig, a lou\u00e9 le \u00ab\u00a0succ\u00e8s tr\u00e8s impressionnant\u00a0\u00bb du parquet.<\/p>\n<p>Questionn\u00e9e sur les cons\u00e9quences de cette arrestation pour les relations germano-ukrainiennes, la ministre a r\u00e9affirm\u00e9 la solidarit\u00e9 de Berlin \u00e0 Kiev, dont il est l&rsquo;un des plus fervents alli\u00e9s.<\/p>\n<p>Le 26 septembre 2022, quatre \u00e9normes fuites de gaz pr\u00e9c\u00e9d\u00e9es d&rsquo;explosions sous-marines avaient eu lieu \u00e0 quelques heures d&rsquo;intervalles sur Nord Stream 1 et 2, des conduites reliant la Russie \u00e0 l&rsquo;Allemagne et acheminant l&rsquo;essentiel du gaz russe vers l&rsquo;Europe.<\/p>\n<p>A cette \u00e9poque, Moscou avait cess\u00e9 de livrer du gaz via Nord Stream 1, sur fond de bras de fer avec les pays europ\u00e9ens alli\u00e9s de Kiev.Quant au gazoduc jumeau Nord Stream 2, pomme de discorde entre Berlin et Washington depuis des ann\u00e9es, il n&rsquo;\u00e9tait jamais entr\u00e9 en service.\u00a0<\/p>\n<p>Depuis le sabotage, des enqu\u00eates judiciaires avaient \u00e9t\u00e9 lanc\u00e9es s\u00e9par\u00e9ment par l&rsquo;Allemagne, la Su\u00e8de et le Danemark.Elles ont \u00e9t\u00e9 closes dans les deux pays scandinaves en 2024.<\/p>\n<p>De nombreuses pistes ont \u00e9t\u00e9 \u00e9voqu\u00e9es, avec toujours en toile de fond, l&rsquo;hypoth\u00e8se qu&rsquo;un Etat pourrait \u00eatre le commanditaire de l&rsquo;op\u00e9ration.\u00a0<\/p>\n<p>Tant l&rsquo;Ukraine que la Russie ou les Etats-Unis ont toujours vigoureusement d\u00e9menti toute implication.<\/p>\n<p>&#8211; Voilier lou\u00e9 avec de faux papiers &#8211;<\/p>\n<p>Dans son communiqu\u00e9 publi\u00e9 jeudi, le parquet f\u00e9d\u00e9ral allemand affirme que Serhii K. et ses complices \u00ab\u00a0ont utilis\u00e9 un voilier (&#8230;) au d\u00e9part de Rostock (port allemand sur la Baltique)\u00a0\u00bb.\u00a0<\/p>\n<p>\u00ab\u00a0Le voilier avait \u00e9t\u00e9 lou\u00e9 aupr\u00e8s d&rsquo;une entreprise allemande \u00e0 l&rsquo;aide de faux papiers d&rsquo;identit\u00e9 par le biais d&rsquo;interm\u00e9diaires\u00a0\u00bb, poursuit le parquet.<\/p>\n<p>\u00ab\u00a0Les explosifs avaient d\u00e9ton\u00e9 le 26 septembre 2022.Les explosions ont gravement endommag\u00e9 les deux gazoducs\u00a0\u00bb, rappelle le parquet.<\/p>\n<p>Apr\u00e8s son transfert par les autorit\u00e9s italiennes en Allemagne, le suspect ukrainien doit \u00eatre pr\u00e9sent\u00e9 au juge de la Cour f\u00e9d\u00e9rale de justice allemande.<\/p>\n<p>Il y a un an, plusieurs m\u00e9dias allemands, la chaine de t\u00e9l\u00e9vision publique ARD et les journaux Die Zeit et S\u00fcddeutsche Zeitung avaient r\u00e9v\u00e9l\u00e9 que l&rsquo;enqu\u00eate s&rsquo;orientait vers une piste ukrainienne, avec un mandat d&rsquo;arr\u00eat de la justice allemande contre un plongeur professionnel soup\u00e7onn\u00e9 d&rsquo;\u00eatre impliqu\u00e9 dans le sabotage avec deux autres des ses compatriotes.\u00a0<\/p>\n<p>Ce plongeur, d\u00e9sign\u00e9 comme Volodymyr Z. par les m\u00e9dias allemands, vivait en Pologne mais avait pu s&rsquo;\u00e9chapper en Ukraine avant son arrestation.<\/p>\n<p>Un jour apr\u00e8s les r\u00e9v\u00e9lations de la presse allemande, le Wall Street Journal avait affirm\u00e9 que l&rsquo;ancien chef d&rsquo;Etat major ukrainien Valery Zaloujny, avait supervis\u00e9 le plan visant \u00e0 faire sauter les gazoducs.Un \u00ab\u00a0non-sens absolu\u00a0\u00bb avait r\u00e9agi la pr\u00e9sidence ukrainienne le 15 ao\u00fbt 2024.Quant \u00e0 Moscou, il avait jug\u00e9 \u00ab\u00a0clair\u00a0\u00bb quatre jours plus tard que l&rsquo;op\u00e9ration avait \u00e9t\u00e9 ordonn\u00e9 par Washington.<\/p>\n","protected":false},"excerpt":{"rendered":"Berlin (AFP) &#8211; Pr\u00e8s de trois ans apr\u00e8s le sabotage du gazoduc russe Nord Stream dans la mer&hellip;\n","protected":false},"author":2,"featured_media":334191,"comment_status":"","ping_status":"","sticky":false,"template":"","format":"standard","meta":{"footnotes":""},"categories":[1591],"tags":[11,1887,12,1885,1886,132],"class_list":{"0":"post-334190","1":"post","2":"type-post","3":"status-publish","4":"format-standard","5":"has-post-thumbnail","7":"category-russie","8":"tag-actualites","9":"tag-federation-de-russie","10":"tag-news","11":"tag-russia","12":"tag-russian-federation","13":"tag-russie"},"share_on_mastodon":{"url":"https:\/\/pubeurope.com\/@fr\/115067482506205911","error":""},"_links":{"self":[{"href":"https:\/\/www.europesays.com\/fr\/wp-json\/wp\/v2\/posts\/334190","targetHints":{"allow":["GET"]}}],"collection":[{"href":"https:\/\/www.europesays.com\/fr\/wp-json\/wp\/v2\/posts"}],"about":[{"href":"https:\/\/www.europesays.com\/fr\/wp-json\/wp\/v2\/types\/post"}],"author":[{"embeddable":true,"href":"https:\/\/www.europesays.com\/fr\/wp-json\/wp\/v2\/users\/2"}],"replies":[{"embeddable":true,"href":"https:\/\/www.europesays.com\/fr\/wp-json\/wp\/v2\/comments?post=334190"}],"version-history":[{"count":0,"href":"https:\/\/www.europesays.com\/fr\/wp-json\/wp\/v2\/posts\/334190\/revisions"}],"wp:featuredmedia":[{"embeddable":true,"href":"https:\/\/www.europesays.com\/fr\/wp-json\/wp\/v2\/media\/334191"}],"wp:attachment":[{"href":"https:\/\/www.europesays.com\/fr\/wp-json\/wp\/v2\/media?parent=334190"}],"wp:term":[{"taxonomy":"category","embeddable":true,"href":"https:\/\/www.europesays.com\/fr\/wp-json\/wp\/v2\/categories?post=334190"},{"taxonomy":"post_tag","embeddable":true,"href":"https:\/\/www.europesays.com\/fr\/wp-json\/wp\/v2\/tags?post=334190"}],"curies":[{"name":"wp","href":"https:\/\/api.w.org\/{rel}","templated":true}]}}