{"id":334198,"date":"2025-08-21T15:36:17","date_gmt":"2025-08-21T15:36:17","guid":{"rendered":"https:\/\/www.europesays.com\/fr\/334198\/"},"modified":"2025-08-21T15:36:17","modified_gmt":"2025-08-21T15:36:17","slug":"allemagne-un-neonazi-change-de-sexe-a-letat-civil-pour-integrer-une-prison-pour-femmes","status":"publish","type":"post","link":"https:\/\/www.europesays.com\/fr\/334198\/","title":{"rendered":"Allemagne : un n\u00e9onazi change de sexe \u00e0 l\u2019\u00e9tat civil pour int\u00e9grer une prison pour femmes"},"content":{"rendered":"<p>                                            Monde\n                                                                            <\/p>\n<p>\n                                            Apr\u00e8s avoir chang\u00e9 de sexe \u00e0 l\u2019\u00e9tat civil allemand, Marla-Svenja Liebich doit purger une peine de 18 mois dans une prison pour femmes. Une d\u00e9cision qui soul\u00e8ve de vives critiques dans le pays.                                        <\/p>\n<p>                                                Publi\u00e9 le 21 ao\u00fbt 2025 \u00e0 17h10                                                                                            <\/p>\n<p>                                            <img loading=\"lazy\" width=\"1024\" height=\"683\" src=\"https:\/\/www.europesays.com\/fr\/wp-content\/uploads\/2025\/08\/SIPA_sipa60033593_000013-1.jpg\" class=\"attachment-post-thumbnail size-post-thumbnail wp-post-image lazy\" alt=\"Michael Matthey\/DPA\/SIPA\" decoding=\"async\"  data-\/><\/p>\n<p>                                            Michael Matthey\/DPA\/SIPA<\/p>\n<p>Condamn\u00e9 en juillet 2023 par le tribunal de Halle (Saxe-Anhalt) \u00e0 dix-huit mois de<a href=\"https:\/\/www.valeursactuelles.com\/monde\/malaisie-une-province-impose-jusqua-deux-ans-de-prison-pour-les-musulmans-absents-a-la-priere-du-vendredi\" target=\"_blank\" rel=\"noopener\"> prison<\/a> ferme pour incitation \u00e0 la haine, diffamation et insultes, Sven Liebich est une figure de la droite conservatrice allemande, connue pour avoir milit\u00e9 au sein du groupuscule <a href=\"https:\/\/www.valeursactuelles.com\/faits-divers\/strasbourg-lassassin-de-dominique-bernard-un-neonazi-et-un-troisieme-detenu-soupconnes-davoir-tente-de-sevader\" target=\"_blank\" rel=\"noopener\">n\u00e9onazi<\/a> Blood &amp; Honour et organis\u00e9 des rassemblements ultranationalistes, nous indique le m\u00e9dia allemand <a href=\"https:\/\/www.spiegel.de\/panorama\/justiz\/rechtsextremistin-marla-svenja-liebich-nach-geschlechtsaenderung-in-ein-frauengefaengnis-geladen-a-77643e94-96b6-4c27-bf8d-5c34c4edb44b\" target=\"_blank\" rel=\"nofollow noopener\">Der Spiegel<\/a>. En fin d\u2019ann\u00e9e 2024, il a fait usage de la nouvelle loi sur l\u2019autod\u00e9termination de genre entr\u00e9e en vigueur en Allemagne, qui permet \u00e0 toute personne de changer de pr\u00e9nom et de sexe par simple d\u00e9claration en mairie. Sven Liebich est alors devenu officiellement Marla-Svenja Liebich, sans modifier son apparence physique.<\/p>\n<p><a href=\"https:\/\/www.valeursactuelles.com\/monde\/etats-unis-apres-un-decret-de-trump-le-comite-olympique-interdit-aux-femmes-transgenres-de-concourir-dans-les-sports-feminins\" class=\"h-flex h-align-items-center h-border-tb h-ptb-15\" target=\"_blank\" rel=\"noopener\">A\u00a0LIRE\u00a0\u00c9tats-Unis : apr\u00e8s un d\u00e9cret de Trump, le Comit\u00e9 olympique interdit aux femmes transgenres de concourir dans les sports f\u00e9minins<\/a>Une incarc\u00e9ration qui fait d\u00e9bat<\/p>\n<p>L\u2019extr\u00e9miste doit int\u00e9grer la prison pour femmes de Chemnitz (Saxe) \u00e0 partir du 29 ao\u00fbt 2025. Sur le r\u00e9seau social X, elle a confirm\u00e9 : \u00ab Le 29 ao\u00fbt, \u00e0 22 heures, j\u2019arriverai \u00e0 la maison d\u2019arr\u00eat de Chemnitz avec mes valises \u00bb.<\/p>\n<blockquote class=\"twitter-tweet\">\n<p dir=\"ltr\" lang=\"de\">\ud83d\udce2 Ich werde meinen Haftantritt ordnungsgem\u00e4\u00df antreten.<br \/>\ud83d\udc5c Am 29.08.2025 um 22 Uhr trete ich mit meinen Koffern in der JVA Chemnitz an.<br \/>\ud83d\udd57 Ab 21 Uhr stehe ich vor dem Gef\u00e4ngnis f\u00fcr Interviews zur Verf\u00fcgung \u2013 eine einmalige Ausnahme, da ich der Presse sonst grunds\u00e4tzlich nicht zur\u2026 <a href=\"https:\/\/t.co\/wgZDaCLehb\">pic.twitter.com\/wgZDaCLehb<\/a><\/p>\n<p>\u2014 Marla Svenja Liebich (@MarlaSvenjaL) <a href=\"https:\/\/twitter.com\/MarlaSvenjaL\/status\/1958113419518751205?ref_src=twsrc%5Etfw\" target=\"_blank\" rel=\"noopener\">August 20, 2025<\/a><\/p>\n<\/blockquote>\n<p><a href=\"https:\/\/www.valeursactuelles.com\/societe\/comment-les-transgenres-humilient-le-sport-feminin\" class=\"h-flex h-align-items-center h-border-tb h-ptb-15\" target=\"_blank\" rel=\"noopener\">A\u00a0LIRE\u00a0Comment les transgenres humilient le sport f\u00e9minin<\/a><\/p>\n<p>Mais cette perspective fait pol\u00e9mique en Allemagne. Le journal allemand souligne que \u00ab [Liebich] a proc\u00e9d\u00e9 au changement d\u2019\u00e9tat civil de mani\u00e8re abusive afin de provoquer et d\u2019embarrasser l\u2019\u00c9tat \u00bb. Le parquet g\u00e9n\u00e9ral a confirm\u00e9 que le placement \u00e0 Chemnitz \u00e9tait pr\u00e9vu, tout en pr\u00e9cisant que l\u2019administration p\u00e9nitentiaire \u00e9valuerait \u00e0 son arriv\u00e9e les risques pour la s\u00e9curit\u00e9 et l\u2019ordre dans l\u2019\u00e9tablissement. Cette affaire a relanc\u00e9 les critiques contre la loi sur l\u2019autod\u00e9termination de genre introduite sous la coalition d\u2019Olaf Scholz. Pour ses opposants, ce texte ouvrirait la porte \u00e0 des abus et menacerait la s\u00e9curit\u00e9 dans les espaces r\u00e9serv\u00e9s aux femmes.<\/p>\n<p>                                                                    <script async src=\"https:\/\/platform.twitter.com\/widgets.js\" charset=\"utf-8\"><\/script><\/p>\n","protected":false},"excerpt":{"rendered":"Monde Apr\u00e8s avoir chang\u00e9 de sexe \u00e0 l\u2019\u00e9tat civil allemand, Marla-Svenja Liebich doit purger une peine de 18&hellip;\n","protected":false},"author":2,"featured_media":334199,"comment_status":"","ping_status":"","sticky":false,"template":"","format":"standard","meta":{"footnotes":""},"categories":[1587],"tags":[11,672,1804,1805,1803,1777,674,1294,1801,936,12,1062,806,1802,10657],"class_list":{"0":"post-334198","1":"post","2":"type-post","3":"status-publish","4":"format-standard","5":"has-post-thumbnail","7":"category-allemagne","8":"tag-actualites","9":"tag-allemagne","10":"tag-bundesrepublik-deutschland","11":"tag-de","12":"tag-deutschland","13":"tag-eu","14":"tag-europe","15":"tag-femme","16":"tag-germany","17":"tag-nazi","18":"tag-news","19":"tag-polemique","20":"tag-prison","21":"tag-republique-federale-dallemagne","22":"tag-transgenre"},"share_on_mastodon":{"url":"https:\/\/pubeurope.com\/@fr\/115067498409367409","error":""},"_links":{"self":[{"href":"https:\/\/www.europesays.com\/fr\/wp-json\/wp\/v2\/posts\/334198","targetHints":{"allow":["GET"]}}],"collection":[{"href":"https:\/\/www.europesays.com\/fr\/wp-json\/wp\/v2\/posts"}],"about":[{"href":"https:\/\/www.europesays.com\/fr\/wp-json\/wp\/v2\/types\/post"}],"author":[{"embeddable":true,"href":"https:\/\/www.europesays.com\/fr\/wp-json\/wp\/v2\/users\/2"}],"replies":[{"embeddable":true,"href":"https:\/\/www.europesays.com\/fr\/wp-json\/wp\/v2\/comments?post=334198"}],"version-history":[{"count":0,"href":"https:\/\/www.europesays.com\/fr\/wp-json\/wp\/v2\/posts\/334198\/revisions"}],"wp:featuredmedia":[{"embeddable":true,"href":"https:\/\/www.europesays.com\/fr\/wp-json\/wp\/v2\/media\/334199"}],"wp:attachment":[{"href":"https:\/\/www.europesays.com\/fr\/wp-json\/wp\/v2\/media?parent=334198"}],"wp:term":[{"taxonomy":"category","embeddable":true,"href":"https:\/\/www.europesays.com\/fr\/wp-json\/wp\/v2\/categories?post=334198"},{"taxonomy":"post_tag","embeddable":true,"href":"https:\/\/www.europesays.com\/fr\/wp-json\/wp\/v2\/tags?post=334198"}],"curies":[{"name":"wp","href":"https:\/\/api.w.org\/{rel}","templated":true}]}}