{"id":334200,"date":"2025-08-21T15:37:15","date_gmt":"2025-08-21T15:37:15","guid":{"rendered":"https:\/\/www.europesays.com\/fr\/334200\/"},"modified":"2025-08-21T15:37:15","modified_gmt":"2025-08-21T15:37:15","slug":"les-images-sublimes-du-plus-grand-feu-dartifice-deurope-en-hongrie","status":"publish","type":"post","link":"https:\/\/www.europesays.com\/fr\/334200\/","title":{"rendered":"Les images sublimes du plus grand feu d&rsquo;artifice d&rsquo;Europe en Hongrie"},"content":{"rendered":"<ul class=\"jsx-862013697 ArticleChapo__List\">\n<li class=\"jsx-862013697 ArticleChapo__List_Item flex\">La Hongrie a c\u00e9l\u00e9br\u00e9 la Saint-\u00c9tienne, sa f\u00eate nationale.<\/li>\n<li class=\"jsx-862013697 ArticleChapo__List_Item flex\">Plusieurs centaines de milliers de personnes ont admir\u00e9 mercredi le spectacle sur le Danube \u00e0 Budapest.<\/li>\n<li class=\"jsx-862013697 ArticleChapo__List_Item flex\">D\u00e9couvrez les images magnifiques plus grand feu d&rsquo;artifice d&rsquo;Europe.<\/li>\n<\/ul>\n<p data-module=\"article-paragraph\" class=\"jsx-3046738180 Paragraph\">Chaque ann\u00e9e, le spectacle est admir\u00e9 par des centaines de milliers de personnes. Mercredi, <a href=\"https:\/\/www.tf1info.fr\/international\/video-hongrie-la-marche-des-fiertes-aura-bien-lieu-a-budapest-malgre-les-menaces-de-viktor-orban-2379689.html\" target=\"_blank\" rel=\"noopener\">Budapest<\/a> a c\u00e9l\u00e9br\u00e9 l&rsquo;anniversaire de la fondation de la Hongrie lors de sa f\u00eate nationale, la Saint-\u00c9tienne, avec en guise de bouquet final son traditionnel<a href=\"https:\/\/www.tf1info.fr\/meteo\/video-reportage-tf1-feux-d-artifice-annules-les-spectacles-de-drones-lumineux-une-alternative-face-au-risque-d-incendie-2388926.html\" target=\"_blank\" rel=\"noopener\"> feu d&rsquo;artifice<\/a>, le plus grand d&rsquo;Europe.<\/p>\n<p data-module=\"article-paragraph\" class=\"jsx-3046738180 Paragraph Paragraph__End\">Misant sur une sc\u00e9nographie grandiose sur un tron\u00e7on de cinq kilom\u00e8tres du <a href=\"https:\/\/www.tf1info.fr\/international\/en-images-intemperies-inondations-hongrie-le-fleuve-du-danube-en-crue-a-budapest-apres-la-tempete-boris-2320866.html\" target=\"_blank\" rel=\"noopener\">Danube<\/a>, le spectacle pyrotechnique, dont la vid\u00e9o de TF1 en t\u00eate de cet article vous montre les images, comprenait des drones et des feux d&rsquo;artifice, le tout pendant 30 minutes.<\/p>\n<p data-module=\"article-paragraph\" class=\"jsx-3046738180 Paragraph Paragraph__End\">Dans le d\u00e9tail, plus de 40.000 engins diff\u00e9rents ont \u00e9t\u00e9 tir\u00e9s, accompagn\u00e9s par plus de 1000 drones \u00e0 travers un spectacle \u00e9voquant l&rsquo;h\u00e9ritage historique et culturel du pays. Des projections lumineuses ont aussi pu \u00eatre admir\u00e9es sur certains des b\u00e2timents les plus embl\u00e9matiques de Hongrie, notamment le Parlement et le pont des Cha\u00eenes.<\/p>\n<p><a href=\"https:\/\/www.tf1info.fr\/justice-faits-divers\/allemagne-un-feu-d-artifice-explose-pres-du-sol-19-blesses-2383833.html\" rel=\"noopener\" class=\"jsx-3308031228 Link flex\" target=\"_blank\"><img decoding=\"async\" src=\"https:\/\/www.europesays.com\/fr\/wp-content\/uploads\/2025\/08\/feu-artifice-illustrations-8387d3-0@1x.jpeg\" alt=\" Roven Images @ Unsplash\" loading=\"lazy\" importance=\"low\" fetchpriority=\"low\" class=\"\" aria-hidden=\"true\"\/><\/p>\n<p class=\"jsx-3657663356 ReadMoreArticle__Title\">Lire aussi<\/p>\n<p class=\"jsx-3657663356\">Allemagne : un feu d&rsquo;artifice explose \u00ab\u00a0pr\u00e8s du sol\u00a0\u00bb, 19 bless\u00e9s<\/p>\n<p><\/a><\/p>\n<p data-module=\"article-paragraph\" class=\"jsx-3046738180 Paragraph Paragraph__End\">Ce spectacle peut \u00eatre observ\u00e9 depuis de nombreux lieux de la ville, les rives du Danube offrant la vue la plus m\u00e9morable. Les festivit\u00e9s de la f\u00eate nationale hongroise ont d\u00e9but\u00e9 le 16 ao\u00fbt et se sont termin\u00e9es ce mercredi.\u00a0<\/p>\n<p>Thibault JEANNIN<\/p>\n","protected":false},"excerpt":{"rendered":"La Hongrie a c\u00e9l\u00e9br\u00e9 la Saint-\u00c9tienne, sa f\u00eate nationale. Plusieurs centaines de milliers de personnes ont admir\u00e9 mercredi&hellip;\n","protected":false},"author":2,"featured_media":334201,"comment_status":"","ping_status":"","sticky":false,"template":"","format":"standard","meta":{"footnotes":""},"categories":[1586],"tags":[1111,11,1921,6778,1777,674,1011,27,804,47144,1922,12,25,133,1920],"class_list":{"0":"post-334200","1":"post","2":"type-post","3":"status-publish","4":"format-standard","5":"has-post-thumbnail","7":"category-europe","8":"tag-actu","9":"tag-actualites","10":"tag-article-video","11":"tag-bonjour-la-matinale-tf1","12":"tag-eu","13":"tag-europe","14":"tag-fr","15":"tag-france","16":"tag-hongrie","17":"tag-images-insolites","18":"tag-info","19":"tag-news","20":"tag-republique-francaise","21":"tag-video","22":"tag-video-international"},"share_on_mastodon":{"url":"https:\/\/pubeurope.com\/@fr\/115067502230974543","error":""},"_links":{"self":[{"href":"https:\/\/www.europesays.com\/fr\/wp-json\/wp\/v2\/posts\/334200","targetHints":{"allow":["GET"]}}],"collection":[{"href":"https:\/\/www.europesays.com\/fr\/wp-json\/wp\/v2\/posts"}],"about":[{"href":"https:\/\/www.europesays.com\/fr\/wp-json\/wp\/v2\/types\/post"}],"author":[{"embeddable":true,"href":"https:\/\/www.europesays.com\/fr\/wp-json\/wp\/v2\/users\/2"}],"replies":[{"embeddable":true,"href":"https:\/\/www.europesays.com\/fr\/wp-json\/wp\/v2\/comments?post=334200"}],"version-history":[{"count":0,"href":"https:\/\/www.europesays.com\/fr\/wp-json\/wp\/v2\/posts\/334200\/revisions"}],"wp:featuredmedia":[{"embeddable":true,"href":"https:\/\/www.europesays.com\/fr\/wp-json\/wp\/v2\/media\/334201"}],"wp:attachment":[{"href":"https:\/\/www.europesays.com\/fr\/wp-json\/wp\/v2\/media?parent=334200"}],"wp:term":[{"taxonomy":"category","embeddable":true,"href":"https:\/\/www.europesays.com\/fr\/wp-json\/wp\/v2\/categories?post=334200"},{"taxonomy":"post_tag","embeddable":true,"href":"https:\/\/www.europesays.com\/fr\/wp-json\/wp\/v2\/tags?post=334200"}],"curies":[{"name":"wp","href":"https:\/\/api.w.org\/{rel}","templated":true}]}}