{"id":33421,"date":"2025-04-18T06:40:30","date_gmt":"2025-04-18T06:40:30","guid":{"rendered":"https:\/\/www.europesays.com\/fr\/33421\/"},"modified":"2025-04-18T06:40:30","modified_gmt":"2025-04-18T06:40:30","slug":"la-fin-de-la-serie-expliquee","status":"publish","type":"post","link":"https:\/\/www.europesays.com\/fr\/33421\/","title":{"rendered":"La fin de la s\u00e9rie expliqu\u00e9e"},"content":{"rendered":"<p>En seulement six \u00e9pisodes, <a href=\"https:\/\/www.programme-tv.net\/news\/series-tv\/376809-le-dome-de-verre-netflix-apres-meurtres-a-are-et-viveca-sten-lautre-reine-du-polar-suedoise-nous-offre-une-serie-encore-meilleure\/\" data-api-deeplink=\"teleloisirs:\/\/news\/376809\" target=\"_blank\" rel=\"noopener\">la mini-s\u00e9rie su\u00e9doise Le D\u00f4me de verre a propos\u00e9 une intrigue pleine de suspense et de rebondissements aux amateurs de thrillers. <\/a>La romanci\u00e8re Camilla L\u00e4ckberg, dont les livres ont \u00e9t\u00e9 adapt\u00e9s avec la fiction Les Enqu\u00eates d\u2019Erica, puis<a href=\"https:\/\/www.programme-tv.net\/\/news\/series-tv\/369586-erica-saison-2-que-va-t-il-se-passer-dans-la-suite-de-la-serie-avec-julie-de-bona-et-gregory-fitoussi-selon-les-livres-de-camilla-lackberg\/\" target=\"_blank\" rel=\"noopener\"> la version fran\u00e7aise Erica sur TF1 avec Julie de Bona<\/a>, nous livre ici une histoire gla\u00e7ante sur un tueur en s\u00e9rie et une jeune criminologue, Lejla Ness, enlev\u00e9e lorsqu\u2019elle \u00e9tait enfant. Mais que faut-il comprendre de la fin du D\u00f4me de verre ? T\u00e9l\u00e9-Loisirs vous livre des explications, mais <b>attention bien s\u00fbr aux spoilers si vous n\u2019avez pas vu l\u2019int\u00e9gralit\u00e9 des six \u00e9pisodes ! <\/b><\/p>\n<p>Le D\u00f4me de verre (Netflix) : que se passe-t-il dans le dernier \u00e9pisode de la s\u00e9rie ?<\/p>\n<p>\u00c0 la fin de l\u2019\u00e9pisode 5 du D\u00f4me de verre, Lejla s\u2019est rendu compte de la ressemblance troublante entre la m\u00e8re de Valter et Tomas et les fillettes disparues. Au d\u00e9but de l&rsquo;\u00e9pisode final, elle se rend chez Tomas, qui confirme qu\u2019il logeait bien aux chalets en m\u00eame temps que sa m\u00e8re et elle en 2001. C\u2019\u00e9tait lors de l\u2019enterrement de sa m\u00e8re, qui avait tendance \u00e0 fermer les yeux et les oreilles lorsque leur p\u00e8re se montrait violent. Lejla d\u00e9couvre chez son oncle adoptif le portable de Louise, dont elle s\u2019empare. Elle pr\u00e9vient Said, en lui disant de ne parler ni \u00e0 Tomas, ni \u00e0 la police. Tomas arrive ensuite chez Valter, mais Lejla parvient \u00e0 s\u2019enfuir, avant d\u2019\u00eatre kidnapp\u00e9e et qu\u2019on lui injecte un produit avec une seringue. Lorsqu\u2019elle revient \u00e0 elle, elle est enferm\u00e9e dans la m\u00eame cage de verre que son enfance, avec Alicia.<\/p>\n<p>                        Le D\u00f4me de verre : qui est vraiment Ecki, le ravisseur de Lejla ? La v\u00e9rit\u00e9 est encore plus bouleversante que tout ce qu&rsquo;elle aurait pu imaginer !<\/p>\n<p>Lejla se rend compte qu\u2019elle a toujours le portable de Louise et appelle Valter, mais la batterie rend l\u2019\u00e2me. Jorun demande \u00e0 Tomas de s\u2019expliquer, mais il part du commissariat. <b>Alors que Lejla pensait parler \u00e0 Tomas, son ravisseur, depuis la cage qui la retient prisonni\u00e8re, elle d\u00e9couvre avec effroi qu\u2019il ne s\u2019agit pas de lui, mais de Valter, son p\u00e8re adoptif. <\/b>Il demande \u00e0 Alicia de lui donner le portable, puis fait sortir la fillette de la cage, avant de lui couper une m\u00e8che de cheveux. Il lui explique qu\u2019il se sert des cheveux pour fabriquer des leurres pour les poissons.<\/p>\n<p>Tomas se rend chez Valter, demandant \u00e0 parler \u00e0 Lejla, mais Valter dit qu\u2019il va s\u2019en charger. Il lui remet le portable de Louise, conseillant \u00e0 son fr\u00e8re de le jeter et de nier l\u2019avoir eu en sa possession. Valter lui dit qu\u2019il vaut mieux \u00e9loigner Lejla pour sa s\u00e9curit\u00e9 et lui r\u00e9server un vol retour pour les \u00c9tats-Unis. Lejla ordonne \u00e0 Alicia de se cacher, puis de courir le plus vite possible pendant qu\u2019elle occupera Valter mais c\u2019est trop tard, celui-ci est de retour, avec une b\u00e2che en plastique. \u00ab\u00a0Pourquoi tu fais \u00e7a, papa ?\u00a0\u00bb, implore Lejla. Il lui raconte qu\u2019elle l\u2019a toujours fascin\u00e9, d\u00e8s le d\u00e9but, qu\u2019elle \u00e9tait diff\u00e9rente des autres. Lorsqu\u2019elle est parvenue \u00e0 s\u2019\u00e9chapper, elle a tout de m\u00eame fini par \u00eatre \u00ab\u00a0\u00e0 lui\u00a0\u00bb. \u00ab\u00a0Tu es \u00e0 moi, Lejla, lui dit-il. C\u2019est toi et moi, pour l\u2019\u00e9ternit\u00e9. Cette fois, je ne peux pas te laisser partir, mais tu comprends.\u00a0\u00bb <\/p>\n<p>            Le D\u00f4me de verre : Alicia est-elle vivante ? Valter est-il mort ?<\/p>\n<p>Chez Valter, Tomas a vu leur vieille photo de famille sur laquelle il manque leur m\u00e8re. Il retourne chez son fr\u00e8re et d\u00e9couvre que Lejla n\u2019est pas l\u00e0. Dans sa chambre g\u00eet Bjorn, le policier charg\u00e9 de sa protection. Tomas demande \u00e0 Jorun d\u2019envoyer des renforts, puis d\u00e9couvre les m\u00e8ches de cheveux dans les affaires de p\u00eache de son fr\u00e8re. Devant la cage de verre, Valter \u00e9trangle Alicia, pendant que Lejla hurle. Elle commence alors \u00e0 se frapper la t\u00eate de plus en plus fort contre la vitre. Valter lui crie d\u2019arr\u00eater mais elle continue, le front en sang. Tomas arrive et trouve Alicia inanim\u00e9e sur le sol. Il vise son fr\u00e8re et Valter lui ordonne de tirer. Tomas baisse son arme. \u00c0 l\u2019ext\u00e9rieur, les renforts arrivent lorsque des coups de feu \u00e9clatent.<b> Tomas sort alors avec Alicia dans les bras, suivi de Lejla. Said retrouve sa fille et Lejla s\u2019\u00e9croule \u00e0 genoux dans la neige. <\/b><\/p>\n<p>Le D\u00f4me de verre : cette derni\u00e8re image qui peut ouvrir sur une saison 2 de la s\u00e9rie Netflix<\/p>\n<p><b>Plus tard, Lejla rend visite \u00e0 Valter en prison. Ce dernier est en fauteuil roulant. Elle veut savoir ce qu\u2019il a fait des corps des autres fillettes.<\/b> \u00ab\u00a0Peu importe qui est derri\u00e8re la vitre, tu seras toujours l\u00e0-dedans et je serai toujours l\u00e0-dedans\u00a0\u00bb, lui dit-il en montrant sa t\u00eate puis la sienne. Il lui parle ensuite du jour o\u00f9 elle est tomb\u00e9e dans la rivi\u00e8re, \u00ab\u00a0notre endroit, notre rivi\u00e8re, ma rivi\u00e8re\u00a0\u00bb. Une fois Valter parti, Lejla appuie sa main contre la vitre. <b>Plus tard, des plongeurs remontent plusieurs corps de la rivi\u00e8re en question, tandis que Lejla assiste aux op\u00e9rations depuis le rivage.<\/b> Lejla prend une grande inspiration. <b>La derni\u00e8re image de la s\u00e9rie est celle de sa voiture, sur la route longeant la rivi\u00e8re et la for\u00eat, laissant pr\u00e9sager que l\u2019on pourrait retrouver le personnage de Lejla dans de futures enqu\u00eates, si la s\u00e9rie <\/b><b>Le D\u00f4me de verre<\/b><b> \u00e9tait renouvel\u00e9e pour une saison 2 sur Netflix. <\/b><\/p>\n","protected":false},"excerpt":{"rendered":"En seulement six \u00e9pisodes, la mini-s\u00e9rie su\u00e9doise Le D\u00f4me de verre a propos\u00e9 une intrigue pleine de suspense&hellip;\n","protected":false},"author":2,"featured_media":33422,"comment_status":"","ping_status":"","sticky":false,"template":"","format":"standard","meta":{"footnotes":""},"categories":[1356],"tags":[244,58,59,1011,27,10527,127,1722,1721,129,252,1364],"class_list":{"0":"post-33421","1":"post","2":"type-post","3":"status-publish","4":"format-standard","5":"has-post-thumbnail","7":"category-television","8":"tag-commentaire","9":"tag-divertissement","10":"tag-entertainment","11":"tag-fr","12":"tag-france","13":"tag-le-du00f4me-de-verre","14":"tag-netflix","15":"tag-pub-streaming-netflix","16":"tag-su00e9rie-netflix","17":"tag-svod","18":"tag-television","19":"tag-tv"},"share_on_mastodon":{"url":"https:\/\/pubeurope.com\/@fr\/114357602364288253","error":""},"_links":{"self":[{"href":"https:\/\/www.europesays.com\/fr\/wp-json\/wp\/v2\/posts\/33421","targetHints":{"allow":["GET"]}}],"collection":[{"href":"https:\/\/www.europesays.com\/fr\/wp-json\/wp\/v2\/posts"}],"about":[{"href":"https:\/\/www.europesays.com\/fr\/wp-json\/wp\/v2\/types\/post"}],"author":[{"embeddable":true,"href":"https:\/\/www.europesays.com\/fr\/wp-json\/wp\/v2\/users\/2"}],"replies":[{"embeddable":true,"href":"https:\/\/www.europesays.com\/fr\/wp-json\/wp\/v2\/comments?post=33421"}],"version-history":[{"count":0,"href":"https:\/\/www.europesays.com\/fr\/wp-json\/wp\/v2\/posts\/33421\/revisions"}],"wp:featuredmedia":[{"embeddable":true,"href":"https:\/\/www.europesays.com\/fr\/wp-json\/wp\/v2\/media\/33422"}],"wp:attachment":[{"href":"https:\/\/www.europesays.com\/fr\/wp-json\/wp\/v2\/media?parent=33421"}],"wp:term":[{"taxonomy":"category","embeddable":true,"href":"https:\/\/www.europesays.com\/fr\/wp-json\/wp\/v2\/categories?post=33421"},{"taxonomy":"post_tag","embeddable":true,"href":"https:\/\/www.europesays.com\/fr\/wp-json\/wp\/v2\/tags?post=33421"}],"curies":[{"name":"wp","href":"https:\/\/api.w.org\/{rel}","templated":true}]}}