{"id":334212,"date":"2025-08-21T15:43:10","date_gmt":"2025-08-21T15:43:10","guid":{"rendered":"https:\/\/www.europesays.com\/fr\/334212\/"},"modified":"2025-08-21T15:43:10","modified_gmt":"2025-08-21T15:43:10","slug":"porto-rico-france-a-quelle-heure-et-sur-quelle-chaine-suivre-le-premier-match-des-bleues-lequipe","status":"publish","type":"post","link":"https:\/\/www.europesays.com\/fr\/334212\/","title":{"rendered":"Porto Rico-France : \u00e0 quelle heure et sur quelle cha\u00eene suivre le premier match des Bleues ? &#8211; L&#039;\u00c9quipe"},"content":{"rendered":"<ol>\n<li><a href=\"https:\/\/news.google.com\/rss\/articles\/CBMi2gFBVV95cUxNUmFSWXM3YXNscVZZeFdpa2RBR3pKdE9panVEZk5FNUR0YU9ZcFktRXlqZXRoUHJPWklhRlZ1S3RLQWhnQkRQOUNXX1RuQUdSSGJhMk5NZGtaZk5sb3lTTl9wdGcxbHVDdm9Ca0JnV0NiRGNxc205dEdWNUw4QmFnX2pzYm1mTjBFWFZfWTNHNHZ6aHdNUE5DLXhkbDZmajhUWk5td0UyVUxmWVF2V2Qza0E4LW5TQ1h6YVU2YU1Cc253WklJMVpaVDVwUXVIdWZ6eUJlOE5wcXE3dw?oc=5\" target=\"_blank\" rel=\"noopener\">Porto Rico-France : \u00e0 quelle heure et sur quelle cha\u00eene suivre le premier match des Bleues ?<\/a>&nbsp;&nbsp;L&rsquo;\u00c9quipe<\/li>\n<li><a href=\"https:\/\/news.google.com\/rss\/articles\/CBMi9wFBVV95cUxPUVkxMzhWYnp0eGswYWNZVEhBM0oyYWZNTVN3cWJtbTZtaW05dUJheGJfZE93cVVEM0FIRlJNOHQxOVIybjkxdDZPZU5kQ2EzQk5Bd1VhU2hUMzBHRGRrUzB0eHc3ejBjYmFLVE1qdTVraUJiNldrZ29mb2lvLXdrbGNYTUNDX0ZsUDFrQzgtRThKS290RE51eUh3Vm1VQW9jdWw2T1FsQWZsVXB0UUtXMnJPU18xOXVnWGYxT1BsV3JCUVg1eUlBNnk2cGJ4TzZzVXlfSmhQYVpwSy1VYnphTDVrWjFJdDI0NERkM183VlRYWTUzUG5V?oc=5\" target=\"_blank\" rel=\"noopener\">Mondial de volley : Wembanyama, \u00c9tats-Unis, Turquie&#8230; D\u00e9couverte d\u2019Iman Ndiaye, la nouvelle arme offensive des Bleues<\/a>&nbsp;&nbsp;Le Figaro<\/li>\n<li><a href=\"https:\/\/news.google.com\/rss\/articles\/CBMixgFBVV95cUxPenZGRi1vamt5TTRKU3VucENIMlpzYXB0WlhSMEFWU09acnRhSmVQWkRUa2xUeWpoanEtUXd2RWl0UlJPOF9ncFN5ZGtlUmdMUmI2eHNFZ2huVlhIZjJwQzVSUV9JeTZfWk1VT3JvNWpwYXJBaEZSNEt2UzN2Rkg3RVlxRUpHd01jZU5jRmctSWg2SGpGZHBxNXVCYTNFVFpBa2NaWldLbUJsa004V003RzdJdERPU2c1NlQ5SkxCNUxiLUhsYlE?oc=5\" target=\"_blank\" rel=\"noopener\">Volley-ball : une joueuse de Chamali\u00e8res appel\u00e9e en \u00e9quipe de France<\/a>&nbsp;&nbsp;La Montagne<\/li>\n<li><a href=\"https:\/\/news.google.com\/rss\/articles\/CBMiugFBVV95cUxQZVA2N2xkNDlEellzRHBRSFFNQ3VzVi16aHBkVllBRXhUQXBjelhsQnpmWUdYQ2Rxa0R2eEY4NHlOaVlOcXVzUGxmOTJ1bW5wUlM4ejFReTQ3bUlzZm92NWIzenJ6bFBrZUw2WHFmX1ZldmNxbjdNZ2pQdkJucHlwSW1SdkRkNnlJZGtjTkdKWFUtUktaV2o5V0kwUHdjUGpPVzlScXcyMWpwN2lUMHZSQm93UERCMFBVRVE?oc=5\" target=\"_blank\" rel=\"noopener\">Mondial de volley : les Bleues ambitieuses apr\u00e8s 50 ans d\u2019absence<\/a>&nbsp;&nbsp;Sud Ouest<\/li>\n<li><a href=\"https:\/\/news.google.com\/rss\/articles\/CBMiiwJBVV95cUxNQm5PXy1KZjAwNkVGVTNyMjBmNnJnWENPRmNGMmowZC1lS0V4X3c1ZEE3QW90ZU1IRnFtSmxRenBjNVpQVDB2SVdrVE1fUElxMVBDRk1fc3BQNTNaRFV6aEoxWGxIVWFVVFg3RnZad1FsYVJHemJtenh4TVgyZDNnbWpsRlZVMnk5MXBqWGY3NUxaVG9HRlNWMzlxY1B0d19WX0VsaXJVNnB3SFBLX2hGdnhkOTZsclJFNjlGeHZ5OHNiMm83UGc2dXpaTmdOZFZDV010N0xnaF91X1FkNVVDUGczbXk5M3lLS3ltaXpVOFU1T3ZoZGlMNTRZaTBJZFZJeFh4clRUbGdJY3M?oc=5\" target=\"_blank\" rel=\"noopener\">Volley. Favoris, programme, diffusion\u2026 Tout savoir sur les championnats du monde f\u00e9minin<\/a>&nbsp;&nbsp;Ouest-France<\/li>\n<\/ol>\n","protected":false},"excerpt":{"rendered":"Porto Rico-France : \u00e0 quelle heure et sur quelle cha\u00eene suivre le premier match des Bleues ?&nbsp;&nbsp;L&rsquo;\u00c9quipe Mondial&hellip;\n","protected":false},"author":2,"featured_media":334213,"comment_status":"","ping_status":"","sticky":false,"template":"","format":"standard","meta":{"footnotes":""},"categories":[1417],"tags":[1011,27,60,1470,1469],"class_list":{"0":"post-334212","1":"post","2":"type-post","3":"status-publish","4":"format-standard","5":"has-post-thumbnail","7":"category-volley","8":"tag-fr","9":"tag-france","10":"tag-sports","11":"tag-volley","12":"tag-volleyball"},"share_on_mastodon":{"url":"https:\/\/pubeurope.com\/@fr\/115067527776088500","error":""},"_links":{"self":[{"href":"https:\/\/www.europesays.com\/fr\/wp-json\/wp\/v2\/posts\/334212","targetHints":{"allow":["GET"]}}],"collection":[{"href":"https:\/\/www.europesays.com\/fr\/wp-json\/wp\/v2\/posts"}],"about":[{"href":"https:\/\/www.europesays.com\/fr\/wp-json\/wp\/v2\/types\/post"}],"author":[{"embeddable":true,"href":"https:\/\/www.europesays.com\/fr\/wp-json\/wp\/v2\/users\/2"}],"replies":[{"embeddable":true,"href":"https:\/\/www.europesays.com\/fr\/wp-json\/wp\/v2\/comments?post=334212"}],"version-history":[{"count":0,"href":"https:\/\/www.europesays.com\/fr\/wp-json\/wp\/v2\/posts\/334212\/revisions"}],"wp:featuredmedia":[{"embeddable":true,"href":"https:\/\/www.europesays.com\/fr\/wp-json\/wp\/v2\/media\/334213"}],"wp:attachment":[{"href":"https:\/\/www.europesays.com\/fr\/wp-json\/wp\/v2\/media?parent=334212"}],"wp:term":[{"taxonomy":"category","embeddable":true,"href":"https:\/\/www.europesays.com\/fr\/wp-json\/wp\/v2\/categories?post=334212"},{"taxonomy":"post_tag","embeddable":true,"href":"https:\/\/www.europesays.com\/fr\/wp-json\/wp\/v2\/tags?post=334212"}],"curies":[{"name":"wp","href":"https:\/\/api.w.org\/{rel}","templated":true}]}}