{"id":334216,"date":"2025-08-21T15:45:20","date_gmt":"2025-08-21T15:45:20","guid":{"rendered":"https:\/\/www.europesays.com\/fr\/334216\/"},"modified":"2025-08-21T15:45:20","modified_gmt":"2025-08-21T15:45:20","slug":"le-nouveau-tacle-de-roger-vasselin-aux-organisateurs","status":"publish","type":"post","link":"https:\/\/www.europesays.com\/fr\/334216\/","title":{"rendered":"Le nouveau tacle de Roger-Vasselin aux organisateurs"},"content":{"rendered":"<p class=\"date\">\n                                                            Fabien Le Floc&rsquo;h, Media365 : publi\u00e9 le jeudi 21 ao\u00fbt 2025 \u00e0 14h51\n                                                    <\/p>\n<p>Edouard Roger-Vasselin n&rsquo;a pas pu s&#8217;emp\u00eacher d&rsquo;adresser une nouvelle pique aux organisateurs de l&rsquo;US Open apr\u00e8s le tournoi de double mixte remport\u00e9 par la paire de sp\u00e9cialistes Errani-Vavassori.<\/p>\n<p>C&rsquo;est le tournoi qui concentrait les pol\u00e9miques sur le circuit mondial depuis plusieurs semaines. Le double mixte de l&rsquo;US Open, dernier tournoi du Grand Chelem de l&rsquo;ann\u00e9e, s&rsquo;est disput\u00e9 dans un format in\u00e9dit ces deux derniers jours, avec les meilleurs joueurs mondiaux de simple invit\u00e9s et all\u00e9ch\u00e9s par un prize-money d&rsquo;un million de dollars. Mais c&rsquo;est finalement l&rsquo;\u00e9quipe tenante du titre, compos\u00e9e des sp\u00e9cialistes de la discipline <a href=\"https:\/\/sports.orange.fr\/tennis\/us-open\/article\/us-open-double-mixte-les-specialistes-ont-gagne-CNT000002khsEA.html\" rel=\"nofollow noopener\" target=\"_blank\">Sara Errani et Andrea Vavassori, qui a soulev\u00e9 le troph\u00e9e ce mercredi<\/a>. Le tout en battant en finale Iga Swiatek et Casper Ruud en finale, pourtant class\u00e9s respectivement n\u00b02 mondiale et le n\u00b012 mondial en simple. Un pied de nez aux organisateurs qui a visiblement beaucoup plu \u00e0 \u00c9douard Roger-Vasselin. \u00ab Bravo pour avoir gagn\u00e9 cette incroyable exhibition, a \u00e9crit ironiquement le sp\u00e9cialiste fran\u00e7ais du double sur son compte X pour f\u00e9liciter les Italiens. Bonne chance pour le vrai tournoi la semaine prochaine. \u00bb<\/p>\n<p>\u00ab Je trouve \u00e7a dommage \u00bb<\/p>\n<p>Comme beaucoup de joueurs de double, \u00ab ERV \u00bb regrette surtout <a href=\"https:\/\/sports.orange.fr\/tennis\/us-open\/article\/us-open-entre-polemique-equite-et-inquietude-pour-le-double-mixte-exclu-CNT000002keOOy.html\" rel=\"nofollow noopener\" target=\"_blank\">l&rsquo;absence des sp\u00e9cialistes dans le tableau initial du double mixte \u00e0 Flushing Meadows<\/a>. \u00ab Je soul\u00e8ve le fait qu&rsquo;il est vraiment dommage de ne pas avoir pu permettre aux meilleurs joueurs de double du monde de participer au double mixte, a-t-il \u00e9crit sur son compte X pour pr\u00e9ciser sa pens\u00e9e. Et \u00e0 l&rsquo;arriv\u00e9e la seule paire \u00ab\u00a0sp\u00e9cialiste \u00a0\u00bb remporte le tournoi&#8230; Donc je trouve \u00e7a dommage. \u00bb Sara Errani n&rsquo;a pas non plus oubli\u00e9 ses comp\u00e8res du double sur le circuit, priv\u00e9s d&rsquo;une participation \u00e0 l&rsquo;US Open par ce nouveau format tant d\u00e9cri\u00e9. \u00ab Cette victoire est pour tous les joueurs de double qui n&rsquo;ont pas pu disputer ce tournoi \u00bb, a l\u00e2ch\u00e9 la joueuse italienne de 38 ans. Les joueurs de simple semblent en revanche avoir bien profit\u00e9 de l&rsquo;exp\u00e9rience, apr\u00e8s deux jours pass\u00e9s \u00e0 jouer dans un stade plein \u00e0 l&rsquo;US Open au lieu de s&rsquo;entra\u00eener dans l&rsquo;anonymat d&rsquo;un court annexe en vue du tournoi de simple qui d\u00e9bute ce dimanche 24 ao\u00fbt. Reste \u00e0 savoir maintenant si ce format sera renouvel\u00e9, voire m\u00eame adopt\u00e9 par les trois autres tournois du Grand Chelem.<\/p>\n","protected":false},"excerpt":{"rendered":"Fabien Le Floc&rsquo;h, Media365 : publi\u00e9 le jeudi 21 ao\u00fbt 2025 \u00e0 14h51 Edouard Roger-Vasselin n&rsquo;a pas pu&hellip;\n","protected":false},"author":2,"featured_media":334217,"comment_status":"","ping_status":"","sticky":false,"template":"","format":"standard","meta":{"footnotes":""},"categories":[1415],"tags":[1011,27,60,1467],"class_list":{"0":"post-334216","1":"post","2":"type-post","3":"status-publish","4":"format-standard","5":"has-post-thumbnail","7":"category-tennis","8":"tag-fr","9":"tag-france","10":"tag-sports","11":"tag-tennis"},"share_on_mastodon":{"url":"","error":""},"_links":{"self":[{"href":"https:\/\/www.europesays.com\/fr\/wp-json\/wp\/v2\/posts\/334216","targetHints":{"allow":["GET"]}}],"collection":[{"href":"https:\/\/www.europesays.com\/fr\/wp-json\/wp\/v2\/posts"}],"about":[{"href":"https:\/\/www.europesays.com\/fr\/wp-json\/wp\/v2\/types\/post"}],"author":[{"embeddable":true,"href":"https:\/\/www.europesays.com\/fr\/wp-json\/wp\/v2\/users\/2"}],"replies":[{"embeddable":true,"href":"https:\/\/www.europesays.com\/fr\/wp-json\/wp\/v2\/comments?post=334216"}],"version-history":[{"count":0,"href":"https:\/\/www.europesays.com\/fr\/wp-json\/wp\/v2\/posts\/334216\/revisions"}],"wp:featuredmedia":[{"embeddable":true,"href":"https:\/\/www.europesays.com\/fr\/wp-json\/wp\/v2\/media\/334217"}],"wp:attachment":[{"href":"https:\/\/www.europesays.com\/fr\/wp-json\/wp\/v2\/media?parent=334216"}],"wp:term":[{"taxonomy":"category","embeddable":true,"href":"https:\/\/www.europesays.com\/fr\/wp-json\/wp\/v2\/categories?post=334216"},{"taxonomy":"post_tag","embeddable":true,"href":"https:\/\/www.europesays.com\/fr\/wp-json\/wp\/v2\/tags?post=334216"}],"curies":[{"name":"wp","href":"https:\/\/api.w.org\/{rel}","templated":true}]}}