{"id":334218,"date":"2025-08-21T15:47:12","date_gmt":"2025-08-21T15:47:12","guid":{"rendered":"https:\/\/www.europesays.com\/fr\/334218\/"},"modified":"2025-08-21T15:47:12","modified_gmt":"2025-08-21T15:47:12","slug":"marquez-convaincu-que-bagnaia-arrivera-a-surmonter-ses-problemes","status":"publish","type":"post","link":"https:\/\/www.europesays.com\/fr\/334218\/","title":{"rendered":"M\u00e1rquez convaincu que Bagnaia \u00ab\u00a0arrivera\u00a0\u00bb \u00e0 surmonter ses probl\u00e8mes"},"content":{"rendered":"<p>Le duel attendu chez Ducati n&rsquo;a pour le moment pas eu lieu. D\u00e8s son arriv\u00e9e dans l&rsquo;\u00e9quipe officielle, <a href=\"https:\/\/fr.motorsport.com\/driver\/marc-marquez\/92646\/\" target=\"_blank\" rel=\"noopener\">Marc M\u00e1rquez<\/a> a eu l&rsquo;avantage, pendant que <a href=\"https:\/\/fr.motorsport.com\/driver\/pecco-bagnaia\/109394\/\" target=\"_blank\" rel=\"noopener\">Pecco Bagnaia<\/a> \u00e9prouvait des difficult\u00e9s \u00e0 exploiter la GP25. Concernant la saison actuelle, un renversement de situation appara\u00eet peu probable, mais M\u00e1rquez est convaincu que Bagnaia parviendra \u00e0 sortir de l&rsquo;orni\u00e8re dans laquelle il est actuellement pi\u00e9g\u00e9.<\/p>\n<p>\u00ab\u00a0Je pense que Pecco est suffisamment intelligent, et qu&rsquo;il a suffisamment d&rsquo;exp\u00e9rience, pour &lsquo;absorber&rsquo; toutes ces choses\u00a0\u00bb, a expliqu\u00e9 le leader du championnat. \u00ab\u00a0C&rsquo;est d\u00e9j\u00e0 un double champion du monde. Je ne pense pas [que comprendre la situation] s&rsquo;agisse de son principal probl\u00e8me.\u00a0\u00bb<\/p>\n<p>\u00ab\u00a0On est en MotoGP et sur une MotoGP, quand on manque de confiance, on commence \u00e0 perdre 0&Prime;030 ou 0&Prime;040 \u00e0 chaque freinage, mais \u00e0 la fin du tour \u00e7a fait deux dixi\u00e8mes. Il faut qu&rsquo;il reprenne confiance en ce moment mais en m\u00eame temps, on a vu qu&rsquo;il \u00e9tait le plus rapide en piste le vendredi en Autriche. Pecco est Pecco et il y arrivera, t\u00f4t ou tard.\u00a0\u00bb<\/p>\n<p>\u00ab\u00a0Pecco a donn\u00e9 deux titres \u00e0 Ducati et il reste l&rsquo;an prochain\u00a0\u00bb, a ajout\u00e9 M\u00e1rquez face \u00e0 la presse hispanique. \u00ab\u00a0Il peut encore leur apporter beaucoup, mais quand un sportif entre dans une spirale o\u00f9 les choses ne fonctionnent pas, il perd en confiance. [&#8230;] Pecco montre qu&rsquo;il a la vitesse, il doit juste retrouver sa confiance. Cela m&rsquo;est arriv\u00e9 l&rsquo;an dernier, quand j&rsquo;ai d\u00fb me reconstruire.\u00a0\u00bb<\/p>\n<p>   <img decoding=\"async\" draggable=\"false\" src=\"https:\/\/www.europesays.com\/fr\/wp-content\/uploads\/2025\/08\/1755791232_691_marc-marquez-ducati-team.jpg\" alt=\"Marc Marquez, Ducati Team\" width=\"1200\" height=\"800\" loading=\"lazy\"\/> <\/p>\n<p class=\"title\">Marc M\u00e1rquez et Pecco Bagnaia<\/p>\n<p class=\"photographer\">Photo de: Gold and Goose Photography \/ LAT Images \/ via Getty Images<\/p>\n<p>M\u00e1rquez a travers\u00e9 de grosses p\u00e9riodes de doute, qui ont atteint leur paroxysme en 2023, quand il n&rsquo;\u00e9tait plus certain de pouvoir briller en MotoGP. Son d\u00e9part de Honda, sa saison avec Gresini et surtout la d\u00e9couverte de la Ducati lui ont permis de retrouver le sommet. Mais s&rsquo;il y a une exp\u00e9rience que M\u00e1rquez ne connait pas, c&rsquo;est celle d&rsquo;\u00eatre domin\u00e9 par son co\u00e9quipier, comme l&rsquo;est Bagnaia actuellement.<\/p>\n<p>Interrog\u00e9 sur la fa\u00e7on de sortir d&rsquo;une telle situation, l&rsquo;Espagnol a reconnu ne pas savoir comment aider celui avec qui il partage son garage :\u00a0\u00ab\u00a0Je ne peux pas r\u00e9pondre, sinc\u00e8rement, parce que jusqu&rsquo;\u00e0 ce jour, j&rsquo;ai toujours battu mes co\u00e9quipiers. Je ne connais pas cette exp\u00e9rience. C&rsquo;est s\u00fbr que je la connaitrai \u00e0 l&rsquo;avenir parce que c&rsquo;est un processus naturel, quelqu&rsquo;un d\u00e9barquera et me battra avec la m\u00eame moto.\u00a0\u00bb<\/p>\n<p>\u00ab\u00a0Je peux seulement dire que quand je suis arriv\u00e9 en MotoGP, j&rsquo;ai fait certaines erreurs le dimanche parce que Pedrosa \u00e9tait devant et que j&rsquo;essayais de revenir sur lui. Il y a toujours une pression suppl\u00e9mentaire face \u00e0 un co\u00e9quipier mais en m\u00eame temps, c&rsquo;est une motivation suppl\u00e9mentaire.\u00a0\u00bb<\/p>\n<p>Bagnaia a plusieurs fois estim\u00e9 que la GP24 de la saison pass\u00e9e lui donnait de meilleures sensations tout en d\u00e9plorant l&rsquo;impossibilit\u00e9 de la tester \u00e0 nouveau. Entre le moteur homologu\u00e9 pour un an et les deux car\u00e9nages permis par saison, l&rsquo;Italien dit m\u00eame qu&rsquo;un retour en arri\u00e8re est impossible, mais depuis le printemps, <a href=\"https:\/\/fr.motorsport.com\/motogp\/news\/bagnaia-marquez-ducati-gp24-gp25-meme\/10731293\/\" target=\"_blank\" rel=\"noopener\">M\u00e1rquez assure pourtant l&rsquo;inverse<\/a>.<\/p>\n<p>\u00ab\u00a0Je vais r\u00e9pondre ce que je disais il y a trois ou quatre courses : les pilotes d&rsquo;usine, si on veut la GP24, d&rsquo;apr\u00e8s ce que je comprends de la part de mes ing\u00e9nieurs, on peut l&rsquo;avoir\u00a0\u00bb, a-t-il martel\u00e9 ce jeudi, en continuant \u00e0 minimiser les diff\u00e9rences entre les deux machines. \u00ab\u00a0On roule avec une sp\u00e9cification similaire.\u00a0\u00bb<\/p>\n<p style=\"text-align: right;\">Avec Oriol Puigdemont<\/p>\n<p>Lire aussi :<\/p>\n<p>Dans cet article<\/p>\n<p>Soyez le premier inform\u00e9 et souscrivez aux alertes mails pour recevoir les infos en temps r\u00e9el<\/p>\n<p>    S&rsquo;abonner aux alertes de news<\/p>\n","protected":false},"excerpt":{"rendered":"Le duel attendu chez Ducati n&rsquo;a pour le moment pas eu lieu. D\u00e8s son arriv\u00e9e dans l&rsquo;\u00e9quipe officielle,&hellip;\n","protected":false},"author":2,"featured_media":334219,"comment_status":"","ping_status":"","sticky":false,"template":"","format":"standard","meta":{"footnotes":""},"categories":[1413],"tags":[4950,1011,27,5038,1457,1456,1458,47146,4951,60],"class_list":{"0":"post-334218","1":"post","2":"type-post","3":"status-publish","4":"format-standard","5":"has-post-thumbnail","7":"category-moto","8":"tag-ducati-team","9":"tag-fr","10":"tag-france","11":"tag-marc-mu00e1rquez","12":"tag-moto","13":"tag-motocycle","14":"tag-motogp","15":"tag-mu00e1rquez-convaincu-que-bagnaia-arrivera-u00e0-surmonter-ses-problu00e8mes","16":"tag-pecco-bagnaia","17":"tag-sports"},"share_on_mastodon":{"url":"https:\/\/pubeurope.com\/@fr\/115067541519661385","error":""},"_links":{"self":[{"href":"https:\/\/www.europesays.com\/fr\/wp-json\/wp\/v2\/posts\/334218","targetHints":{"allow":["GET"]}}],"collection":[{"href":"https:\/\/www.europesays.com\/fr\/wp-json\/wp\/v2\/posts"}],"about":[{"href":"https:\/\/www.europesays.com\/fr\/wp-json\/wp\/v2\/types\/post"}],"author":[{"embeddable":true,"href":"https:\/\/www.europesays.com\/fr\/wp-json\/wp\/v2\/users\/2"}],"replies":[{"embeddable":true,"href":"https:\/\/www.europesays.com\/fr\/wp-json\/wp\/v2\/comments?post=334218"}],"version-history":[{"count":0,"href":"https:\/\/www.europesays.com\/fr\/wp-json\/wp\/v2\/posts\/334218\/revisions"}],"wp:featuredmedia":[{"embeddable":true,"href":"https:\/\/www.europesays.com\/fr\/wp-json\/wp\/v2\/media\/334219"}],"wp:attachment":[{"href":"https:\/\/www.europesays.com\/fr\/wp-json\/wp\/v2\/media?parent=334218"}],"wp:term":[{"taxonomy":"category","embeddable":true,"href":"https:\/\/www.europesays.com\/fr\/wp-json\/wp\/v2\/categories?post=334218"},{"taxonomy":"post_tag","embeddable":true,"href":"https:\/\/www.europesays.com\/fr\/wp-json\/wp\/v2\/tags?post=334218"}],"curies":[{"name":"wp","href":"https:\/\/api.w.org\/{rel}","templated":true}]}}