{"id":334220,"date":"2025-08-21T15:48:11","date_gmt":"2025-08-21T15:48:11","guid":{"rendered":"https:\/\/www.europesays.com\/fr\/334220\/"},"modified":"2025-08-21T15:48:11","modified_gmt":"2025-08-21T15:48:11","slug":"90-des-employes-de-ferrari-netaient-pas-favorables-a-larrivee-de-lewis-hamilton-selon-un-ancien-pilote","status":"publish","type":"post","link":"https:\/\/www.europesays.com\/fr\/334220\/","title":{"rendered":"\u00ab90% des employ\u00e9s\u00bb de Ferrari n&rsquo;\u00e9taient pas favorables \u00e0 l&rsquo;arriv\u00e9e de Lewis Hamilton, selon un ancien pilote"},"content":{"rendered":"<p class=\"intro \">Il \u00e9tait vu comme le \u00ab\u00a0transfert du si\u00e8cle\u00a0\u00bb. Pourtant, la collaboration entre Lewis Hamilton et la Scuderia n&rsquo;est pas aussi fructueuse qu&rsquo;attendue. Pire, pour Arturo Merzario, ancien pilote pour la marque au Cheval Cabr\u00e9 dans les ann\u00e9es 1970, \u00ab\u00a090% des employ\u00e9s\u00a0\u00bb de Ferrari \u00e9tait contre l&rsquo;arriv\u00e9e du septuple champion du monde. <\/p>\n<p>L&rsquo;annonce avait eu l&rsquo;effet d&rsquo;une bombe dans le monde de la Formule 1. Le 1er f\u00e9vrier 2024, la Scuderia Ferrari annon\u00e7ait l&rsquo;arriv\u00e9e de <a href=\"https:\/\/www.europe1.fr\/dossiers\/lewis-hamilton\" target=\"_blank\" rel=\"nofollow noopener\">Lewis Hamilton<\/a>, \u00ab\u00a0le transfert du si\u00e8cle\u00a0\u00bb. Pourtant, apr\u00e8s la premi\u00e8re moiti\u00e9 de cette saison 2025, la collaboration entre l&rsquo;\u00e9curie italienne et le septuple champion du monde n&rsquo;est pas aussi fructueuse qu&rsquo;esp\u00e9r\u00e9e.\u00a0<\/p>\n<p>    La suite apr\u00e8s cette publicit\u00e9<\/p>\n<p>    La suite apr\u00e8s cette publicit\u00e9<\/p>\n<p>Apr\u00e8s 14 Grands Prix et 109 points inscrits avant le week-end aux Pays-Bas, Lewis Hamilton n&rsquo;occupe que la sixi\u00e8me place du championnat pilote, lui qui n&rsquo;a enregistr\u00e9 qu&rsquo;une victoire en course sprint, en Chine. Arturo Merzario, pilote Ferrari dans les ann\u00e9es 1970, n&rsquo;est pas tendre avec le septuple champion du monde.\u00a0<\/p>\n<p>\u00ab\u00a0J&rsquo;ai l&rsquo;impression que Lewis se sent comme d\u00e9truit par Ferrari\u00a0\u00bb<\/p>\n<p>Dans les colonnes de\u00a0la\u00a0Gazzetta dello Sport, celui qui avait aid\u00e9 Niki Lauda \u00e0 sortir de sa voiture en feu apr\u00e8s son accident au N\u00fcrburgring en 1976, estime que la signature de Lewis Hamilton avec <a href=\"https:\/\/www.europe1.fr\/dossiers\/ferrari\" target=\"_blank\" rel=\"nofollow noopener\">Ferrari<\/a> n&rsquo;\u00e9tait \u00ab\u00a0qu&rsquo;une op\u00e9ration commerciale\u00a0\u00bb. Il ajoute que \u00ab\u00a0d&rsquo;apr\u00e8s ce que je sais, 90% des employ\u00e9s ne voulaient pas de lui\u00a0\u00bb.\u00a0\u00a0<\/p>\n<p>    La suite apr\u00e8s cette publicit\u00e9<\/p>\n<p>    La suite apr\u00e8s cette publicit\u00e9<\/p>\n<p>Le Grand Prix en Hongrie a \u00e9t\u00e9 l&rsquo;illustration des difficult\u00e9s de Lewis Hamilton chez Ferrari. Quand lui ne parvenait pas \u00e0 se qualifier en Q3, son co\u00e9quipier mon\u00e9gasque Charles Leclerc, lui, obtenait la pole position devant les McLaren ultra-dominante de Lando Norris et d&rsquo;Oscar Piastri. Le Britannique \u00e9tait apparu devant la presse d\u00e9pit\u00e9, rejetant la faute sur lui.\u00a0<\/p>\n<p>De plus, la communication avec son ing\u00e9nieur pendant les courses est toujours tendue. Une situation relev\u00e9e par Arturo Merzario : \u00ab\u00a0Quand un pilote ne se sent pas valoris\u00e9 ou int\u00e9gr\u00e9 dans le groupe, il perd sa motivation. Pourquoi se donner \u00e0 fond pour gagner trois dixi\u00e8mes si c&rsquo;est pour rester sur la troisi\u00e8me ligne de la grille ? J&rsquo;ai l&rsquo;impression que Lewis se sent comme d\u00e9truit par Ferrari\u00a0\u00bb.\u00a0<\/p>\n<p>    La suite apr\u00e8s cette publicit\u00e9<\/p>\n<p>    La suite apr\u00e8s cette publicit\u00e9<\/p>\n<p>Cependant, pour l&rsquo;ancien pilote de <a href=\"https:\/\/www.europe1.fr\/dossiers\/formule-1\" target=\"_blank\" rel=\"nofollow noopener\">Formule 1<\/a>, Lewis Hamilton peut encore montrer des choses au volant de cette SF-25, mais il le fera au bon moment : \u00ab\u00a0Ce n&rsquo;est pas fini. Il attend la bonne occasion. Il ne prendra des risques que lorsque ce sera n\u00e9cessaire, pas pour la huiti\u00e8me place\u00a0\u00bb.\u00a0<\/p>\n","protected":false},"excerpt":{"rendered":"Il \u00e9tait vu comme le \u00ab\u00a0transfert du si\u00e8cle\u00a0\u00bb. Pourtant, la collaboration entre Lewis Hamilton et la Scuderia n&rsquo;est&hellip;\n","protected":false},"author":2,"featured_media":334221,"comment_status":"","ping_status":"","sticky":false,"template":"","format":"standard","meta":{"footnotes":""},"categories":[1412],"tags":[1451,1452,1453,1454,1455,1011,27,60],"class_list":{"0":"post-334220","1":"post","2":"type-post","3":"status-publish","4":"format-standard","5":"has-post-thumbnail","7":"category-f1","8":"tag-f1","9":"tag-formula-1","10":"tag-formula1","11":"tag-formule-1","12":"tag-formule1","13":"tag-fr","14":"tag-france","15":"tag-sports"},"share_on_mastodon":{"url":"https:\/\/pubeurope.com\/@fr\/115067545377306477","error":""},"_links":{"self":[{"href":"https:\/\/www.europesays.com\/fr\/wp-json\/wp\/v2\/posts\/334220","targetHints":{"allow":["GET"]}}],"collection":[{"href":"https:\/\/www.europesays.com\/fr\/wp-json\/wp\/v2\/posts"}],"about":[{"href":"https:\/\/www.europesays.com\/fr\/wp-json\/wp\/v2\/types\/post"}],"author":[{"embeddable":true,"href":"https:\/\/www.europesays.com\/fr\/wp-json\/wp\/v2\/users\/2"}],"replies":[{"embeddable":true,"href":"https:\/\/www.europesays.com\/fr\/wp-json\/wp\/v2\/comments?post=334220"}],"version-history":[{"count":0,"href":"https:\/\/www.europesays.com\/fr\/wp-json\/wp\/v2\/posts\/334220\/revisions"}],"wp:featuredmedia":[{"embeddable":true,"href":"https:\/\/www.europesays.com\/fr\/wp-json\/wp\/v2\/media\/334221"}],"wp:attachment":[{"href":"https:\/\/www.europesays.com\/fr\/wp-json\/wp\/v2\/media?parent=334220"}],"wp:term":[{"taxonomy":"category","embeddable":true,"href":"https:\/\/www.europesays.com\/fr\/wp-json\/wp\/v2\/categories?post=334220"},{"taxonomy":"post_tag","embeddable":true,"href":"https:\/\/www.europesays.com\/fr\/wp-json\/wp\/v2\/tags?post=334220"}],"curies":[{"name":"wp","href":"https:\/\/api.w.org\/{rel}","templated":true}]}}