{"id":334224,"date":"2025-08-21T15:50:11","date_gmt":"2025-08-21T15:50:11","guid":{"rendered":"https:\/\/www.europesays.com\/fr\/334224\/"},"modified":"2025-08-21T15:50:11","modified_gmt":"2025-08-21T15:50:11","slug":"ligue-1-le-bras-de-fer-continue-entre-canal-et-la-lfp","status":"publish","type":"post","link":"https:\/\/www.europesays.com\/fr\/334224\/","title":{"rendered":"Ligue 1 &#8211; Le bras de fer continue entre Canal+ et la LFP"},"content":{"rendered":"<p><strong><\/p>\n<p>Canal+ et LFP Media s\u2019affrontent autour de la distribution de Ligue 1+. La cha\u00eene crypt\u00e9e r\u00e9clamerait l\u2019acc\u00e8s aux flux apr\u00e8s avoir boud\u00e9 le projet, mais la Ligue exigerait l\u2019abandon des poursuites Amazon en contrepartie.<\/p>\n<p><\/strong><\/p>\n<p>Le conflit s\u2019est envenim\u00e9 avec la LFP apr\u00e8s un revirement spectaculaire de Canal+. Initialement oppos\u00e9e au projet Ligue 1+, la cha\u00eene souhaite, selon RMC, en assurer la distribution non-exclusive. Un accord semblait proche selon les deux parties, avant de capoter sur les conditions pos\u00e9es par Nicolas de Tavernost.<\/p>\n<p>Canal+ affirme qu\u2019<strong>un deal a \u00e9t\u00e9 finalis\u00e9 le 18 ao\u00fbt<\/strong> sur \u00ab\u00a0les \u00e9l\u00e9ments essentiels du contrat\u00a0\u00bb. Dans un courrier adress\u00e9 au patron de LFP Media, Maxime Saada a rappel\u00e9 la confirmation \u00e9crite de Tavernost : \u00ab\u00a0Je vous confirme notre accord sur ce projet tel qu\u2019il ressort de nos discussions.\u00a0\u00bb<\/p>\n<p>Mais la LFP aurait pos\u00e9 une condition sine qua non : <strong>l\u2019abandon des poursuites judiciaires contre Amazon<\/strong>. Canal+ r\u00e9clame 600 millions d\u2019euros de d\u00e9dommagement depuis l\u2019attribution controvers\u00e9e des droits TV en 2021. La cha\u00eene crypt\u00e9e estime avoir \u00e9t\u00e9 l\u00e9s\u00e9e par le prix brad\u00e9 accord\u00e9 au g\u00e9ant am\u00e9ricain.<\/p>\n<p>Tavernost justifie aupr\u00e8s des pr\u00e9sidents sa position par la n\u00e9cessit\u00e9 de \u00ab\u00a0mettre fin \u00e0 un combat judiciaire quasi permanent depuis quatre ans\u00a0\u00bb et de \u00ab\u00a0marquer un lien de confiance r\u00e9tabli\u00a0\u00bb. D\u2019apr\u00e8s RMC, Canal+ pourrait accepter de retirer ses poursuites contre compensation, et par exemple la <strong>co-diffusion du match du dimanche soir<\/strong>.<\/p>\n","protected":false},"excerpt":{"rendered":"Canal+ et LFP Media s\u2019affrontent autour de la distribution de Ligue 1+. La cha\u00eene crypt\u00e9e r\u00e9clamerait l\u2019acc\u00e8s aux&hellip;\n","protected":false},"author":2,"featured_media":334225,"comment_status":"","ping_status":"","sticky":false,"template":"","format":"standard","meta":{"footnotes":""},"categories":[1410],"tags":[63,1011,27,60],"class_list":{"0":"post-334224","1":"post","2":"type-post","3":"status-publish","4":"format-standard","5":"has-post-thumbnail","7":"category-football","8":"tag-football","9":"tag-fr","10":"tag-france","11":"tag-sports"},"share_on_mastodon":{"url":"https:\/\/pubeurope.com\/@fr\/115067553528012159","error":""},"_links":{"self":[{"href":"https:\/\/www.europesays.com\/fr\/wp-json\/wp\/v2\/posts\/334224","targetHints":{"allow":["GET"]}}],"collection":[{"href":"https:\/\/www.europesays.com\/fr\/wp-json\/wp\/v2\/posts"}],"about":[{"href":"https:\/\/www.europesays.com\/fr\/wp-json\/wp\/v2\/types\/post"}],"author":[{"embeddable":true,"href":"https:\/\/www.europesays.com\/fr\/wp-json\/wp\/v2\/users\/2"}],"replies":[{"embeddable":true,"href":"https:\/\/www.europesays.com\/fr\/wp-json\/wp\/v2\/comments?post=334224"}],"version-history":[{"count":0,"href":"https:\/\/www.europesays.com\/fr\/wp-json\/wp\/v2\/posts\/334224\/revisions"}],"wp:featuredmedia":[{"embeddable":true,"href":"https:\/\/www.europesays.com\/fr\/wp-json\/wp\/v2\/media\/334225"}],"wp:attachment":[{"href":"https:\/\/www.europesays.com\/fr\/wp-json\/wp\/v2\/media?parent=334224"}],"wp:term":[{"taxonomy":"category","embeddable":true,"href":"https:\/\/www.europesays.com\/fr\/wp-json\/wp\/v2\/categories?post=334224"},{"taxonomy":"post_tag","embeddable":true,"href":"https:\/\/www.europesays.com\/fr\/wp-json\/wp\/v2\/tags?post=334224"}],"curies":[{"name":"wp","href":"https:\/\/api.w.org\/{rel}","templated":true}]}}