{"id":334226,"date":"2025-08-21T15:51:10","date_gmt":"2025-08-21T15:51:10","guid":{"rendered":"https:\/\/www.europesays.com\/fr\/334226\/"},"modified":"2025-08-21T15:51:10","modified_gmt":"2025-08-21T15:51:10","slug":"michelle-obama-revele-laquelle-de-ses-deux-filles-son-mari-a-trouve-la-plus-difficile-a-elever","status":"publish","type":"post","link":"https:\/\/www.europesays.com\/fr\/334226\/","title":{"rendered":"Michelle Obama r\u00e9v\u00e8le laquelle de ses deux filles son mari a trouv\u00e9 la plus difficile \u00e0 \u00e9lever"},"content":{"rendered":"<p>    Barack Obama, Michelle Obama, Sasha Obama, Malia Obama et Marian Shields Robinson lors d\u2019un \u00e9v\u00e9nement \u00e0 Washington. (Washington, le 14 d\u00e9cembre 2014.)<br \/>\n                Kevin Mazur \/ WireImage<\/p>\n<p>Dans un nouvel \u00e9pisode de son podcast IMO mis en ligne ce mercredi 20 ao\u00fbt, l\u2019ancienne First Lady assure que Barack Obama a eu du mal \u00e0 \u00e9lever l\u2019une de leurs deux filles \u00e0 cause de son caract\u00e8re tr\u00e8s ind\u00e9pendant.<\/p>\n<p class=\"fig-paragraph\">Il a beau avoir \u00e9t\u00e9 le pr\u00e9sident de la premi\u00e8re puissance mondiale,<a href=\"https:\/\/madame.lefigaro.fr\/tag\/barack-obama\" target=\"_blank\" data-fig-type=\"Keyword\" rel=\"sponsored noopener\" data-gtm-custom-categorie=\"navigation\" data-gtm-custom-action=\"crossclick\" data-gtm-custom-label=\"Contextuel\" data-gtm-event=\"customEventSPE\" data-fig-domain=\"MADAME\">\u00a0Barack Obama\u00a0<\/a>reste avant tout un p\u00e8re comme un autre, avec ses forces et ses faiblesses. L\u2019ancien locataire de la Maison Blanche a donc lui aussi rencontr\u00e9 des difficult\u00e9s en \u00e9duquant ses deux filles, Malia, n\u00e9e en 1998, et Sasha, n\u00e9e en 2001. Mais l\u2019une d\u2019entre elles lui a donn\u00e9 plus de fil \u00e0 retordre, r\u00e9v\u00e8le son \u00e9pouse\u00a0<a href=\"https:\/\/madame.lefigaro.fr\/tag\/michelle-obama\" target=\"_blank\" data-fig-type=\"Keyword\" rel=\"sponsored noopener\" data-gtm-custom-categorie=\"navigation\" data-gtm-custom-action=\"crossclick\" data-gtm-custom-label=\"Contextuel\" data-gtm-event=\"customEventSPE\" data-fig-domain=\"MADAME\">Michelle Obama<\/a>\u00a0ce mercredi 20 ao\u00fbt dans le dernier \u00e9pisode de son podcast IMO.<\/p>\n<p>Un comportement altruiste<\/p>\n<p class=\"fig-paragraph\">Selon elle, Barack Obama a mis du temps \u00e0 accepter que sa fille cadette, Sasha, n\u2019ait jamais cherch\u00e9 \u00e0 lui plaire, contrairement \u00e0\u00a0<a href=\"https:\/\/madame.lefigaro.fr\/tag\/malia-obama\" target=\"_blank\" data-fig-type=\"Keyword\" rel=\"sponsored noopener\" data-gtm-custom-categorie=\"navigation\" data-gtm-custom-action=\"crossclick\" data-gtm-custom-label=\"Contextuel\" data-gtm-event=\"customEventSPE\" data-fig-domain=\"MADAME\">Malia<\/a>, qui n\u2019h\u00e9sitait pas \u00e0 lui montrer son int\u00e9r\u00eat en l\u2019interrogeant sur son agenda politique\u00a0: \u00abJe disais \u00e0 Barack\u00a0: \u2019Tu sais Malia va comprendre qui tu es, ce que tu aimes, et en discuter avec toi\u00bb, se souvient l\u2019ancienne First Lady qui souligne que ce comportement altruiste est \u00abinhabituel\u00bb chez les adolescents.<\/p>\n<p class=\"fig-body-link&#10;    \">\n            \u00c0 lire aussi<br \/>\n        <a class=\"fig-body-link__link\" href=\"http:\/\/madame.lefigaro.fr\/celebrites\/actu-people\/elle-m-a-repris-barack-obama-dement-a-son-tour-les-rumeurs-de-divorce-avec-son-epouse-michelle-20250719\" data-fig-type=\"Article\" data-gtm-custom-categorie=\"navigation\" data-gtm-custom-action=\"crossclick\" data-gtm-custom-label=\"Contextuel\" data-gtm-event=\"customEventSPE\" data-fig-domain=\"MADAME\" target=\"_blank\" rel=\"noopener\">\u00abElle m\u2019a repris\u00a0!\u00bb\u00a0: Barack Obama d\u00e9ment \u00e0 son tour les rumeurs de divorce avec son \u00e9pouse Michelle<\/a>\n<\/p>\n<p>                                    <a class=\"fig-a11y-skip a11y-hidden\" href=\"#fig-a11y-skip-main-inarticle\"><br \/>\n        Passer la publicit\u00e9<br \/>\n    <\/a><\/p>\n<p class=\"fig-paragraph\">\u00abQuand Malia \u00e9tait adolescente, elle ne sortait pas moins et ne faisait rien de bien diff\u00e9rent par rapport aux autres. Elle me disait\u00a0: \u2019Je sors ce week-end, mais je vais d\u2019abord aller voir papa et lui accorder 15 minutes\u00bb, poursuit Michelle Obama. L\u2019ancien pr\u00e9sident des \u00c9tats-Unis adorait ces moments pass\u00e9s en t\u00eate \u00e0 t\u00eate avec son a\u00een\u00e9e. \u00abJ\u2019ai eu une conversation passionnante avec Malia\u00bb, lan\u00e7ait-il \u00e0 Michelle, l\u2019air enjou\u00e9.<\/p>\n<p>\u00abElle se comporte comme un chat\u00bb<\/p>\n<p class=\"fig-paragraph\">Barack Obama, qui esp\u00e9rait partager la m\u00eame complicit\u00e9 avec Sasha, a vite d\u00e9chant\u00e9. \u00abCar elle se comporte comme un chat, souligne son \u00e9pouse. Elle pense comme \u00e7a\u00a0: \u2018Ne me touche pas, ne me caresse pas. Ce n\u2019est pas \u00e0 moi de te plaire. C\u2019est toi qui viens vers moi\u2019\u00bb. D\u00e9sempar\u00e9 face \u00e0 l\u2019attitude de sa cadette, son p\u00e8re l\u2019a plusieurs fois qualifi\u00e9e de \u00abdifficile\u00bb. Une critique balay\u00e9e par Michelle Obama, qui a rapidement expliqu\u00e9 \u00e0 son \u00e9poux que Sasha n\u2019\u00e9tait tout simplement pas une \u00abpeople pleaser\u00bb (NDLR, une personne pr\u00eate \u00e0 tout pour plaire aux autres). Pour l\u2019ancienne First Lady, les parents doivent \u00eatre des \u00abcam\u00e9l\u00e9ons\u00bb et adapter leur m\u00e9thode d\u2019\u00e9ducation au caract\u00e8re de chacun de leurs enfants.<\/p>\n<p class=\"fig-paragraph\">Une le\u00e7on bien retenue par Barack Obama qui a finalement r\u00e9ussi \u00e0 apprivoiser l\u2019indomptable Sasha, dont il est aujourd\u2019hui tr\u00e8s proche. Le 10 juin dernier, l\u2019ancien pr\u00e9sident des \u00c9tats-Unis lui a t\u00e9moign\u00e9 tout son amour \u00e0 l\u2019occasion de son 24e anniversaire. \u00abJoyeux anniversaire Sasha\u00a0! Te voir grandir et devenir la femme incroyable que tu es est un v\u00e9ritable cadeau. Je serai toujours fier de toi et je serai toujours l\u00e0 pour toi\u00bb, a-t-il \u00e9crit sur Instagram en l\u00e9gende d\u2019une photo de sa famille, si unie, et pourtant si singuli\u00e8re.<\/p>\n","protected":false},"excerpt":{"rendered":"Barack Obama, Michelle Obama, Sasha Obama, Malia Obama et Marian Shields Robinson lors d\u2019un \u00e9v\u00e9nement \u00e0 Washington. (Washington,&hellip;\n","protected":false},"author":2,"featured_media":334227,"comment_status":"","ping_status":"","sticky":false,"template":"","format":"standard","meta":{"footnotes":""},"categories":[1359],"tags":[592,58,59,1011,27,7745,973],"class_list":{"0":"post-334226","1":"post","2":"type-post","3":"status-publish","4":"format-standard","5":"has-post-thumbnail","7":"category-people","8":"tag-barack-obama","9":"tag-divertissement","10":"tag-entertainment","11":"tag-fr","12":"tag-france","13":"tag-michelle-obama","14":"tag-people"},"share_on_mastodon":{"url":"https:\/\/pubeurope.com\/@fr\/115067557241140702","error":""},"_links":{"self":[{"href":"https:\/\/www.europesays.com\/fr\/wp-json\/wp\/v2\/posts\/334226","targetHints":{"allow":["GET"]}}],"collection":[{"href":"https:\/\/www.europesays.com\/fr\/wp-json\/wp\/v2\/posts"}],"about":[{"href":"https:\/\/www.europesays.com\/fr\/wp-json\/wp\/v2\/types\/post"}],"author":[{"embeddable":true,"href":"https:\/\/www.europesays.com\/fr\/wp-json\/wp\/v2\/users\/2"}],"replies":[{"embeddable":true,"href":"https:\/\/www.europesays.com\/fr\/wp-json\/wp\/v2\/comments?post=334226"}],"version-history":[{"count":0,"href":"https:\/\/www.europesays.com\/fr\/wp-json\/wp\/v2\/posts\/334226\/revisions"}],"wp:featuredmedia":[{"embeddable":true,"href":"https:\/\/www.europesays.com\/fr\/wp-json\/wp\/v2\/media\/334227"}],"wp:attachment":[{"href":"https:\/\/www.europesays.com\/fr\/wp-json\/wp\/v2\/media?parent=334226"}],"wp:term":[{"taxonomy":"category","embeddable":true,"href":"https:\/\/www.europesays.com\/fr\/wp-json\/wp\/v2\/categories?post=334226"},{"taxonomy":"post_tag","embeddable":true,"href":"https:\/\/www.europesays.com\/fr\/wp-json\/wp\/v2\/tags?post=334226"}],"curies":[{"name":"wp","href":"https:\/\/api.w.org\/{rel}","templated":true}]}}