{"id":334228,"date":"2025-08-21T15:52:17","date_gmt":"2025-08-21T15:52:17","guid":{"rendered":"https:\/\/www.europesays.com\/fr\/334228\/"},"modified":"2025-08-21T15:52:17","modified_gmt":"2025-08-21T15:52:17","slug":"photographiez-loeil-exposez-votre-vision-participez-au-concours-du-coc-2026","status":"publish","type":"post","link":"https:\/\/www.europesays.com\/fr\/334228\/","title":{"rendered":"Photographiez l\u2019\u0153il, exposez votre vision : participez au concours du CoC 2026"},"content":{"rendered":"<p>L&rsquo;Association des optom\u00e9tristes de France (AOF) lance son concours photo autour de l&rsquo;oeil. Il est ouvert \u00e0 tous les opticiens\/optom\u00e9tristes\u00a0: il vous suffit de capturer des images originales et inspirantes autour de l\u2019univers oculaire et de mettre\u00a0en lumi\u00e8re la complexit\u00e9 et la splendeur de l\u2019\u0153il \u00e0 travers votre objectif.<\/p>\n<p>Retrouvez <a href=\"https:\/\/www.acuite.fr\/actualite\/insolite\/300772\/photos-concours-photos-du-coc-2025-loeil-dans-tous-ses-etats\" rel=\"nofollow noopener\" target=\"_blank\">les laur\u00e9ats du concours 2025 ici<\/a> pour vous inspirer !<\/p>\n<p>Comment participer ?<\/p>\n<p>Envoyez jusqu\u2019\u00e0\u00a03 photos\u00a0maximum, accompagn\u00e9es des \u00e9l\u00e9ments suivants :<\/p>\n<ul>\n<li>Un\u00a0titre\u00a0pour chaque photo<\/li>\n<li>Vos\u00a0nom et pr\u00e9nom<\/li>\n<li>Votre\u00a0adresse compl\u00e8te<\/li>\n<\/ul>\n<p>Pourquoi participer ?<\/p>\n<p>Vos clich\u00e9s pourront \u00eatre\u00a0expos\u00e9s devant un public d\u2019experts\u00a0lors du\u00a0Congr\u00e8s d\u2019Optom\u00e9trie et de Contactologie 2026 (CoC) qui aura lieu les 25 et 26 janvier prochain.<\/p>\n<p>Plusieurs laur\u00e9ats seront r\u00e9compens\u00e9s et\u00a0valoris\u00e9s dans le milieu professionnel.<\/p>\n<p>Date limite d\u2019envoi : 31 D\u00e9cembre 2025. <strong>Plus d&rsquo;infos sur le site de l&rsquo;AOF.\u00a0<\/strong><\/p>\n","protected":false},"excerpt":{"rendered":"L&rsquo;Association des optom\u00e9tristes de France (AOF) lance son concours photo autour de l&rsquo;oeil. Il est ouvert \u00e0 tous&hellip;\n","protected":false},"author":2,"featured_media":334229,"comment_status":"","ping_status":"","sticky":false,"template":"","format":"standard","meta":{"footnotes":""},"categories":[1358],"tags":[1348,1384,1385,1386,58,59,1011,27],"class_list":{"0":"post-334228","1":"post","2":"type-post","3":"status-publish","4":"format-standard","5":"has-post-thumbnail","7":"category-arts-et-design","8":"tag-arts","9":"tag-arts-and-design","10":"tag-arts-et-design","11":"tag-design","12":"tag-divertissement","13":"tag-entertainment","14":"tag-fr","15":"tag-france"},"share_on_mastodon":{"url":"https:\/\/pubeurope.com\/@fr\/115067561213821589","error":""},"_links":{"self":[{"href":"https:\/\/www.europesays.com\/fr\/wp-json\/wp\/v2\/posts\/334228","targetHints":{"allow":["GET"]}}],"collection":[{"href":"https:\/\/www.europesays.com\/fr\/wp-json\/wp\/v2\/posts"}],"about":[{"href":"https:\/\/www.europesays.com\/fr\/wp-json\/wp\/v2\/types\/post"}],"author":[{"embeddable":true,"href":"https:\/\/www.europesays.com\/fr\/wp-json\/wp\/v2\/users\/2"}],"replies":[{"embeddable":true,"href":"https:\/\/www.europesays.com\/fr\/wp-json\/wp\/v2\/comments?post=334228"}],"version-history":[{"count":0,"href":"https:\/\/www.europesays.com\/fr\/wp-json\/wp\/v2\/posts\/334228\/revisions"}],"wp:featuredmedia":[{"embeddable":true,"href":"https:\/\/www.europesays.com\/fr\/wp-json\/wp\/v2\/media\/334229"}],"wp:attachment":[{"href":"https:\/\/www.europesays.com\/fr\/wp-json\/wp\/v2\/media?parent=334228"}],"wp:term":[{"taxonomy":"category","embeddable":true,"href":"https:\/\/www.europesays.com\/fr\/wp-json\/wp\/v2\/categories?post=334228"},{"taxonomy":"post_tag","embeddable":true,"href":"https:\/\/www.europesays.com\/fr\/wp-json\/wp\/v2\/tags?post=334228"}],"curies":[{"name":"wp","href":"https:\/\/api.w.org\/{rel}","templated":true}]}}