{"id":33423,"date":"2025-04-18T06:41:11","date_gmt":"2025-04-18T06:41:11","guid":{"rendered":"https:\/\/www.europesays.com\/fr\/33423\/"},"modified":"2025-04-18T06:41:11","modified_gmt":"2025-04-18T06:41:11","slug":"patrick-sebastien-cumule-28-millions-de-vues-avec-son-album-ole-ose-chansons-tres-crues-inedites-et-interdites","status":"publish","type":"post","link":"https:\/\/www.europesays.com\/fr\/33423\/","title":{"rendered":"Patrick S\u00e9bastien cumule 28 millions de vues avec son album \u00ab Ol\u00e9 os\u00e9, chansons tr\u00e8s crues, in\u00e9dites et interdites \u00bb"},"content":{"rendered":"<p><strong>GRIVOISERIES &#8211; Il comprend 14 chansons dans la tradition des chansons paillardes, mais dans un style plus moderne<\/strong><\/p>\n<p><a href=\"https:\/\/www.20minutes.fr\/arts-stars\/insolite\/4148164-20250411-vu-nouvelle-chanson-patrick-sebastien-fait-unanimite?at_medium=RSS+feed&amp;at_campaign=ynews&amp;utm_source=yahoo&amp;utm_medium=rss&amp;utm_campaign=news_feed&amp;utm_content=in_article_link\" rel=\"nofollow noopener\" target=\"_blank\" data-ylk=\"slk:Le nouvel album;elm:context_link;itc:0;sec:content-canvas\" class=\"link \">Le nouvel album<\/a> de <a href=\"https:\/\/www.20minutes.fr\/dossier\/patricksebastien?at_medium=RSS+feed&amp;at_campaign=ynews&amp;utm_source=yahoo&amp;utm_medium=rss&amp;utm_campaign=news_feed&amp;utm_content=in_article_link\" rel=\"nofollow noopener\" target=\"_blank\" data-ylk=\"slk:Patrick S\u00e9bastien;elm:context_link;itc:0;sec:content-canvas\" class=\"link \">Patrick S\u00e9bastien<\/a> n\u2019est m\u00eame pas sorti qu\u2019il cartonne d\u00e9j\u00e0\u00a0! Invit\u00e9 de <a href=\"https:\/\/www.20minutes.fr\/arts-stars\/television\/cyril_hanouna\/?at_medium=RSS+feed&amp;at_campaign=ynews&amp;utm_source=yahoo&amp;utm_medium=rss&amp;utm_campaign=news_feed&amp;utm_content=in_article_link\" rel=\"nofollow noopener\" target=\"_blank\" data-ylk=\"slk:Cyril Hanouna;elm:context_link;itc:0;sec:content-canvas\" class=\"link \">Cyril Hanouna<\/a> dans son \u00e9mission On marche sur la t\u00eate, sur <a href=\"https:\/\/www.20minutes.fr\/medias\/europe1\/?at_medium=RSS+feed&amp;at_campaign=ynews&amp;utm_source=yahoo&amp;utm_medium=rss&amp;utm_campaign=news_feed&amp;utm_content=in_article_link\" rel=\"nofollow noopener\" target=\"_blank\" data-ylk=\"slk:Europe 1;elm:context_link;itc:0;sec:content-canvas\" class=\"link \">Europe 1<\/a>, le <a href=\"https:\/\/www.20minutes.fr\/dossier\/chanteur?at_medium=RSS+feed&amp;at_campaign=ynews&amp;utm_source=yahoo&amp;utm_medium=rss&amp;utm_campaign=news_feed&amp;utm_content=in_article_link\" rel=\"nofollow noopener\" target=\"_blank\" data-ylk=\"slk:chanteur;elm:context_link;itc:0;sec:content-canvas\" class=\"link \">chanteur <\/a>des Sardines a en effet assur\u00e9 que son prochain <a href=\"https:\/\/www.20minutes.fr\/culture\/disque\/?at_medium=RSS+feed&amp;at_campaign=ynews&amp;utm_source=yahoo&amp;utm_medium=rss&amp;utm_campaign=news_feed&amp;utm_content=in_article_link\" rel=\"nofollow noopener\" target=\"_blank\" data-ylk=\"slk:disque;elm:context_link;itc:0;sec:content-canvas\" class=\"link \">disque <\/a>cumulait 28\u00a0millions de vues sur les <a href=\"https:\/\/www.20minutes.fr\/dossier\/plateforme?at_medium=RSS+feed&amp;at_campaign=ynews&amp;utm_source=yahoo&amp;utm_medium=rss&amp;utm_campaign=news_feed&amp;utm_content=in_article_link\" rel=\"nofollow noopener\" target=\"_blank\" data-ylk=\"slk:plateformes;elm:context_link;itc:0;sec:content-canvas\" class=\"link \">plateformes <\/a>de <a href=\"https:\/\/www.20minutes.fr\/dossier\/streaming?at_medium=RSS+feed&amp;at_campaign=ynews&amp;utm_source=yahoo&amp;utm_medium=rss&amp;utm_campaign=news_feed&amp;utm_content=in_article_link\" rel=\"nofollow noopener\" target=\"_blank\" data-ylk=\"slk:streaming;elm:context_link;itc:0;sec:content-canvas\" class=\"link \">streaming<\/a>\u2026 alors qu\u2019il ne sera en vente que le 25\u00a0avril 2025.<\/p>\n<p>L\u2019ancien animateur-vedette de <a href=\"https:\/\/www.20minutes.fr\/television\/france_televisions\/?at_medium=RSS+feed&amp;at_campaign=ynews&amp;utm_source=yahoo&amp;utm_medium=rss&amp;utm_campaign=news_feed&amp;utm_content=in_article_link\" rel=\"nofollow noopener\" target=\"_blank\" data-ylk=\"slk:France T\u00e9l\u00e9visions;elm:context_link;itc:0;sec:content-canvas\" class=\"link \">France T\u00e9l\u00e9visions<\/a> confie avoir compos\u00e9 et enregistr\u00e9 Ol\u00e9 os\u00e9, chansons tr\u00e8s crues, in\u00e9dites et interdites chez lui, \u00ab\u00a0entre potes\u00a0\u00bb. L\u2019id\u00e9e lui en serait venue \u00ab\u00a0parce qu\u2019on m\u2019a caricatur\u00e9 avec un doigt dans le cul [\u2026] alors qu\u2019il n\u2019y a pas un gros mot dans mes <a href=\"https:\/\/www.20minutes.fr\/dossier\/chanson?at_medium=RSS+feed&amp;at_campaign=ynews&amp;utm_source=yahoo&amp;utm_medium=rss&amp;utm_campaign=news_feed&amp;utm_content=in_article_link\" rel=\"nofollow noopener\" target=\"_blank\" data-ylk=\"slk:chansons\u00a0;elm:context_link;itc:0;sec:content-canvas\" class=\"link \">chansons\u00a0<\/a>\u00bb.<\/p>\n<p>Quand, sur Europe 1, <a href=\"https:\/\/www.20minutes.fr\/arts-stars\/television\/cyril_hanouna\/?at_medium=RSS+feed&amp;at_campaign=ynews&amp;utm_source=yahoo&amp;utm_medium=rss&amp;utm_campaign=news_feed&amp;utm_content=in_article_link\" rel=\"nofollow noopener\" target=\"_blank\" data-ylk=\"slk:Cyril Hanouna;elm:context_link;itc:0;sec:content-canvas\" class=\"link \">Cyril Hanouna<\/a> fait remarquer que l\u2019album \u00ab\u00a0est le <a href=\"https:\/\/www.20minutes.fr\/dossier\/buzz?at_medium=RSS+feed&amp;at_campaign=ynews&amp;utm_source=yahoo&amp;utm_medium=rss&amp;utm_campaign=news_feed&amp;utm_content=in_article_link\" rel=\"nofollow noopener\" target=\"_blank\" data-ylk=\"slk:buzz;elm:context_link;itc:0;sec:content-canvas\" class=\"link \">buzz <\/a>du moment\u00a0\u00bb, Patrick S\u00e9bastien s\u2019en dit \u00ab\u00a0le premier surpris\u00a0\u00bb. Avant de rapporter que si certains \u00ab\u00a0continuent de trouver \u00e7a beauf\u00a0\u00bb, il les en remercie\u00a0: \u00ab\u00a0quand t\u2019en a un qui dit \u00e7a sur les <a href=\"https:\/\/www.20minutes.fr\/dossier\/reseaux_sociaux?at_medium=RSS+feed&amp;at_campaign=ynews&amp;utm_source=yahoo&amp;utm_medium=rss&amp;utm_campaign=news_feed&amp;utm_content=in_article_link\" rel=\"nofollow noopener\" target=\"_blank\" data-ylk=\"slk:r\u00e9seaux;elm:context_link;itc:0;sec:content-canvas\" class=\"link \">r\u00e9seaux<\/a>, il y en a dix qui lui r\u00e9pondent \u00ab\u00a0va te faire foutre\u00a0\u00bb\u00a0\u00bb.<\/p>\n<p><a href=\"https:\/\/www.20minutes.fr\/dossier\/patricksebastien\" rel=\"nofollow noopener\" target=\"_blank\" data-ylk=\"slk:Notre dossier \u00ab Patrick S\u00e9bastien \u00bb;elm:context_link;itc:0;sec:content-canvas\" class=\"link \">Notre dossier \u00ab Patrick S\u00e9bastien \u00bb<\/a><\/p>\n<p>L\u2019homme de <a href=\"https:\/\/www.20minutes.fr\/dossier\/spectacle?at_medium=RSS+feed&amp;at_campaign=ynews&amp;utm_source=yahoo&amp;utm_medium=rss&amp;utm_campaign=news_feed&amp;utm_content=in_article_link\" rel=\"nofollow noopener\" target=\"_blank\" data-ylk=\"slk:spectacle;elm:context_link;itc:0;sec:content-canvas\" class=\"link \">spectacle <\/a>se dit aussi convaincu que si sa <a href=\"https:\/\/www.20minutes.fr\/arts-stars\/culture\/musique\/?at_medium=RSS+feed&amp;at_campaign=ynews&amp;utm_source=yahoo&amp;utm_medium=rss&amp;utm_campaign=news_feed&amp;utm_content=in_article_link\" rel=\"nofollow noopener\" target=\"_blank\" data-ylk=\"slk:musique;elm:context_link;itc:0;sec:content-canvas\" class=\"link \">musique <\/a>touche autant de monde, c\u2019est parce que les gens traversent, en ce moment, \u00ab\u00a0un manque de connerie, de l\u00e9g\u00e8ret\u00e9\u00a0\u00bb.<\/p>\n<p><a href=\"https:\/\/www.20minutes.fr\/arts-stars\/culture\/4149206-20250417-patrick-sebastien-cumule-28-millions-vues-album-ole-ose-chansons-tres-crues-inedites-interdites?at_medium=RSS+feed&amp;at_campaign=ynews&amp;utm_source=yahoo&amp;utm_medium=rss&amp;utm_campaign=news_feed&amp;utm_content=read_more_link&quot;\" rel=\"nofollow noopener\" target=\"_blank\" data-ylk=\"slk:Lire la suite sur 20minutes;elm:context_link;itc:0;sec:content-canvas\" class=\"link \">Lire la suite sur 20minutes<\/a><\/p>\n<p>\u00c0 lire aussi :<br \/><a href=\"https:\/\/www.20minutes.fr\/arts-stars\/insolite\/4148164-20250411-vu-nouvelle-chanson-patrick-sebastien-fait-unanimite?at_medium=RSS+feed&amp;at_campaign=ynews&amp;utm_source=yahoo&amp;utm_medium=rss&amp;utm_campaign=news_feed&amp;utm_content=related_content_link\" rel=\"nofollow noopener\" target=\"_blank\" data-ylk=\"slk:\u00ab\u00a0Est-ce que tu l\u2019as vu mon\u2026\u00a0\u00bb\u00a0: La nouvelle chanson de Patrick S\u00e9bastien ne fait pas l\u2019unanimit\u00e9;elm:context_link;itc:0;sec:content-canvas\" class=\"link \">\u00ab\u00a0Est-ce que tu l\u2019as vu mon\u2026\u00a0\u00bb\u00a0: La nouvelle chanson de Patrick S\u00e9bastien ne fait pas l\u2019unanimit\u00e9<\/a><br \/><a href=\"https:\/\/www.20minutes.fr\/arts-stars\/television\/4103255-20240726-patrick-sebastien-reclamait-13-millions-france-tv-justice-octroie-331-000-euros?at_medium=RSS+feed&amp;at_campaign=ynews&amp;utm_source=yahoo&amp;utm_medium=rss&amp;utm_campaign=news_feed&amp;utm_content=related_content_link\" rel=\"nofollow noopener\" target=\"_blank\" data-ylk=\"slk:Patrick S\u00e9bastien r\u00e9clamait 13\u00a0millions \u00e0 France TV, la justice lui octroie 331.000 euros;elm:context_link;itc:0;sec:content-canvas\" class=\"link \">Patrick S\u00e9bastien r\u00e9clamait 13\u00a0millions \u00e0 France TV, la justice lui octroie 331.000 euros<\/a><\/p>\n","protected":false},"excerpt":{"rendered":"GRIVOISERIES &#8211; Il comprend 14 chansons dans la tradition des chansons paillardes, mais dans un style plus moderne&hellip;\n","protected":false},"author":2,"featured_media":33424,"comment_status":"","ping_status":"","sticky":false,"template":"","format":"standard","meta":{"footnotes":""},"categories":[1355],"tags":[11087,1083,58,59,1473,1011,27,1361,873,6097],"class_list":{"0":"post-33423","1":"post","2":"type-post","3":"status-publish","4":"format-standard","5":"has-post-thumbnail","7":"category-musique","8":"tag-chansons-paillardes","9":"tag-cyril-hanouna","10":"tag-divertissement","11":"tag-entertainment","12":"tag-europe-1","13":"tag-fr","14":"tag-france","15":"tag-music","16":"tag-musique","17":"tag-patrick-sebastien"},"share_on_mastodon":{"url":"https:\/\/pubeurope.com\/@fr\/114357605841024011","error":""},"_links":{"self":[{"href":"https:\/\/www.europesays.com\/fr\/wp-json\/wp\/v2\/posts\/33423","targetHints":{"allow":["GET"]}}],"collection":[{"href":"https:\/\/www.europesays.com\/fr\/wp-json\/wp\/v2\/posts"}],"about":[{"href":"https:\/\/www.europesays.com\/fr\/wp-json\/wp\/v2\/types\/post"}],"author":[{"embeddable":true,"href":"https:\/\/www.europesays.com\/fr\/wp-json\/wp\/v2\/users\/2"}],"replies":[{"embeddable":true,"href":"https:\/\/www.europesays.com\/fr\/wp-json\/wp\/v2\/comments?post=33423"}],"version-history":[{"count":0,"href":"https:\/\/www.europesays.com\/fr\/wp-json\/wp\/v2\/posts\/33423\/revisions"}],"wp:featuredmedia":[{"embeddable":true,"href":"https:\/\/www.europesays.com\/fr\/wp-json\/wp\/v2\/media\/33424"}],"wp:attachment":[{"href":"https:\/\/www.europesays.com\/fr\/wp-json\/wp\/v2\/media?parent=33423"}],"wp:term":[{"taxonomy":"category","embeddable":true,"href":"https:\/\/www.europesays.com\/fr\/wp-json\/wp\/v2\/categories?post=33423"},{"taxonomy":"post_tag","embeddable":true,"href":"https:\/\/www.europesays.com\/fr\/wp-json\/wp\/v2\/tags?post=33423"}],"curies":[{"name":"wp","href":"https:\/\/api.w.org\/{rel}","templated":true}]}}