{"id":334230,"date":"2025-08-21T15:53:15","date_gmt":"2025-08-21T15:53:15","guid":{"rendered":"https:\/\/www.europesays.com\/fr\/334230\/"},"modified":"2025-08-21T15:53:15","modified_gmt":"2025-08-21T15:53:15","slug":"cest-quoi-ce-livre-sur-la-culture-cheyenne","status":"publish","type":"post","link":"https:\/\/www.europesays.com\/fr\/334230\/","title":{"rendered":"c&rsquo;est quoi ce livre sur la culture cheyenne ?"},"content":{"rendered":"<p>[Rentr\u00e9e litt\u00e9raire 2025] L\u2019auteur am\u00e9ricain Tommy Orange est de retour en librairies avec un roman traitant du g\u00e9nocide des Am\u00e9rindiens et de l\u2019\u00e9radication de la culture autochtone.<\/p>\n<p><a href=\"https:\/\/leclaireur.fnac.com\/article\/341485-rentree-litteraire-2025-nos-selections-de-livres-dactus-et-de-critiques\/\" target=\"_blank\" rel=\"noreferrer noopener\">La rentr\u00e9e litt\u00e9raire de septembre 2025<\/a> se poursuit et propose des \u0153uvres vari\u00e9es, venues d\u2019horizons et de nationalit\u00e9s diff\u00e9rentes. Ce 21 ao\u00fbt sort ainsi aux \u00e9ditions Albin Michel le <a href=\"https:\/\/www.fnac.com\/livre.asp\" target=\"_blank\" rel=\"noreferrer noopener\">livre<\/a> Les \u00e9toiles errantes, de l\u2019\u00e9crivain am\u00e9ricain <a href=\"https:\/\/www.fnac.com\/Tommy-Orange\/ia8892080\" target=\"_blank\" rel=\"noreferrer noopener\">Tommy Orange<\/a>.<\/p>\n<p>Dans ce r\u00e9cit personnel inspir\u00e9 de sa culture am\u00e9rindienne cheyenne et arapaho, l\u2019auteur suit la vie du Cheyenne Bird, un survivant du massacre de Sand Creek en 1864, envoy\u00e9 \u00e0 la prison de Fort Marion en Floride. Apr\u00e8s son emprisonnement, Bird est contraint d\u2019apprendre l\u2019anglais et de se convertir au christianisme, faisant l\u2019objet d\u2019un programme visant \u00e0 \u00e9radiquer la culture et l\u2019identit\u00e9 autochtones.<\/p>\n<p>Des ann\u00e9es plus tard, le fils de Bird (d\u00e9sormais nomm\u00e9 Star), Charles, subit le m\u00eame sort. \u00c0 travers le parcours de cette famille maltrait\u00e9e, Tommy Orange fait un travail de m\u00e9moire essentiel et \u00e9voque un pan dramatique de l\u2019histoire am\u00e9ricaine sur lequel s\u2019est fond\u00e9 le pays m\u00eame.<\/p>\n<blockquote class=\"instagram-media\" data-instgrm-captioned=\"\" data-instgrm-permalink=\"https:\/\/www.instagram.com\/p\/DLJ1XrnKxWj\/?utm_source=ig_embed&amp;utm_campaign=loading\" data-instgrm-version=\"14\" style=\" background:#FFF; border:0; border-radius:3px; box-shadow:0 0 1px 0 rgba(0,0,0,0.5),0 1px 10px 0 rgba(0,0,0,0.15); margin: 1px; max-width:540px; min-width:326px; padding:0; width:99.375%; width:-webkit-calc(100% - 2px); width:calc(100% - 2px);\"\/>\n<p>\u00c9voquer le g\u00e9nocide am\u00e9rindien<\/p>\n<p>Avec Les \u00e9toiles errantes, Tommy Orange traite ainsi du large sujet concernant \u00e0 la fois <a href=\"https:\/\/leclaireur.fnac.com\/article\/563624-comment-hollywood-represente-t-il-le-genocide-des-natifs-americains\/\" target=\"_blank\" rel=\"noreferrer noopener\">le g\u00e9nocide des Indiens natifs d\u2019Am\u00e9rique<\/a> et de toute l\u2019assimilation culturelle forc\u00e9e qui a suivi pendant plusieurs d\u00e9cennies (jusque dans les ann\u00e9es 1960) pour soumettre culturellement et socialement les derniers Am\u00e9rindiens vivant dans le pays en leur faisant peu \u00e0 peu oublier leur culture.<\/p>\n<p>Un th\u00e8me fort et important qui est de plus en plus interrog\u00e9 aux \u00c9tats-Unis et dans le monde, apr\u00e8s des ann\u00e9es de repr\u00e9sentations st\u00e9r\u00e9otyp\u00e9es et clich\u00e9es dans la culture populaire. <\/p>\n<p><strong class=\"small\">En stock<\/strong><\/p>\n<p>        Acheter sur Fnac.com<\/p>\n<p>Que cela soit au cin\u00e9ma (Killers of the Flower Moon de <a href=\"https:\/\/www.fnac.com\/Martin-Scorsese\/ia1475\" target=\"_blank\" rel=\"noreferrer noopener\">Martin Scorsese<\/a>), en s\u00e9rie (\u00c0 l\u2019aube de l\u2019Am\u00e9rique) ou en litt\u00e9rature avec aujourd\u2019hui Les \u00e9toiles errantes, le sujet est aujourd\u2019hui trait\u00e9 avec plus de nuances et les descendants des peuples concern\u00e9s (comme Tommy Orange) s\u2019emparent de l\u2019histoire avec leur propre regard et leur authenticit\u00e9.<\/p>\n<p>En 2018, l\u2019auteur avait d\u00e9j\u00e0 \u00e9voqu\u00e9 ses origines dans son premier roman, Ici n\u2019est plus ici (Albin Michel), dans lequel il s\u2019int\u00e9ressait notamment \u00e0 la vie contemporaine des Am\u00e9rindiens, en \u00e9voquant les nombreuses probl\u00e9matiques auxquelles les nouvelles g\u00e9n\u00e9rations sont confront\u00e9es : alcoolisme, d\u00e9pression, racisme, perte d\u2019identit\u00e9\u2026 Les \u00e9toiles errantes permet de poursuivre l\u2019exploration de ce traumatisme collectif, en revenant \u00e0 l\u2019un des massacres des plus tristement c\u00e9l\u00e8bres du peuple indien, celui de Sand Creek, en 1864.<\/p>\n<p>        <script async src=\"\/\/www.instagram.com\/embed.js\"><\/script><\/p>\n","protected":false},"excerpt":{"rendered":"[Rentr\u00e9e litt\u00e9raire 2025] L\u2019auteur am\u00e9ricain Tommy Orange est de retour en librairies avec un roman traitant du g\u00e9nocide&hellip;\n","protected":false},"author":2,"featured_media":334231,"comment_status":"","ping_status":"","sticky":false,"template":"","format":"standard","meta":{"footnotes":""},"categories":[1357],"tags":[47147,1379,58,59,73,1011,27,1351,47148,1380,37338,2004],"class_list":{"0":"post-334230","1":"post","2":"type-post","3":"status-publish","4":"format-standard","5":"has-post-thumbnail","7":"category-livres","8":"tag-amerindien","9":"tag-books","10":"tag-divertissement","11":"tag-entertainment","12":"tag-etats-unis","13":"tag-fr","14":"tag-france","15":"tag-litterature","16":"tag-litterature-americaine","17":"tag-livres","18":"tag-rentree-litteraire","19":"tag-roman"},"share_on_mastodon":{"url":"https:\/\/pubeurope.com\/@fr\/115067565177642589","error":""},"_links":{"self":[{"href":"https:\/\/www.europesays.com\/fr\/wp-json\/wp\/v2\/posts\/334230","targetHints":{"allow":["GET"]}}],"collection":[{"href":"https:\/\/www.europesays.com\/fr\/wp-json\/wp\/v2\/posts"}],"about":[{"href":"https:\/\/www.europesays.com\/fr\/wp-json\/wp\/v2\/types\/post"}],"author":[{"embeddable":true,"href":"https:\/\/www.europesays.com\/fr\/wp-json\/wp\/v2\/users\/2"}],"replies":[{"embeddable":true,"href":"https:\/\/www.europesays.com\/fr\/wp-json\/wp\/v2\/comments?post=334230"}],"version-history":[{"count":0,"href":"https:\/\/www.europesays.com\/fr\/wp-json\/wp\/v2\/posts\/334230\/revisions"}],"wp:featuredmedia":[{"embeddable":true,"href":"https:\/\/www.europesays.com\/fr\/wp-json\/wp\/v2\/media\/334231"}],"wp:attachment":[{"href":"https:\/\/www.europesays.com\/fr\/wp-json\/wp\/v2\/media?parent=334230"}],"wp:term":[{"taxonomy":"category","embeddable":true,"href":"https:\/\/www.europesays.com\/fr\/wp-json\/wp\/v2\/categories?post=334230"},{"taxonomy":"post_tag","embeddable":true,"href":"https:\/\/www.europesays.com\/fr\/wp-json\/wp\/v2\/tags?post=334230"}],"curies":[{"name":"wp","href":"https:\/\/api.w.org\/{rel}","templated":true}]}}