{"id":334242,"date":"2025-08-21T15:59:10","date_gmt":"2025-08-21T15:59:10","guid":{"rendered":"https:\/\/www.europesays.com\/fr\/334242\/"},"modified":"2025-08-21T15:59:10","modified_gmt":"2025-08-21T15:59:10","slug":"emmanuel-macron-et-golshifteh-farahani-amants-caches-lactrice-evoque-la-rumeur-dune-liaison-secrete","status":"publish","type":"post","link":"https:\/\/www.europesays.com\/fr\/334242\/","title":{"rendered":"Emmanuel Macron et Golshifteh Farahani amants cach\u00e9s ? L&rsquo;actrice \u00e9voque la rumeur d\u2019une liaison secr\u00e8te"},"content":{"rendered":"<p>Ce mercredi 20 ao\u00fbt 2025, le film Alpha est sorti en<br \/>\nsalles, avec \u00e0 l\u2019affiche <a href=\"https:\/\/www.closermag.fr\/people\/tahar-rahim-metamorphose-par-ses-22-kgs-il-revient-sur-sa-perte-de-poids-spectaculaire-3572184\" target=\"_blank\" rel=\"noopener\"><br \/>\nTahar Rahim<\/a> et Golshifteh Farahani. L\u2019actrice franco-iranienne<br \/>\ns\u2019est alors confi\u00e9e dans les colonnes de Gala, ce 21 ao\u00fbt.<\/p>\n<p>Elle en a profit\u00e9 pour clarifier une rumeur propag\u00e9e sur les<br \/>\nr\u00e9seaux sociaux qui affirme qu\u2019elle serait la maitresse d\u2019<a href=\"https:\/\/www.closermag.fr\/politique\/defendre-mon-honneur-emmanuel-macron-pret-a-tout-pour-brigitte-accusee-detre-nee-homme-3572116\" target=\"_blank\" rel=\"noopener\">Emmanuel<br \/>\nMacron<\/a>.<\/p>\n<p>Golshifteh Farahani\u00a0: Emmanuel Macron sous le charme de<br \/>\nl\u2019actrice\u00a0?<\/p>\n<p>C\u2019est une rumeur qui persiste depuis 2024. En effet, selon les<br \/>\nsp\u00e9culations, l&rsquo;\u00e9poux de <a href=\"https:\/\/www.closermag.fr\/people\/brigitte-macron-une-epouse-une-mere-de-famille-emmanuel-macron-vent-debout-3572359\" target=\"_blank\" rel=\"noopener\"><br \/>\nBrigitte Macron<\/a> serait tomb\u00e9 sous le <strong>charme<\/strong> de<br \/>\nl\u2019actrice <a href=\"https:\/\/www.closermag.fr\/tv_tele_realite\/golshifteh-farahani-lactrice-stupefie-le-plateau-de-la-grande-librairie-avec-des-mots-dechirants-3414465\" target=\"_blank\" rel=\"noopener\"><br \/>\nGolshifteh Farahani<\/a>, et les deux entretiendraient une relation<br \/>\ncach\u00e9e. La com\u00e9dienne de 42 ans a tenu \u00e0 mettre les choses au clair<br \/>\nce jeudi 21 ao\u00fbt, dans une interview accord\u00e9e \u00e0 Gala.<\/p>\n<p>\u00c0 la question des journalistes, \u00ab\u00a0cette rumeur qui vous pr\u00eate<br \/>\n<strong>une liaison avec le pr\u00e9sident de la R\u00e9publique<\/strong>,<br \/>\nelle vous \u00e9nerve ou vous amuse\u00a0?\u00a0\u00bb, <a href=\"https:\/\/www.closermag.fr\/people\/cannes-2024-golshifteh-farahani-fond-en-larmes-aux-cotes-dun-invite-pas-comme-les-autres-sur-le-plateau-de-france-5-3439653\" target=\"_blank\" rel=\"noopener\"><br \/>\nl\u2019actrice<\/a> a r\u00e9pondu avec humour. \u00ab\u00a0La question, c&rsquo;est de<br \/>\nsavoir pourquoi les gens s&rsquo;int\u00e9ressent \u00e0 ce genre d&rsquo;histoire\u00a0\u00bb<br \/>\na-t-elle r\u00e9torqu\u00e9, laissant d\u2019abord planer le doute. Golshifteh<br \/>\nFarahani a finalement clarifi\u00e9 les choses avec franchise et un brin<br \/>\nde sarcasme. \u00ab\u00a0Je pense qu&rsquo;il y a <strong>un manque d&rsquo;amour chez<br \/>\ncertains<\/strong> et qu&rsquo;ils ont besoin de cr\u00e9er de telles romances<br \/>\npour le combler\u00a0\u00bb, a-t-elle d\u00e9clar\u00e9.<\/p>\n<blockquote class=\"twitter-tweet\"><p><a class=\"twitter-link\" rel=\"noindex, nofollow noopener\" href=\"https:\/\/twitter.com\/GALAfr\/status\/1958252160795185269\" target=\"_blank\"><\/p><\/blockquote>\n<p>Golshifteh Farahani en couple\u2026 mais pas<br \/>\navec Emmanuel Macron<\/p>\n<p>Avec sagesse, l\u2019actrice de 42 ans a aussi ajout\u00e9\u00a0: \u00ab\u00a0La<br \/>\nrumeur vient par vagues, elle appara\u00eet, dispara\u00eet\u2026 Je regarde,<br \/>\nj&rsquo;observe\u00a0: qu&rsquo;est-ce que je peux faire\u00a0? <strong>\u00c7a ne<br \/>\nm&rsquo;\u00e9nerve m\u00eame pas<\/strong>\u2026 \u00c0 quoi bon\u00a0?\u00a0\u00bb. La<br \/>\nFranco-iranienne a ensuite confi\u00e9 qu\u2019elle pr\u00e9f\u00e9rait utiliser sa<br \/>\ncol\u00e8re \u00e0 bon escient.\u00a0\u00ab\u00a0J&rsquo;essaie d&rsquo;utiliser ma col\u00e8re pour<br \/>\nme construire, pas pour me d\u00e9truire\u00a0\u00bb. L\u2019ex-compagne de<br \/>\n<a href=\"https:\/\/www.closermag.fr\/people\/on-a-pas-le-droit-lea-seydoux-et-louis-garrel-dans-une-situation-inedite-ils-sortent-les-rames-dans-c-a-vous-3433799\" target=\"_blank\" rel=\"noopener\"><br \/>\nLouis Garrel<\/a> a ensuite annonc\u00e9 avoir entam\u00e9 une relation depuis<br \/>\npeu. \u00ab\u00a0En ce moment<strong>\u00a0je d\u00e9marre une nouvelle<br \/>\nhistoire<\/strong>\u00a0et suis en train de d\u00e9couvrir si je suis<br \/>\namoureuse\u00a0\u00bb.<\/p>\n<p>Golshifteh Farahani, dont le pr\u00e9nom signifie d\u2019ailleurs<br \/>\n\u00ab\u00a0fleur follement amoureuse\u00a0\u00bb, a toutefois assur\u00e9 avoir une<br \/>\nvision bien pr\u00e9cise du couple.\u00a0\u00ab\u00a0Si j&rsquo;en choisis un, c&rsquo;est<br \/>\npour grandir et remplir ma vie, sinon <strong>cela n&rsquo;a pas<br \/>\nd&rsquo;int\u00e9r\u00eat<\/strong>\u00ab\u00a0.<\/p>\n<p><script async src=\"https:\/\/platform.twitter.com\/widgets.js\" charset=\"utf-8\"><\/script><\/p>\n","protected":false},"excerpt":{"rendered":"Ce mercredi 20 ao\u00fbt 2025, le film Alpha est sorti en salles, avec \u00e0 l\u2019affiche Tahar Rahim et&hellip;\n","protected":false},"author":2,"featured_media":334243,"comment_status":"","ping_status":"","sticky":false,"template":"","format":"standard","meta":{"footnotes":""},"categories":[8],"tags":[548,58,1073,59,1011,27,37038],"class_list":{"0":"post-334242","1":"post","2":"type-post","3":"status-publish","4":"format-standard","5":"has-post-thumbnail","7":"category-divertissement","8":"tag-article-simple","9":"tag-divertissement","10":"tag-emmanuel-macron","11":"tag-entertainment","12":"tag-fr","13":"tag-france","14":"tag-golshifteh-farahani"},"share_on_mastodon":{"url":"https:\/\/pubeurope.com\/@fr\/115067588904285366","error":""},"_links":{"self":[{"href":"https:\/\/www.europesays.com\/fr\/wp-json\/wp\/v2\/posts\/334242","targetHints":{"allow":["GET"]}}],"collection":[{"href":"https:\/\/www.europesays.com\/fr\/wp-json\/wp\/v2\/posts"}],"about":[{"href":"https:\/\/www.europesays.com\/fr\/wp-json\/wp\/v2\/types\/post"}],"author":[{"embeddable":true,"href":"https:\/\/www.europesays.com\/fr\/wp-json\/wp\/v2\/users\/2"}],"replies":[{"embeddable":true,"href":"https:\/\/www.europesays.com\/fr\/wp-json\/wp\/v2\/comments?post=334242"}],"version-history":[{"count":0,"href":"https:\/\/www.europesays.com\/fr\/wp-json\/wp\/v2\/posts\/334242\/revisions"}],"wp:featuredmedia":[{"embeddable":true,"href":"https:\/\/www.europesays.com\/fr\/wp-json\/wp\/v2\/media\/334243"}],"wp:attachment":[{"href":"https:\/\/www.europesays.com\/fr\/wp-json\/wp\/v2\/media?parent=334242"}],"wp:term":[{"taxonomy":"category","embeddable":true,"href":"https:\/\/www.europesays.com\/fr\/wp-json\/wp\/v2\/categories?post=334242"},{"taxonomy":"post_tag","embeddable":true,"href":"https:\/\/www.europesays.com\/fr\/wp-json\/wp\/v2\/tags?post=334242"}],"curies":[{"name":"wp","href":"https:\/\/api.w.org\/{rel}","templated":true}]}}