{"id":334250,"date":"2025-08-21T16:03:10","date_gmt":"2025-08-21T16:03:10","guid":{"rendered":"https:\/\/www.europesays.com\/fr\/334250\/"},"modified":"2025-08-21T16:03:10","modified_gmt":"2025-08-21T16:03:10","slug":"gabriel-attal-envisage-de-proposer-la-legalisation-de-la-gpa","status":"publish","type":"post","link":"https:\/\/www.europesays.com\/fr\/334250\/","title":{"rendered":"Gabriel Attal envisage de proposer la l\u00e9galisation de la GPA"},"content":{"rendered":"<p>L\u2019ancien premier ministre, qui pr\u00e9pare un projet pour l\u2019\u00e9lection pr\u00e9sidentielle de 2027, fait plancher son parti sur une gestation pour autrui encadr\u00e9e et non-lucrative. Une proposition en rupture avec les r\u00e8gles bio\u00e9thiques qui l\u2019interdisent en France.<\/p>\n<p class=\"fig-paragraph\">Gabriel Attal est pr\u00eat \u00e0 franchir une\u00a0<a href=\"http:\/\/www.lefigaro.fr\/actualite-france\/gpa-emmanuel-macron-reaffirme-sa-ligne-rouge-20211210\" data-fig-type=\"NewsFlash\" data-gtm-custom-categorie=\"navigation\" data-gtm-custom-action=\"crossclick\" data-gtm-custom-label=\"Contextuel\" data-gtm-event=\"customEventSPE\" data-fig-domain=\"LEFIGARO\" rel=\"nofollow noopener\" target=\"_blank\">\u00abligne rouge\u00bb fix\u00e9e par Emmanuel Macron<\/a>. D\u2019ici \u00e0 la fin de l\u2019ann\u00e9e, le num\u00e9ro un des d\u00e9put\u00e9s et du parti Renaissance attend des propositions de sa formation sur une potentielle l\u00e9galisation de la gestation pour autrui (GPA). Il n\u2019exclut pas d\u2019int\u00e9grer \u00e0 son projet pr\u00e9sidentiel, en vue du scrutin de 2027, ce changement bio\u00e9thique d\u00e9fendu principalement \u00e0 gauche. \u00abNous \u00e9voquerons la l\u00e9galisation de la \u201cGPA \u00e9thique\u201d lors d\u2019une \u201cconvention th\u00e9matique\u201d\u00bb, a indiqu\u00e9 son entourage jeudi, lors d\u2019un \u00e9change avec la presse.<\/p>\n<p class=\"fig-paragraph\">En la d\u00e9clarant \u00ab\u00e9thique\u00bb, l\u2019ancien premier ministre insiste pour l\u2019encadrer\u00a0: il plaide pour que les choix soient \u00e9clair\u00e9s et ne souhaite pas tomber dans un syst\u00e8me lucratif, ce qui n\u2019ouvrirait la voie qu\u2019\u00e0 des r\u00e9mun\u00e9rations faibles. Il observe que des couples homosexuels y ont recours \u00e0 l\u2019\u00e9tranger, mais aussi des couples h\u00e9t\u00e9rosexuels, pour des raisons de sant\u00e9 ou d\u2019infertilit\u00e9. \u00abLa \u201cGPA \u00e9thique\u201d est au c\u0153ur d\u2019un enjeu de soci\u00e9t\u00e9 tr\u00e8s\u2026<\/p>\n<p class=\"fig-premium-paywall__infos\">\n        Cet article est r\u00e9serv\u00e9 aux abonn\u00e9s.        Il vous reste 67% \u00e0 d\u00e9couvrir.\n    <\/p>\n<p>                <img  data- alt=\"Le Figaro\" class=\"fig-img--complete fig-img\"\/><\/p>\n<p class=\"fig-premium-paywall__title\">Vente Flash<\/p>\n<p class=\"fig-premium-paywall__subtitle\">4,99\u20ac par mois pendant 12 mois. Sans engagement<\/p>\n<p class=\"fig-premium-paywall__connect\">\n                D\u00e9j\u00e0 abonn\u00e9\u00a0?                <a class=\"fig-premium-paywall__connect-link\" href=\"https:\/\/connect.lefigaro.fr\/login?client=horizon_web&amp;type=main&amp;redirect_uri=https%3A%2F%2Fwww.lefigaro.fr%2Fpolitique%2Fgabriel-attal-envisage-de-proposer-la-legalisation-de-la-gpa-20250821\" data-js-gtm=\"{&quot;customCategorie&quot;: &quot;conversion&quot;, &quot;customAction&quot;: &quot;before_Landing_Connexion_paywall_auto&quot;, &quot;customLabel&quot;: &quot;bGVmaWdhcm8uZnJfXzFmMDdlN2I5LTJiNDMtNjE4Mi04MDFhLTNiNWIxNTc5NGZjMV9fQXJ0aWNsZQ==_Gabriel Attal envisage de proposer la l\u00e9galisation de la GPA_444&quot;, &quot;customIDSPE&quot;: &quot;bGVmaWdhcm8uZnJfXzFmMDdlN2I5LTJiNDMtNjE4Mi04MDFhLTNiNWIxNTc5NGZjMV9fQXJ0aWNsZQ==&quot;, &quot;event&quot;: &quot;customEventSPE&quot;}\" rel=\"nofollow noopener\" target=\"_blank\"><br \/>\n                    Connectez-vous<br \/>\n                <\/a>\n            <\/p>\n","protected":false},"excerpt":{"rendered":"L\u2019ancien premier ministre, qui pr\u00e9pare un projet pour l\u2019\u00e9lection pr\u00e9sidentielle de 2027, fait plancher son parti sur une&hellip;\n","protected":false},"author":2,"featured_media":334251,"comment_status":"","ping_status":"","sticky":false,"template":"","format":"standard","meta":{"footnotes":""},"categories":[4],"tags":[11,1011,27,4410,18868,12,25],"class_list":{"0":"post-334250","1":"post","2":"type-post","3":"status-publish","4":"format-standard","5":"has-post-thumbnail","7":"category-france","8":"tag-actualites","9":"tag-fr","10":"tag-france","11":"tag-gabriel-attal","12":"tag-gpa","13":"tag-news","14":"tag-republique-francaise"},"share_on_mastodon":{"url":"https:\/\/pubeurope.com\/@fr\/115067604457027215","error":""},"_links":{"self":[{"href":"https:\/\/www.europesays.com\/fr\/wp-json\/wp\/v2\/posts\/334250","targetHints":{"allow":["GET"]}}],"collection":[{"href":"https:\/\/www.europesays.com\/fr\/wp-json\/wp\/v2\/posts"}],"about":[{"href":"https:\/\/www.europesays.com\/fr\/wp-json\/wp\/v2\/types\/post"}],"author":[{"embeddable":true,"href":"https:\/\/www.europesays.com\/fr\/wp-json\/wp\/v2\/users\/2"}],"replies":[{"embeddable":true,"href":"https:\/\/www.europesays.com\/fr\/wp-json\/wp\/v2\/comments?post=334250"}],"version-history":[{"count":0,"href":"https:\/\/www.europesays.com\/fr\/wp-json\/wp\/v2\/posts\/334250\/revisions"}],"wp:featuredmedia":[{"embeddable":true,"href":"https:\/\/www.europesays.com\/fr\/wp-json\/wp\/v2\/media\/334251"}],"wp:attachment":[{"href":"https:\/\/www.europesays.com\/fr\/wp-json\/wp\/v2\/media?parent=334250"}],"wp:term":[{"taxonomy":"category","embeddable":true,"href":"https:\/\/www.europesays.com\/fr\/wp-json\/wp\/v2\/categories?post=334250"},{"taxonomy":"post_tag","embeddable":true,"href":"https:\/\/www.europesays.com\/fr\/wp-json\/wp\/v2\/tags?post=334250"}],"curies":[{"name":"wp","href":"https:\/\/api.w.org\/{rel}","templated":true}]}}