{"id":334254,"date":"2025-08-21T16:05:11","date_gmt":"2025-08-21T16:05:11","guid":{"rendered":"https:\/\/www.europesays.com\/fr\/334254\/"},"modified":"2025-08-21T16:05:11","modified_gmt":"2025-08-21T16:05:11","slug":"une-nouvelle-saison-a-succes-pour-les-before-de-couriot","status":"publish","type":"post","link":"https:\/\/www.europesays.com\/fr\/334254\/","title":{"rendered":"une nouvelle saison \u00e0 succ\u00e8s pour les Before de Couriot"},"content":{"rendered":"<p>\u00ab\u00a0C\u2019est un cadre tr\u00e8s sympa, \u00e7a change du centre-ville\u00a0\u00bb, se r\u00e9jouit Sophie, attabl\u00e9e avec trois amis dans la trentaine. Le petit groupe savoure une bi\u00e8re fra\u00eeche au pied du chevalement du puits Couriot. Comme eux, des centaines de St\u00e9phanois profitent chaque semaine des Before de Couriot, la guinguette estivale install\u00e9e dans le parc Joseph-Sanguedolce.<\/p>\n<p>\u00ab Une vraie sc\u00e8ne et une programmation r\u00e9guli\u00e8re\u00a0\u00bb<\/p>\n<p>Depuis la mi-juin, un cabanon en bois, avec bar et snack, anime les soir\u00e9es de la ville. \u00ab\u00a0Il y a des concerts tous les jours d\u2019ouverture, du mercredi au samedi. Le dimanche, on privil\u00e9gie plut\u00f4t des animations\u00a0\u00bb, explique Jean Robin, associ\u00e9 avec Anthony Navarra au sein de Cinq Compotes.<\/p>\n<p>La soci\u00e9t\u00e9,&#8230;<\/p>\n","protected":false},"excerpt":{"rendered":"\u00ab\u00a0C\u2019est un cadre tr\u00e8s sympa, \u00e7a change du centre-ville\u00a0\u00bb, se r\u00e9jouit Sophie, attabl\u00e9e avec trois amis dans la&hellip;\n","protected":false},"author":2,"featured_media":334255,"comment_status":"","ping_status":"","sticky":false,"template":"","format":"standard","meta":{"footnotes":""},"categories":[9653],"tags":[1111,11,2430,1687,7539,1777,674,1011,27,873,12,4043,25,4001,7538,953],"class_list":{"0":"post-334254","1":"post","2":"type-post","3":"status-publish","4":"format-standard","5":"has-post-thumbnail","7":"category-saint-etienne","8":"tag-actu","9":"tag-actualites","10":"tag-auvergne-rhone-alpes","11":"tag-culture-loisirs","12":"tag-edition-loire-sud","13":"tag-eu","14":"tag-europe","15":"tag-fr","16":"tag-france","17":"tag-musique","18":"tag-news","19":"tag-repas-et-the-dansant","20":"tag-republique-francaise","21":"tag-saint-etienne","22":"tag-saint-etienne-ville","23":"tag-soiree"},"share_on_mastodon":{"url":"https:\/\/pubeurope.com\/@fr\/115067612283115564","error":""},"_links":{"self":[{"href":"https:\/\/www.europesays.com\/fr\/wp-json\/wp\/v2\/posts\/334254","targetHints":{"allow":["GET"]}}],"collection":[{"href":"https:\/\/www.europesays.com\/fr\/wp-json\/wp\/v2\/posts"}],"about":[{"href":"https:\/\/www.europesays.com\/fr\/wp-json\/wp\/v2\/types\/post"}],"author":[{"embeddable":true,"href":"https:\/\/www.europesays.com\/fr\/wp-json\/wp\/v2\/users\/2"}],"replies":[{"embeddable":true,"href":"https:\/\/www.europesays.com\/fr\/wp-json\/wp\/v2\/comments?post=334254"}],"version-history":[{"count":0,"href":"https:\/\/www.europesays.com\/fr\/wp-json\/wp\/v2\/posts\/334254\/revisions"}],"wp:featuredmedia":[{"embeddable":true,"href":"https:\/\/www.europesays.com\/fr\/wp-json\/wp\/v2\/media\/334255"}],"wp:attachment":[{"href":"https:\/\/www.europesays.com\/fr\/wp-json\/wp\/v2\/media?parent=334254"}],"wp:term":[{"taxonomy":"category","embeddable":true,"href":"https:\/\/www.europesays.com\/fr\/wp-json\/wp\/v2\/categories?post=334254"},{"taxonomy":"post_tag","embeddable":true,"href":"https:\/\/www.europesays.com\/fr\/wp-json\/wp\/v2\/tags?post=334254"}],"curies":[{"name":"wp","href":"https:\/\/api.w.org\/{rel}","templated":true}]}}