{"id":334258,"date":"2025-08-21T16:07:11","date_gmt":"2025-08-21T16:07:11","guid":{"rendered":"https:\/\/www.europesays.com\/fr\/334258\/"},"modified":"2025-08-21T16:07:11","modified_gmt":"2025-08-21T16:07:11","slug":"ce-resto-a-nancy-veut-devenir-le-meilleur-rapport-qualite-prix","status":"publish","type":"post","link":"https:\/\/www.europesays.com\/fr\/334258\/","title":{"rendered":"ce resto \u00e0 Nancy veut devenir le meilleur rapport qualit\u00e9-prix"},"content":{"rendered":"<p>            Par<br \/>\n        <strong><br \/>\n            <a href=\"https:\/\/actu.fr\/auteur\/emil-vautrin\" title=\"Consulter tous les articles de Emil Vautrin\" rel=\"nofollow noopener\" target=\"_blank\">Emil Vautrin<\/a><br \/>\n        <\/strong><\/p>\n<p>        Publi\u00e9 le<\/p>\n<p>            21 ao\u00fbt 2025 \u00e0 17h57        <\/p>\n<p>Le restaurant Butter (beurre en anglais) est <strong>ouvert depuis le 11 ao\u00fbt<\/strong> \u00e0 la place de l\u2019ancien restaurant \u00ab\u00a0Le T\u00e9m\u00a0\u00bb au 17 Grande Rue, juste en face de <a href=\"https:\/\/actu.fr\/grand-est\/nancy_54395\/nancy-pourquoi-la-date-de-1477-est-inscrite-dans-cette-rue-de-la-vieille-ville_62283381.html\" rel=\"nofollow noopener\" target=\"_blank\">l\u2019imposante inscription \u00ab\u00a01477\u00a0\u00bb<\/a>, \u00e0 <a href=\"https:\/\/actu.fr\/grand-est\/nancy_54395\" rel=\"nofollow noopener\" target=\"_blank\">Nancy<\/a>.<\/p>\n<p class=\" wall-content\">Cuisine <strong>gastronomique pour des prix abordables<\/strong>, c\u2019est ce que souhaite mettre en place Marius Bonnet, le g\u00e9rant, avec son projet. En voici une pr\u00e9sentation.<\/p>\n<p>\u00ab\u00a0Du gastro pour tout le monde\u00a0\u00bb<\/p>\n<p class=\" wall-content\">Pour le fondateur de Butter, qui g\u00e8re aussi la Taverne de l\u2019Irlandais, le but principal du lieu est de proposer \u00ab\u00a0une cuisine <strong>gastronomique mais abordable<\/strong>\u00ab\u00a0. Il va m\u00eame plus loin, et ajoute : \u00ab\u00a0On veut faire <strong>du Ducasse autour des 15 \u20ac<\/strong>.\u00a0\u00bb<\/p>\n<p>    <img   decoding=\"async\" loading=\"lazy\" src=\"https:\/\/www.europesays.com\/fr\/wp-content\/uploads\/2025\/08\/interieur-butter-960x640.jpg\" alt=\"Le midi, trois formules seront propos\u00e9es, allant de 15 \u00e0 19 euros.\" width=\"960\" height=\"640\"\/><br \/>\n    Le midi, trois formules seront propos\u00e9es, allant de 15 \u00e0 19 euros. (\u00a9Emil Vautrin\/Lorraine Actu)<\/p>\n<p class=\" wall-content\">En effet, le midi Butter propose une formule \u00e0 <strong>15 \u20ac compos\u00e9e d\u2019une entr\u00e9e du jour, un plat du jour, un verre de vin ou 1\/4 de sirop \u00e0 l\u2019eau et un caf\u00e9<\/strong>. Deux autres formules sont propos\u00e9es,<strong> la plus ch\u00e8re \u00e0 19 \u20ac<\/strong> .<\/p>\n<p>Un vrai p\u00e2tissier en cuisine<\/p>\n<p class=\" wall-content\">Pour Marius Bonnet, l\u2019un des autres atouts principaux du restaurant, est le fait d\u2019avoir recrut\u00e9 un <strong>p\u00e2tissier \u00e0 temps plein<\/strong>.<\/p>\n<p>Votre r\u00e9gion, votre actu !<\/p>\n<p>Recevez chaque jour les infos qui comptent pour vous.<\/p>\n<p>\t<a href=\"https:\/\/actu.fr\/newsletter\" class=\"ac-btn ac-btn--corner ac-btn--medium ac-btn--blue800\" rel=\"nofollow noopener\" target=\"_blank\">S&rsquo;incrire<\/a><\/p>\n<blockquote class=\"tiktok-embed\" cite=\"https:\/\/www.tiktok.com\/@lorraine.actu\/video\/7541065590346140950\" data-video-id=\"7541065590346140950\" data-embed-from=\"oembed\" style=\"max-width:605px; min-width:325px;\"><p>\n<a target=\"_blank\" title=\"@lorraine.actu\" href=\"https:\/\/www.tiktok.com\/@lorraine.actu?refer=embed\" rel=\"nofollow noopener\">@lorraine.actu<\/a> <\/p>\n<p>Le restaurant Butter (beurre en anglais) a ouvert ses portes le 11 ao\u00fbt, \u00e0 la place de l\u2019ancien restaurant Le T\u00e9m, au 17 Grande Rue, face \u00e0 l\u2019imposante inscription \u00ab 1477 \u00bb, \u00e0 Nancy. Son g\u00e9rant, Marius Bonnet, \u00e9galement \u00e0 la t\u00eate de la Taverne de l\u2019Irlandais, souhaite y d\u00e9velopper une offre de cuisine gastronomique \u00e0 prix accessibles. \u00ab Une cuisine gastronomique mais abordable \u00bb, r\u00e9sume-t-il, avant d\u2019ajouter : \u00ab On veut faire du Ducasse autour des 15 \u20ac. \u00bb Le midi, Butter propose ainsi une formule \u00e0 15 \u20ac comprenant une entr\u00e9e du jour, un plat du jour, un verre de vin ou un quart de sirop \u00e0 l\u2019eau, et un caf\u00e9. Deux autres formules sont \u00e9galement propos\u00e9es, la plus ch\u00e8re \u00e0 19 \u20ac. Autre particularit\u00e9 du lieu : l\u2019embauche d\u2019un p\u00e2tissier \u00e0 temps plein. \u00ab \u00c7a nous permet de proposer un buffet complet de desserts, que les gens adorent \u00bb, explique Marius Bonnet, pr\u00e9cisant que la majorit\u00e9 des clients choisissent la formule avec buffet, quitte \u00e0 payer un peu plus cher. <a title=\"restaurant\" target=\"_blank\" href=\"https:\/\/www.tiktok.com\/tag\/restaurant?refer=embed\" rel=\"nofollow noopener\">#restaurant<\/a> <a title=\"nancy\" target=\"_blank\" href=\"https:\/\/www.tiktok.com\/tag\/nancy?refer=embed\" rel=\"nofollow noopener\">#nancy<\/a> <a title=\"food\" target=\"_blank\" href=\"https:\/\/www.tiktok.com\/tag\/food?refer=embed\" rel=\"nofollow noopener\">#food<\/a> <a title=\"bonplan\" target=\"_blank\" href=\"https:\/\/www.tiktok.com\/tag\/bonplan?refer=embed\" rel=\"nofollow noopener\">#bonplan<\/a> <a title=\"pascher\" target=\"_blank\" href=\"https:\/\/www.tiktok.com\/tag\/pascher?refer=embed\" rel=\"nofollow noopener\">#pascher<\/a> <\/p>\n<p> <a target=\"_blank\" title=\"\u266c Aesthetic - Tollan Kim\" href=\"https:\/\/www.tiktok.com\/music\/Aesthetic-7072513628145977346?refer=embed\" rel=\"nofollow noopener\">\u266c Aesthetic \u2013 Tollan Kim<\/a> <\/p>\n<\/blockquote>\n<p class=\" wall-content\">\u00ab\u00a0\u00c7a nous permet de proposer un <strong>buffet complet de desserts<\/strong>, que les gens adorent\u00a0\u00bb, ajoute-t-il. Il explique m\u00eame que la majorit\u00e9 des gens choisissent la formule avec buffet, quitte \u00e0 payer plus cher.<\/p>\n<p class=\" wall-content\">Personnalisez votre actualit\u00e9 en ajoutant vos villes et m\u00e9dias en favori avec <a href=\"https:\/\/moncompte.actu.fr\" title=\"D\u00e9couvez Mon Actu\" rel=\"nofollow noopener\" data-trk=\"{&quot;cta&quot;:{&quot;action&quot;:&quot;https:\\\/\\\/moncompte.actu.fr&quot;,&quot;category&quot;:&quot;mon compte&quot;,&quot;from&quot;:&quot;article footer&quot;,&quot;name&quot;:&quot;Mon actu&quot;,&quot;type&quot;:&quot;cta&quot;}}\" target=\"_blank\">Mon Actu<\/a>.<\/p>\n<p>                    <script async src=\"\/\/www.tiktok.com\/embed.js\"><\/script><\/p>\n","protected":false},"excerpt":{"rendered":"Par Emil Vautrin Publi\u00e9 le 21 ao\u00fbt 2025 \u00e0 17h57 Le restaurant Butter (beurre en anglais) est ouvert&hellip;\n","protected":false},"author":2,"featured_media":334259,"comment_status":"","ping_status":"","sticky":false,"template":"","format":"standard","meta":{"footnotes":""},"categories":[9635],"tags":[1111,11,11226,1777,674,1011,27,775,1702,12,25,1340,104],"class_list":{"0":"post-334258","1":"post","2":"type-post","3":"status-publish","4":"format-standard","5":"has-post-thumbnail","7":"category-nancy","8":"tag-actu","9":"tag-actualites","10":"tag-bons-plans-a-nancy","11":"tag-eu","12":"tag-europe","13":"tag-fr","14":"tag-france","15":"tag-grand-est","16":"tag-nancy","17":"tag-news","18":"tag-republique-francaise","19":"tag-restaurant","20":"tag-societe"},"share_on_mastodon":{"url":"https:\/\/pubeurope.com\/@fr\/115067620156140311","error":""},"_links":{"self":[{"href":"https:\/\/www.europesays.com\/fr\/wp-json\/wp\/v2\/posts\/334258","targetHints":{"allow":["GET"]}}],"collection":[{"href":"https:\/\/www.europesays.com\/fr\/wp-json\/wp\/v2\/posts"}],"about":[{"href":"https:\/\/www.europesays.com\/fr\/wp-json\/wp\/v2\/types\/post"}],"author":[{"embeddable":true,"href":"https:\/\/www.europesays.com\/fr\/wp-json\/wp\/v2\/users\/2"}],"replies":[{"embeddable":true,"href":"https:\/\/www.europesays.com\/fr\/wp-json\/wp\/v2\/comments?post=334258"}],"version-history":[{"count":0,"href":"https:\/\/www.europesays.com\/fr\/wp-json\/wp\/v2\/posts\/334258\/revisions"}],"wp:featuredmedia":[{"embeddable":true,"href":"https:\/\/www.europesays.com\/fr\/wp-json\/wp\/v2\/media\/334259"}],"wp:attachment":[{"href":"https:\/\/www.europesays.com\/fr\/wp-json\/wp\/v2\/media?parent=334258"}],"wp:term":[{"taxonomy":"category","embeddable":true,"href":"https:\/\/www.europesays.com\/fr\/wp-json\/wp\/v2\/categories?post=334258"},{"taxonomy":"post_tag","embeddable":true,"href":"https:\/\/www.europesays.com\/fr\/wp-json\/wp\/v2\/tags?post=334258"}],"curies":[{"name":"wp","href":"https:\/\/api.w.org\/{rel}","templated":true}]}}