{"id":334260,"date":"2025-08-21T16:08:14","date_gmt":"2025-08-21T16:08:14","guid":{"rendered":"https:\/\/www.europesays.com\/fr\/334260\/"},"modified":"2025-08-21T16:08:14","modified_gmt":"2025-08-21T16:08:14","slug":"nancy-violente-agression-apres-le-son-et-lumiere-place-stanislas-appel-a-temoins","status":"publish","type":"post","link":"https:\/\/www.europesays.com\/fr\/334260\/","title":{"rendered":"Nancy. Violente agression apr\u00e8s le son et lumi\u00e8re place Stanislas\u00a0: appel \u00e0 t\u00e9moins"},"content":{"rendered":"<p>Une violente agression a eu lieu le jeudi 14\u00a0ao\u00fbt, vers 22\u00a0h\u00a030, \u00e0 Nancy, en marge du son et lumi\u00e8re de la place Stanislas. L\u2019agression s\u2019est d\u00e9roul\u00e9e au niveau de la rue du Pr\u00e9fet Claude-Erignac, \u00e0 proximit\u00e9 de la mairie. La victime, un homme, quittait la place au moment des faits. Il souffre notamment d\u2019une fracture au visage.<\/p>\n<p>Les enqu\u00eateurs de l\u2019h\u00f4tel de police de Nancy recherchent toute personne ayant des informations sur cette agression, et notamment les t\u00e9moins qui sont intervenus sur les lieux.<\/p>\n<p>Pri\u00e8re de <strong>contacter le commissariat au 03\u00a083\u00a017\u00a027\u00a053<\/strong><\/p>\n","protected":false},"excerpt":{"rendered":"Une violente agression a eu lieu le jeudi 14\u00a0ao\u00fbt, vers 22\u00a0h\u00a030, \u00e0 Nancy, en marge du son et&hellip;\n","protected":false},"author":2,"featured_media":334261,"comment_status":"","ping_status":"","sticky":false,"template":"","format":"standard","meta":{"footnotes":""},"categories":[9635],"tags":[1111,11,271,272,1704,1777,674,274,1011,27,775,3457,1702,1703,12,25],"class_list":{"0":"post-334260","1":"post","2":"type-post","3":"status-publish","4":"format-standard","5":"has-post-thumbnail","7":"category-nancy","8":"tag-actu","9":"tag-actualites","10":"tag-crime","11":"tag-delit-et-contravention","12":"tag-edition-nancy-et-agglomeration","13":"tag-eu","14":"tag-europe","15":"tag-faits-divers-justice","16":"tag-fr","17":"tag-france","18":"tag-grand-est","19":"tag-meurthe-et-moselle","20":"tag-nancy","21":"tag-nancy-ville-54b","22":"tag-news","23":"tag-republique-francaise"},"share_on_mastodon":{"url":"https:\/\/pubeurope.com\/@fr\/115067624056974764","error":""},"_links":{"self":[{"href":"https:\/\/www.europesays.com\/fr\/wp-json\/wp\/v2\/posts\/334260","targetHints":{"allow":["GET"]}}],"collection":[{"href":"https:\/\/www.europesays.com\/fr\/wp-json\/wp\/v2\/posts"}],"about":[{"href":"https:\/\/www.europesays.com\/fr\/wp-json\/wp\/v2\/types\/post"}],"author":[{"embeddable":true,"href":"https:\/\/www.europesays.com\/fr\/wp-json\/wp\/v2\/users\/2"}],"replies":[{"embeddable":true,"href":"https:\/\/www.europesays.com\/fr\/wp-json\/wp\/v2\/comments?post=334260"}],"version-history":[{"count":0,"href":"https:\/\/www.europesays.com\/fr\/wp-json\/wp\/v2\/posts\/334260\/revisions"}],"wp:featuredmedia":[{"embeddable":true,"href":"https:\/\/www.europesays.com\/fr\/wp-json\/wp\/v2\/media\/334261"}],"wp:attachment":[{"href":"https:\/\/www.europesays.com\/fr\/wp-json\/wp\/v2\/media?parent=334260"}],"wp:term":[{"taxonomy":"category","embeddable":true,"href":"https:\/\/www.europesays.com\/fr\/wp-json\/wp\/v2\/categories?post=334260"},{"taxonomy":"post_tag","embeddable":true,"href":"https:\/\/www.europesays.com\/fr\/wp-json\/wp\/v2\/tags?post=334260"}],"curies":[{"name":"wp","href":"https:\/\/api.w.org\/{rel}","templated":true}]}}