{"id":334266,"date":"2025-08-21T16:11:11","date_gmt":"2025-08-21T16:11:11","guid":{"rendered":"https:\/\/www.europesays.com\/fr\/334266\/"},"modified":"2025-08-21T16:11:11","modified_gmt":"2025-08-21T16:11:11","slug":"pour-les-etudiants-qui-restent-a-montpellier-lete-des-distributions-alimentaires-vitales","status":"publish","type":"post","link":"https:\/\/www.europesays.com\/fr\/334266\/","title":{"rendered":"Pour les \u00e9tudiants qui restent \u00e0 Montpellier l\u2019\u00e9t\u00e9, des distributions alimentaires vitales"},"content":{"rendered":"<p>\n                                                                Les distributions alimentaires assur\u00e9es chaque mercredi par Linkee, \u00e0 la Halle Tropisme, sont pl\u00e9biscit\u00e9es par les \u00e9tudiants en \u00e9t\u00e9, une saison o\u00f9 les dispositifs d\u2019aide se r\u00e9duisent.\n                            <\/p>\n<p>Alors que le soleil d\u00e9cline, la file d\u2019attente s\u2019allonge sur le parking de la Halle Tropisme. Parmi ces \u00e9tudiants, beaucoup sont venus seuls, et une majorit\u00e9 sont des femmes. Ils \u00e9taient environ 300 \u00e0 s\u2019\u00eatre inscrits sur internet pour cette distribution organis\u00e9e chaque mercredi, de 18\u00a0h\u00a030 \u00e0 20\u00a0h, par Linkee. C\u2019est la seule distribution maintenue en \u00e9t\u00e9 par l\u2019association.<\/p>\n<p>\u00ab\u00a0C\u2019est important car de nombreux dispositifs d\u2019aide sont en pause en juillet-ao\u00fbt, explique Martin Tenkodogo, charg\u00e9 de la communaut\u00e9 b\u00e9n\u00e9vole \u00e0 Montpellier. Durant la p\u00e9riode acad\u00e9mique, nous distribuons entre 500 et 800 paniers hebdomadaires\u00a0\u00bb.<\/p>\n<p>\u00ab\u00a0Nous organisons des distributions alimentaires toute l\u2019ann\u00e9e \u00e0 la Halle Tropisme, chaque mercredi. Et d\u00e8s septembre, nous \u00e9largissons les distributions aux lundis. Elles se d\u00e9rouleront en alternance dans les maisons d\u2019\u00e9tudiants de Richter et Triolet.\u00a0\u00bb<\/p>\n<p>\u00ab\u00a0En moyenne, 26 b\u00e9n\u00e9voles sont pr\u00e9sents \u00e0 chaque fois, mais il nous arrive souvent d\u2019\u00eatre une trentaine. Quant aux b\u00e9n\u00e9ficiaires, les profils vont des \u00e9tudiants de premi\u00e8re ann\u00e9e jusqu\u2019au niveau doctorat.\u00a0\u00bb<\/p>\n<p>Beaucoup de b\u00e9n\u00e9ficiaires deviennent b\u00e9n\u00e9voles<\/p>\n<p>\u00ab\u00a0Notre association recueille les invendus aupr\u00e8s de partenaires locaux, commer\u00e7ants et acteurs de la restauration, afin de lutter contre le gaspillage alimentaire. Les paniers incluent g\u00e9n\u00e9ralement des fruits (melons, bananes, poires\u2026), des l\u00e9gumes (poireaux, choux, radis\u2026), souvent bios, issus de circuits courts. Nous ajoutons \u00e9galement des produits secs et, selon la disponibilit\u00e9, des produits d\u2019hygi\u00e8ne.\u00a0\u00bb<\/p>\n<p>\u00ab\u00a0Nous voulons que ce soient les \u00e9tudiants qui aident d\u2019autres \u00e9tudiants. Ainsi, beaucoup d\u2019entre eux, apr\u00e8s avoir \u00e9t\u00e9 b\u00e9n\u00e9ficiaires, choisissent de s\u2019engager b\u00e9n\u00e9volement.\u00a0\u00bb<\/p>\n<p>C\u2019est le cas d\u2019Adam, \u00e9tudiant en Master 2, qui s\u2019active derri\u00e8re les cagettes. \u00ab\u00a0Sans b\u00e9n\u00e9voles, l\u2019association ne pourrait pas fonctionner. Et on sait qu\u2019on peut se retrouver dans toutes sortes de situations dans la vie.\u00a0\u00bb<\/p>\n<p>\u00a0<\/p>\n<p>    \u00ab\u00a0Je ne pourrais pas tenir sans \u00e7a\u00a0\u00bb<\/p>\n<p>\u00ab\u00a0Je viens parce que ce n\u2019est pas facile financi\u00e8rement, surtout en fin de mois, explique Flora*, 21 ans, originaire du Nord de la France. Pourtant, je vis en colocation, ce qui permet de limiter les frais. Mais je fais attention pour les courses parce que \u00e7a co\u00fbte tr\u00e8s cher. C\u2019est la troisi\u00e8me fois que je viens et le panier me permet de tenir une semaine \u00e0 chaque fois. Je cong\u00e8le des aliments, ce qui prolonge encore la dur\u00e9e. En plus, ce sont des produits invendus donc \u00e7a \u00e9vite le gaspillage. Il y a m\u00eame des produits bios. C\u2019est vraiment bien. \u00c7a a plus de sens que les acheter dans des supermarch\u00e9s\u00a0\u00bb.<\/p>\n<p>\u00ab\u00a0Je ne pourrais pas tenir le coup sans ces distributions, avoue \u00c8ve*, 20 ans, qui vient d\u2019Auvergne. Je suis boursi\u00e8re mais je n\u2019ai pas pu avoir de logement Crous. Du coup, le loyer me prend presque tout mon budget. Je travaille \u00e0 c\u00f4t\u00e9 pour joindre les deux bouts, et j\u2019essaie de ne pas d\u00e9passer les 80\u00a0\u20ac par mois pour l\u2019alimentation. Ce n\u2019est pas facile, \u00e7a m\u2019est arriv\u00e9 de sauter des repas.\u00a0\u00bb<\/p>\n<p>*Les pr\u00e9noms ont \u00e9t\u00e9 chang\u00e9s.<\/p>\n<p>Un site mieux desservi en d\u00e9cembre<\/p>\n<p>Les b\u00e9n\u00e9voles constatent une pr\u00e9carisation des \u00e9tudiants, surtout depuis la crise sanitaire. L\u2019inflation galopante n\u2019aide pas non plus.<\/p>\n<p>Selon une \u00e9tude men\u00e9e cette ann\u00e9e par Linkee \u00e0 Montpellier, 76\u00a0% des \u00e9tudiants qui viennent aux distributions ont un reste \u00e0 vivre inf\u00e9rieur \u00e0 100\u00a0euros par mois, une fois d\u00e9duits loyer et charges. Et 51\u00a0% ont m\u00eame moins de 50\u00a0euros<\/p>\n<p>\u00c0 la sortie de la distribution, le sac des b\u00e9n\u00e9ficiaires \u00e9tait lest\u00e9 de sept \u00e0 huit kilos de denr\u00e9es alimentaires. Ils entamaient le long trajet vers leur logement, d\u2019abord \u00e0 pied puis en transport en commun pour les plus \u00e9loign\u00e9s. \u00ab\u00a0Mais l\u2019ouverture de la ligne 5 de tramway, en d\u00e9cembre, am\u00e9liorera grandement l\u2019accessibilit\u00e9 du site qui est un peu excentr\u00e9\u00a0\u00bb, conclut Martin.<\/p>\n<p>Inscriptions\u00a0: https:\/\/app-beneficiaire.linkee.co\/<\/p>\n","protected":false},"excerpt":{"rendered":"Les distributions alimentaires assur\u00e9es chaque mercredi par Linkee, \u00e0 la Halle Tropisme, sont pl\u00e9biscit\u00e9es par les \u00e9tudiants en&hellip;\n","protected":false},"author":2,"featured_media":334267,"comment_status":"","ping_status":"","sticky":false,"template":"","format":"standard","meta":{"footnotes":""},"categories":[9599],"tags":[1111,11,1777,674,1011,27,2208,12,2680,25],"class_list":{"0":"post-334266","1":"post","2":"type-post","3":"status-publish","4":"format-standard","5":"has-post-thumbnail","7":"category-montpellier","8":"tag-actu","9":"tag-actualites","10":"tag-eu","11":"tag-europe","12":"tag-fr","13":"tag-france","14":"tag-montpellier","15":"tag-news","16":"tag-occitanie","17":"tag-republique-francaise"},"share_on_mastodon":{"url":"https:\/\/pubeurope.com\/@fr\/115067635986403062","error":""},"_links":{"self":[{"href":"https:\/\/www.europesays.com\/fr\/wp-json\/wp\/v2\/posts\/334266","targetHints":{"allow":["GET"]}}],"collection":[{"href":"https:\/\/www.europesays.com\/fr\/wp-json\/wp\/v2\/posts"}],"about":[{"href":"https:\/\/www.europesays.com\/fr\/wp-json\/wp\/v2\/types\/post"}],"author":[{"embeddable":true,"href":"https:\/\/www.europesays.com\/fr\/wp-json\/wp\/v2\/users\/2"}],"replies":[{"embeddable":true,"href":"https:\/\/www.europesays.com\/fr\/wp-json\/wp\/v2\/comments?post=334266"}],"version-history":[{"count":0,"href":"https:\/\/www.europesays.com\/fr\/wp-json\/wp\/v2\/posts\/334266\/revisions"}],"wp:featuredmedia":[{"embeddable":true,"href":"https:\/\/www.europesays.com\/fr\/wp-json\/wp\/v2\/media\/334267"}],"wp:attachment":[{"href":"https:\/\/www.europesays.com\/fr\/wp-json\/wp\/v2\/media?parent=334266"}],"wp:term":[{"taxonomy":"category","embeddable":true,"href":"https:\/\/www.europesays.com\/fr\/wp-json\/wp\/v2\/categories?post=334266"},{"taxonomy":"post_tag","embeddable":true,"href":"https:\/\/www.europesays.com\/fr\/wp-json\/wp\/v2\/tags?post=334266"}],"curies":[{"name":"wp","href":"https:\/\/api.w.org\/{rel}","templated":true}]}}