{"id":334268,"date":"2025-08-21T16:12:21","date_gmt":"2025-08-21T16:12:21","guid":{"rendered":"https:\/\/www.europesays.com\/fr\/334268\/"},"modified":"2025-08-21T16:12:21","modified_gmt":"2025-08-21T16:12:21","slug":"ou-va-demenager-le-luna-park-pour-ouvrir-des-lete-2026","status":"publish","type":"post","link":"https:\/\/www.europesays.com\/fr\/334268\/","title":{"rendered":"o\u00f9 va d\u00e9m\u00e9nager le Luna Park pour ouvrir d\u00e8s l&rsquo;\u00e9t\u00e9 2026\u00a0?"},"content":{"rendered":"<p>            Par<br \/>\n        <strong><br \/>\n            <a href=\"https:\/\/actu.fr\/auteur\/jm-aubert\" title=\"Consulter tous les articles de Jean-Marc Aubert\" target=\"_blank\" rel=\"noopener\">Jean-Marc Aubert<\/a><br \/>\n        <\/strong><\/p>\n<p>        Publi\u00e9 le<\/p>\n<p>            21 ao\u00fbt 2025 \u00e0 16h57        <\/p>\n<p>Le <strong>Luna Park <\/strong>de<strong> Palavas-les-Flots<\/strong> va quitter son emplacement entre les ar\u00e8nes et la Salle Bleue, en raison de <strong>nuisances sonores<\/strong>\u00a0d\u00e9nonc\u00e9es par les riverains, a d\u00e9cid\u00e9 le maire.<\/p>\n<p class=\" wall-content\">Les attractions qui font la joie des petits et des grands, notamment des vacanciers qui s\u00e9journent dans la station baln\u00e9aire, au sud de Montpellier vont <strong>d\u00e9m\u00e9nager<\/strong> sur un terrain situ\u00e9 entre <strong>la piscine olympique<\/strong> du Pays de l\u2019Or et <strong>le parc du Levant Albert \u00c9douard<\/strong>, comme l\u2019indique ce jeudi 21 ao\u00fbt 2025 \u00e0 <strong>M\u00e9tropolitain<\/strong>, Michel Moxin, du cabinet de Christian Jeanjean.\u00a0<\/p>\n<p>    <a href=\"https:\/\/www.google.com\/maps\/embed?pb=!1m18!1m12!1m3!1d10177.556788206419!2d3.9287236997647397!3d43.53351635294562!2m3!1f0!2f0!3f0!3m2!1i1024!2i768!4f13.1!3m3!1m2!1s0x12b6baf5d5ec5057%3A0x84afcdf670576c30!2sParc%20du%20Levant%20Albert%20Edouard!5e0!3m2!1sfr!2sfr!4v1755768528235!5m2!1sfr!2sfr\" title=\"Ouvrie le lien\" target=\"_blank\" rel=\"noopener\">Cliquez ici pour visualiser le contenu<\/a><\/p>\n<p class=\" wall-content\">Cette foire qui sera modernis\u00e9e, avec de nouveaux man\u00e8ges et stands, soit entre 30 et 40 au total, n\u2019ira donc pas tr\u00e8s loin du site actuel, \u00e0 300m \u00e0 vol de mouettes et pourra ouvrir au public d\u00e8s l\u2019\u00e9t\u00e9 2026. \u00ab Le Luna Park ferme ce dimanche 31 ao\u00fbt et le chantier sera lanc\u00e9 le 15 septembre prochain \u00bb, assure Michel Moxin.\u00a0<\/p>\n<p>Plus que quelques soir\u00e9es<\/p>\n<p class=\" wall-content\">Plus que quelques soir\u00e9es pour profiter de la f\u00eate foraine de Palavas, qui a ouvert le 13 juin dernier, comme chaque saison estivale, de 19h \u00e0 1h. Man\u00e8ges, attractions, baraques foraines, stands gourmands avec l\u2019incontournable <strong>Barbe \u00e0 papa<\/strong> et animations sont au rendez-vous. Dans une ambiance conviviale, le Luna Park Palavas-les-Flots propose une multitude d\u2019<strong>attractions pour tous les \u00e2ges<\/strong>. Vous y retrouvez des man\u00e8ges embl\u00e9matiques de f\u00eate foraine, des jeux d\u2019adresse, des stands gourmands et bien d\u2019autres animations.<\/p>\n<p>Vid\u00e9os : en ce moment sur Actu<br \/>\n    <a href=\"https:\/\/www.facebook.com\/plugins\/post.php?href=https%3A%2F%2Fwww.facebook.com%2Fvilledepalavas%2Fposts%2Fpfbid0QYCRRy31Aj3JpnkXf3ke7sEmspwnuFLxMQmxu9kqyCr7zjRMjYYu4iDqspN8tC7hl&amp;show_text=true&amp;width=350\" title=\"Ouvrie le lien\" target=\"_blank\" rel=\"noopener\">Cliquez ici pour visualiser le contenu<\/a><\/p>\n<p class=\" wall-content\">Attractions \u00e0 sensations fortes, attractions familiales et pour enfants, stands de jeux d\u2019adresse, la <strong>p\u00eache aux canards<\/strong>, le tir \u00e0 la carabine pour d\u00e9crocher de beaux lots, des stands de gourmandises avec, au menu, de la Barbe \u00e0 papa vaporeuse, des pommes d\u2019amour rouges brillantes, des churros croustillants saupoudr\u00e9s de sucre, des gaufres chaudes napp\u00e9es de chocolat, des cr\u00eapes et des glaces artisanales.<\/p>\n<p>Votre r\u00e9gion, votre actu !<\/p>\n<p>Recevez chaque jour les infos qui comptent pour vous.<\/p>\n<p>\t<a href=\"https:\/\/actu.fr\/newsletter\" class=\"ac-btn ac-btn--corner ac-btn--medium ac-btn--blue800\" target=\"_blank\" rel=\"noopener\">S&rsquo;incrire<\/a><\/p>\n<p class=\" wall-content\"><strong>Tarifs :<\/strong> l\u2019entr\u00e9e du Luna Park de Palavas est libre et gratuite pour tous. Vous pouvez donc acc\u00e9der au parc d\u2019attractions sans billet d\u2019entr\u00e9e et vous promener parmi les man\u00e8ges librement. Seules les attractions elles-m\u00eames sont payantes, au tarif unitaire \u00e0 chaque tour, vous devez acheter un ticket. Les prix des man\u00e8ges varient en fonction de chaque attraction.\u00a0Acc\u00e8s et parking : avenue de l\u2019Abb\u00e9 Brocardi, 34250 Palavas-les-Flots.<\/p>\n<p class=\" wall-content\"><strong>Pour y\u00a0aller<\/strong>\u00a0: si vous n\u2019avez pas de v\u00e9hicule, une liaison en bus relie directement Montpellier \u00e0 Palavas-les-Flots. Il s\u2019agit de la ligne 631 du r\u00e9seau liO (ancien H\u00e9rault Transport) qui part de Montpellier (arr\u00eat tram \u201cGarcia Lorca\u201d ou \u201cPlace de France\u201d selon la ligne) et vous d\u00e9pose au centre de Palavas-les-Flots, \u00e0 deux pas du Luna Park.<\/p>\n<p class=\" wall-content\">Apr\u00e8s la fermeture du Luna Park, les festivit\u00e9s estivales se poursuivent \u00e0 Palavas, avec notamment d\u00e8s le vendredi 5 septembre, les <strong>Printani\u00e8res Automnales<\/strong>\u00a0organis\u00e9es \u00e9galement dans\u00a0d\u2019autres communes du Pays de l\u2019Or.<\/p>\n<p>    <a href=\"https:\/\/www.google.com\/maps\/embed?pb=!1m18!1m12!1m3!1d3621.410327142585!2d3.9263253664783773!3d43.530779128920415!2m3!1f0!2f0!3f0!3m2!1i1024!2i768!4f13.1!3m3!1m2!1s0x12b6ba5f744fadad%3A0xfd31d369ad653a4!2sLuna%20park%20Palavas!5e0!3m2!1sfr!2sfr!4v1755768482853!5m2!1sfr!2sfr\" title=\"Ouvrie le lien\" target=\"_blank\" rel=\"noopener\">Cliquez ici pour visualiser le contenu<\/a><\/p>\n<p>Parking payant<\/p>\n<p class=\" wall-content\">\u00c0 la place de l\u2019actuel Luna Park, avenue de l\u2019Abb\u00e9 Brocardi sera construit <strong>un parking d\u2019environ 600 places<\/strong>\u00a0qui sera <strong>payant<\/strong>, \u00e0 proximit\u00e9 des commerces du centre-ville. Deux p\u00e9titions ont \u00e9t\u00e9 lanc\u00e9es en 2024, l\u2019une par les riverains se plaignant de nuisances sonores dans cette p\u00e9riode de l\u2019ann\u00e9e, l\u2019autre par les partisans du Luna Park refusant son d\u00e9m\u00e9nagement. Le maire, Christian Jeanjean, a tranch\u00e9.<\/p>\n<p class=\" wall-content\">Personnalisez votre actualit\u00e9 en ajoutant vos villes et m\u00e9dias en favori avec <a href=\"https:\/\/moncompte.actu.fr\" title=\"D\u00e9couvez Mon Actu\" rel=\"nofollow noopener\" data-trk=\"{&quot;cta&quot;:{&quot;action&quot;:&quot;https:\\\/\\\/moncompte.actu.fr&quot;,&quot;category&quot;:&quot;mon compte&quot;,&quot;from&quot;:&quot;article footer&quot;,&quot;name&quot;:&quot;Mon actu&quot;,&quot;type&quot;:&quot;cta&quot;}}\" target=\"_blank\">Mon Actu<\/a>.<\/p>\n","protected":false},"excerpt":{"rendered":"Par Jean-Marc Aubert Publi\u00e9 le 21 ao\u00fbt 2025 \u00e0 16h57 Le Luna Park de Palavas-les-Flots va quitter son&hellip;\n","protected":false},"author":2,"featured_media":334269,"comment_status":"","ping_status":"","sticky":false,"template":"","format":"standard","meta":{"footnotes":""},"categories":[9599],"tags":[1111,11,1777,674,11501,1011,27,1652,2208,12,2680,25,3176],"class_list":{"0":"post-334268","1":"post","2":"type-post","3":"status-publish","4":"format-standard","5":"has-post-thumbnail","7":"category-montpellier","8":"tag-actu","9":"tag-actualites","10":"tag-eu","11":"tag-europe","12":"tag-fete-foraine","13":"tag-fr","14":"tag-france","15":"tag-loisirs-culture","16":"tag-montpellier","17":"tag-news","18":"tag-occitanie","19":"tag-republique-francaise","20":"tag-vacances-scolaires"},"share_on_mastodon":{"url":"https:\/\/pubeurope.com\/@fr\/115067639853342427","error":""},"_links":{"self":[{"href":"https:\/\/www.europesays.com\/fr\/wp-json\/wp\/v2\/posts\/334268","targetHints":{"allow":["GET"]}}],"collection":[{"href":"https:\/\/www.europesays.com\/fr\/wp-json\/wp\/v2\/posts"}],"about":[{"href":"https:\/\/www.europesays.com\/fr\/wp-json\/wp\/v2\/types\/post"}],"author":[{"embeddable":true,"href":"https:\/\/www.europesays.com\/fr\/wp-json\/wp\/v2\/users\/2"}],"replies":[{"embeddable":true,"href":"https:\/\/www.europesays.com\/fr\/wp-json\/wp\/v2\/comments?post=334268"}],"version-history":[{"count":0,"href":"https:\/\/www.europesays.com\/fr\/wp-json\/wp\/v2\/posts\/334268\/revisions"}],"wp:featuredmedia":[{"embeddable":true,"href":"https:\/\/www.europesays.com\/fr\/wp-json\/wp\/v2\/media\/334269"}],"wp:attachment":[{"href":"https:\/\/www.europesays.com\/fr\/wp-json\/wp\/v2\/media?parent=334268"}],"wp:term":[{"taxonomy":"category","embeddable":true,"href":"https:\/\/www.europesays.com\/fr\/wp-json\/wp\/v2\/categories?post=334268"},{"taxonomy":"post_tag","embeddable":true,"href":"https:\/\/www.europesays.com\/fr\/wp-json\/wp\/v2\/tags?post=334268"}],"curies":[{"name":"wp","href":"https:\/\/api.w.org\/{rel}","templated":true}]}}