{"id":334270,"date":"2025-08-21T16:13:11","date_gmt":"2025-08-21T16:13:11","guid":{"rendered":"https:\/\/www.europesays.com\/fr\/334270\/"},"modified":"2025-08-21T16:13:11","modified_gmt":"2025-08-21T16:13:11","slug":"la-figure-de-larchitecture-dinterieur-maxime-old-sexpose-a-rouen","status":"publish","type":"post","link":"https:\/\/www.europesays.com\/fr\/334270\/","title":{"rendered":"La figure de l&rsquo;architecture d&rsquo;int\u00e9rieur, Maxime Old, s&rsquo;expose \u00e0 Rouen"},"content":{"rendered":"<p>Il a marqu\u00e9 l&rsquo;architecture d&rsquo;int\u00e9rieur du XXe si\u00e8cle. Un hommage est rendu \u00e0 Maxime Old dans une nouvelle exposition au mus\u00e9e des Beaux-Arts de Rouen. Jusqu&rsquo;au 5 janvier 2026, l&rsquo;\u00e9tablissement met en lumi\u00e8re cette figure de l&rsquo;architecture d&rsquo;int\u00e9rieur fran\u00e7aise, disparue en 1991. <\/p>\n<p class=\"para r3\">\u00a0<\/p>\n<p>\u00ab\u00a0H\u00e9ritier de la grande tradition des arts d\u00e9coratifs fran\u00e7ais et form\u00e9 par Jacques-\u00c9mile Ruhlmann, Maxime Old allie \u00e9l\u00e9gance classique et fonctionnalit\u00e9 moderne. Son \u0153uvre, m\u00ealant confort, simplification des formes et sensualit\u00e9 des mat\u00e9riaux, constitue une \u00e9tape cl\u00e9 des arts d\u00e9coratifs fran\u00e7ais du XXe si\u00e8cle\u00a0\u00bb, rappelle le mus\u00e9e, qui a imagin\u00e9 un parcours immersif pour pr\u00e9senter son travail. <\/p>\n<p class=\"para r3\">\u00a0<\/p>\n<p>Le d\u00e9corateur d&rsquo;int\u00e9rieur, tr\u00e8s actif, a travaill\u00e9 sur le paquebot France, dans plusieurs ambassades, pour des entreprises, des h\u00f4tels mais aussi pour un palais pr\u00e9sidentiel en Tunisie. Il a \u00e9galement dessin\u00e9 une s\u00e9rie   <\/p>\n<p>Il vous reste 77% \u00e0 d\u00e9couvrir.<\/p>\n","protected":false},"excerpt":{"rendered":"Il a marqu\u00e9 l&rsquo;architecture d&rsquo;int\u00e9rieur du XXe si\u00e8cle. Un hommage est rendu \u00e0 Maxime Old dans une nouvelle&hellip;\n","protected":false},"author":2,"featured_media":334271,"comment_status":"","ping_status":"","sticky":false,"template":"","format":"standard","meta":{"footnotes":""},"categories":[9587],"tags":[1111,11,1777,674,1011,27,12,5161,25,9590],"class_list":{"0":"post-334270","1":"post","2":"type-post","3":"status-publish","4":"format-standard","5":"has-post-thumbnail","7":"category-rouen","8":"tag-actu","9":"tag-actualites","10":"tag-eu","11":"tag-europe","12":"tag-fr","13":"tag-france","14":"tag-news","15":"tag-normandie","16":"tag-republique-francaise","17":"tag-rouen"},"share_on_mastodon":{"url":"https:\/\/pubeurope.com\/@fr\/115067643796791916","error":""},"_links":{"self":[{"href":"https:\/\/www.europesays.com\/fr\/wp-json\/wp\/v2\/posts\/334270","targetHints":{"allow":["GET"]}}],"collection":[{"href":"https:\/\/www.europesays.com\/fr\/wp-json\/wp\/v2\/posts"}],"about":[{"href":"https:\/\/www.europesays.com\/fr\/wp-json\/wp\/v2\/types\/post"}],"author":[{"embeddable":true,"href":"https:\/\/www.europesays.com\/fr\/wp-json\/wp\/v2\/users\/2"}],"replies":[{"embeddable":true,"href":"https:\/\/www.europesays.com\/fr\/wp-json\/wp\/v2\/comments?post=334270"}],"version-history":[{"count":0,"href":"https:\/\/www.europesays.com\/fr\/wp-json\/wp\/v2\/posts\/334270\/revisions"}],"wp:featuredmedia":[{"embeddable":true,"href":"https:\/\/www.europesays.com\/fr\/wp-json\/wp\/v2\/media\/334271"}],"wp:attachment":[{"href":"https:\/\/www.europesays.com\/fr\/wp-json\/wp\/v2\/media?parent=334270"}],"wp:term":[{"taxonomy":"category","embeddable":true,"href":"https:\/\/www.europesays.com\/fr\/wp-json\/wp\/v2\/categories?post=334270"},{"taxonomy":"post_tag","embeddable":true,"href":"https:\/\/www.europesays.com\/fr\/wp-json\/wp\/v2\/tags?post=334270"}],"curies":[{"name":"wp","href":"https:\/\/api.w.org\/{rel}","templated":true}]}}