{"id":334272,"date":"2025-08-21T16:14:15","date_gmt":"2025-08-21T16:14:15","guid":{"rendered":"https:\/\/www.europesays.com\/fr\/334272\/"},"modified":"2025-08-21T16:14:15","modified_gmt":"2025-08-21T16:14:15","slug":"cest-navrant-le-fc-rouen-sapprete-a-disputer-un-troisieme-match-de-suite-a-domicile-sans-aucun-supporter","status":"publish","type":"post","link":"https:\/\/www.europesays.com\/fr\/334272\/","title":{"rendered":"\u00ab\u00a0C&rsquo;est navrant\u00a0\u00bb : le FC Rouen s&rsquo;appr\u00eate \u00e0 disputer un troisi\u00e8me match de suite \u00e0 domicile sans aucun supporter"},"content":{"rendered":"<p>Le FC Rouen dispute ce vendredi 22 ao\u00fbt son troisi\u00e8me match de suite \u00e0 domicile \u00e0 huis clos. Cela a des cons\u00e9quences financi\u00e8res, mais aussi sportives, jugent les acteurs du jeu.<\/p>\n<p>Apr\u00e8s la r\u00e9ception du <strong>Paris 13 Atletico<\/strong> (2-2, le 9 mai dernier) et du <strong>FC Fleury<\/strong> (0-0, le 8 ao\u00fbt), le FC Rouen va jouer pour la troisi\u00e8me fois de suite un match \u00e0 domicile sans aucun spectateur, ce vendredi 22 ao\u00fbt, \u00e0 l&rsquo;occasion de la r\u00e9ception du FC Sochaux-Montb\u00e9liard. La faute \u00e0 une <strong>sanction<\/strong> suite au match disput\u00e9 contre le voisin quevillais, le 18 avril dernier, lors duquel un arbitre avait notamment \u00e9t\u00e9 touch\u00e9 par un <strong>projectile<\/strong> lanc\u00e9 de la tribune Lenoble, r\u00e9serv\u00e9e aux supporters rouennais, malgr\u00e9 la position de club visiteurs du FCR ce soir-l\u00e0.<\/p>\n<p>Le FC Rouen avait donc \u00e9t\u00e9 sanctionn\u00e9 de trois matches \u00e0 huis clos. Le dernier sera purg\u00e9 ce vendredi soir. Mais le FCR est malheureusement un <strong>habitu\u00e9<\/strong>. La saison derni\u00e8re, outre le match contre Paris, les Diables Rouges avaient d\u00e9j\u00e0 \u00e9volu\u00e9 sans public contre <strong>Nancy<\/strong> (2-2) et <strong>Concarneau<\/strong> (4-3). Quatre matches en un an, bient\u00f4t cinq, et trois qui n&rsquo;ont donc pas \u00e9t\u00e9 gagn\u00e9s par le FCR.<\/p>\n<p>\u00ab\u00a020% d&rsquo;influence\u00a0\u00bb<\/p>\n<p>Y aurait-il <strong>un lien entre les performances du club et le manque de public<\/strong>\u00a0? \u00c0 en croire les acteurs du jeu, oui. Valentin Fuss, attaquant arriv\u00e9 cet \u00e9t\u00e9 \u00e0 Rouen et qui a jou\u00e9 25 minutes sans public contre Fleury, estime que \u00ab\u00a0ce sont des conditions particuli\u00e8res\u00a0\u00bb. \u00ab\u00a0Il faut savoir jouer avec, m\u00eame si ce n&rsquo;est pas le top pour nous.\u00a0\u00bb Lui avait regard\u00e9 sur Internet des images de l&rsquo;ambiance du stade Diochon, \u00ab\u00a0contre Quevilly, sourit-il. Des images tr\u00e8s belles, une ambiance exceptionnelle. On m&rsquo;en a beaucoup parl\u00e9, surtout avant que je signe.\u00a0\u00bb Selon lui, l&rsquo;absence de public peut jouer \u00ab\u00a0dans des fins de matches, quand il y a 0-0 ou 1-1, si les supporters poussent, c&rsquo;est un plus.\u00a0\u00bb Typiquement, l&rsquo;exemple du match contre Fleury, quand il a jou\u00e9 une petite demi-heure\u00a0: \u00ab\u00a0Le <strong>douzi\u00e8me homme aurait pu nous faire prendre ces trois points<\/strong>, c&rsquo;est ind\u00e9niable.\u00a0\u00bb<\/p>\n<p>L&rsquo;entra\u00eeneur, R\u00e9gis Brouard, ne dit pas autre chose\u00a0: \u00ab\u00a0Contre Fleury, les 15 ou 20 derni\u00e8res minutes, on a pris le dessus sur l&rsquo;aspect athl\u00e9tique. Avec le public, on aurait un peu plus pouss\u00e9. M\u00eame si parfois, cela peut nous d\u00e9sorganiser, mais cela met la pression sur l&rsquo;adversaire, sur les situations arr\u00eat\u00e9es, sur les centres, cela nous aide. <strong>Je suis persuad\u00e9 qu&rsquo;on aurait pu&#8230; d\u00fb gagner ce match<\/strong>. Cela pousse l&rsquo;\u00e9quipe dans les moments difficiles, on est plus concentr\u00e9s, par le jugement du public.\u00a0\u00bb Selon lui, <strong>20% d&rsquo;un match<\/strong> environ peut se jouer avec le public. \u00ab\u00a0Rien que quand vous arrivez au stade\u00a0: <strong>il n&rsquo;y a personne, c&rsquo;est mort<\/strong>&#8230;\u00a0\u00bb Brouard l&rsquo;avoue volontiers, il se nourrit aussi de l&rsquo;ambiance\u00a0: \u00ab\u00a0j&rsquo;ai besoin de cette adr\u00e9naline, <strong>je suis en manque<\/strong>. Il y a une forme d&rsquo;\u00e9nergie que je peux amener \u00e0 mon \u00e9quipe. C&rsquo;est p\u00e9nible.\u00a0\u00bb<\/p>\n<p>Sans parler des consignes donn\u00e9es aux joueurs, qui sont potentiellement \u00e9pi\u00e9es par le staff adverse, ce qui ne tombe pas dans l&rsquo;oreille d&rsquo;un sourd. \u00ab\u00a0Je peux vous assurer que cela me traverse l&rsquo;esprit, en sourit le coach rouennais, \u00ab\u00a0mais qu&rsquo;est-ce ce que vous voulez faire&#8230;\u00a0\u00bb<\/p>\n<p>\u00c0 lire aussi   <img decoding=\"async\" src=\"https:\/\/www.europesays.com\/fr\/wp-content\/uploads\/2025\/08\/1755792854_253_560x315\" alt=\"R\u00e9gis Brouard, l'entra\u00eeneur du FC Rouen\" style=\"--_image-preview:url('data:image\/jpeg;base64,\/9j\/2wBDACgcHiMeGSgjISMtKygwPGRBPDc3PHtYXUlkkYCZlo+AjIqgtObDoKrarYqMyP\/L2u71\/\/\/\/m8H\/\/\/\/6\/+b9\/\/j\/2wBDASstLTw1PHZBQXb4pYyl+Pj4+Pj4+Pj4+Pj4+Pj4+Pj4+Pj4+Pj4+Pj4+Pj4+Pj4+Pj4+Pj4+Pj4+Pj4+Pj4+Pj\/wAARCAAXACoDASIAAhEBAxEB\/8QAGAABAAMBAAAAAAAAAAAAAAAAAAECAwT\/xAAXEAEBAQEAAAAAAAAAAAAAAAAAAQIR\/8QAFwEBAQEBAAAAAAAAAAAAAAAAAgADAf\/EABYRAQEBAAAAAAAAAAAAAAAAAAABEf\/aAAwDAQACEQMRAD8A7bWeqnWmWtNNDDVZ6prTO0LXTVV6Wq9BOu6Z3QNUpapaA1K2o6AJ\/9k=');\" loading=\"lazy\" fetchpriority=\"low\" aria-hidden=\"true\" class=\"svelte-1pnmlwx rounded\" onload=\"this.__e=event\" onerror=\"this.__e=event\"\/>\u00ab\u00a0On vend un projet avec du public\u00a0\u00bb<\/p>\n<p>Il n&rsquo;y a pas que le volet sportif qui est impact\u00e9. \u00ab\u00a0Quand <strong>on vend le projet de Rouen, on vend souvent la ferveur du public<\/strong>\u00ab\u00a0, d\u00e9taille l&rsquo;entra\u00eeneur. \u00ab\u00a0Tous les quinze jours, vous allez jouer devant 4 \u00e0 6.000 personnes.\u00a0\u00bb Les recrues ne verront ainsi du public \u00e0 Diochon que le 6 septembre prochain, contre Ch\u00e2teauroux. Tout comme le public, priv\u00e9 de son \u00e9quipe\u00a0:\u00a0\u00ab\u00a0Les joueurs m&rsquo;en parlent, d\u00e9taille Brouard, mais aussi les gens que je peux croiser dans la rue. Ils ne peuvent pas venir au stade. Ils ne peuvent pas venir passer une soir\u00e9e avec nous. C&rsquo;est p\u00e9nible.\u00a0\u00bb<\/p>\n<p>\u00ab\u00a0<strong>J&rsquo;en veux \u00e0 la personne qui a fait \u00e7a et aux sanctions trop s\u00e9v\u00e8res<\/strong>. Quatre matches \u00e0 huis clos pour un club de National, cela fait beaucoup. On parle beaucoup des soucis financiers du football en France. L\u00e0, vous enlevez u<strong>ne recette au club, importante pour la structure, le d\u00e9veloppement.<\/strong> C&rsquo;est navrant.\u00a0\u00bb ICI Normandie \u00e9value \u00e0 <a class=\"IciLink ici-link IciArticleLink g-ici-body-regular-1 underline brand svelte-lu7k6w\" href=\"https:\/\/www.francebleu.fr\/infos\/economie-social\/buvette-billetterie-espace-vip-quelles-consequences-pour-le-fc-rouen-en-jouant-a-huis-clos-4306020\" rel=\"nofollow noopener\" target=\"_blank\"><strong>30 \u00e0 40.000 euros la perte financi\u00e8re<\/strong><\/a>\u00a0pour chaque match \u00e0 domicile \u00e0 huis clos \u00e0 Rouen. Ce sujet <strong>emb\u00eate aussi beaucoup la direction du club<\/strong>, qui esp\u00e8re tr\u00e8s vite retrouver les supporters lors du match contre Ch\u00e2teauroux, mais surtout, ne plus avoir ce genre de probl\u00e8mes.<\/p>\n<p>\u00c0 lire aussi   <img decoding=\"async\" src=\"https:\/\/www.europesays.com\/fr\/wp-content\/uploads\/2025\/08\/1755792855_726_560x315\" alt=\"Le FC Rouen joue contre Fleury 91 ce vendredi soir \u00e0 Diochon.\" style=\"--_image-preview:url('data:image\/jpeg;base64,\/9j\/2wBDACgcHiMeGSgjISMtKygwPGRBPDc3PHtYXUlkkYCZlo+AjIqgtObDoKrarYqMyP\/L2u71\/\/\/\/m8H\/\/\/\/6\/+b9\/\/j\/2wBDASstLTw1PHZBQXb4pYyl+Pj4+Pj4+Pj4+Pj4+Pj4+Pj4+Pj4+Pj4+Pj4+Pj4+Pj4+Pj4+Pj4+Pj4+Pj4+Pj4+Pj\/wAARCAAXACoDASIAAhEBAxEB\/8QAFwABAQEBAAAAAAAAAAAAAAAAAAEDBP\/EABcQAQEBAQAAAAAAAAAAAAAAAAASAQL\/xAAVAQEBAAAAAAAAAAAAAAAAAAAAAf\/EABURAQEAAAAAAAAAAAAAAAAAAAAR\/9oADAMBAAIRAxEAPwDppaY0UlG1LTGktaN6W3PZaUZUUCKUm9AIlJQA\/9k=');\" loading=\"lazy\" fetchpriority=\"low\" aria-hidden=\"true\" class=\"svelte-1pnmlwx rounded\" onload=\"this.__e=event\" onerror=\"this.__e=event\"\/><\/p>\n","protected":false},"excerpt":{"rendered":"Le FC Rouen dispute ce vendredi 22 ao\u00fbt son troisi\u00e8me match de suite \u00e0 domicile \u00e0 huis clos.&hellip;\n","protected":false},"author":2,"featured_media":334273,"comment_status":"","ping_status":"","sticky":false,"template":"","format":"standard","meta":{"footnotes":""},"categories":[9587],"tags":[1111,11,1777,674,1011,27,12,5161,25,9590],"class_list":{"0":"post-334272","1":"post","2":"type-post","3":"status-publish","4":"format-standard","5":"has-post-thumbnail","7":"category-rouen","8":"tag-actu","9":"tag-actualites","10":"tag-eu","11":"tag-europe","12":"tag-fr","13":"tag-france","14":"tag-news","15":"tag-normandie","16":"tag-republique-francaise","17":"tag-rouen"},"share_on_mastodon":{"url":"https:\/\/pubeurope.com\/@fr\/115067647834593990","error":""},"_links":{"self":[{"href":"https:\/\/www.europesays.com\/fr\/wp-json\/wp\/v2\/posts\/334272","targetHints":{"allow":["GET"]}}],"collection":[{"href":"https:\/\/www.europesays.com\/fr\/wp-json\/wp\/v2\/posts"}],"about":[{"href":"https:\/\/www.europesays.com\/fr\/wp-json\/wp\/v2\/types\/post"}],"author":[{"embeddable":true,"href":"https:\/\/www.europesays.com\/fr\/wp-json\/wp\/v2\/users\/2"}],"replies":[{"embeddable":true,"href":"https:\/\/www.europesays.com\/fr\/wp-json\/wp\/v2\/comments?post=334272"}],"version-history":[{"count":0,"href":"https:\/\/www.europesays.com\/fr\/wp-json\/wp\/v2\/posts\/334272\/revisions"}],"wp:featuredmedia":[{"embeddable":true,"href":"https:\/\/www.europesays.com\/fr\/wp-json\/wp\/v2\/media\/334273"}],"wp:attachment":[{"href":"https:\/\/www.europesays.com\/fr\/wp-json\/wp\/v2\/media?parent=334272"}],"wp:term":[{"taxonomy":"category","embeddable":true,"href":"https:\/\/www.europesays.com\/fr\/wp-json\/wp\/v2\/categories?post=334272"},{"taxonomy":"post_tag","embeddable":true,"href":"https:\/\/www.europesays.com\/fr\/wp-json\/wp\/v2\/tags?post=334272"}],"curies":[{"name":"wp","href":"https:\/\/api.w.org\/{rel}","templated":true}]}}